{"id":21090,"date":"2023-06-18T08:00:47","date_gmt":"2023-06-18T06:00:47","guid":{"rendered":"https:\/\/www.generationsanstabac.org\/actualites\/lirlande-et-lecosse-considerent-a-leur-tour-avec-interet-les-avertissements-sanitaires-sur-les-cigarettes\/"},"modified":"2023-06-18T08:00:47","modified_gmt":"2023-06-18T06:00:47","slug":"lirlande-et-lecosse-considerent-a-leur-tour-avec-interet-les-avertissements-sanitaires-sur-les-cigarettes","status":"publish","type":"actualites","link":"https:\/\/www.generationsanstabac.org\/fr\/actualites\/lirlande-et-lecosse-considerent-a-leur-tour-avec-interet-les-avertissements-sanitaires-sur-les-cigarettes\/","title":{"rendered":"L\u2019Irlande et l\u2019Ecosse consid\u00e8rent \u00e0 leur tour avec int\u00e9r\u00eat les avertissements sanitaires sur les cigarettes"},"content":{"rendered":"<p><em>Apr\u00e8s l\u2019annonce par le gouvernement canadien d\u2019instaurer des messages sanitaires sur le papier des cigarettes, le ministre irlandais de la Sant\u00e9 s\u2019est d\u00e9clar\u00e9 attentif \u00e0 une telle mesure. Des acteurs de sant\u00e9 \u00e9cossais pr\u00f4nent \u00e9galement cette option.<\/em><\/p>\n<p>Le 31 mai 2023, \u00e0 l\u2019occasion de la Journ\u00e9e mondiale sans tabac, le Canada pr\u00e9sentait le lancement de sa <a href=\"https:\/\/www.generationsanstabac.org\/actualites\/le-canada-adopte-des-avertissements-sanitaires-sur-les-cigarettes\/\">nouvelle mesure<\/a>-phare de lutte contre le tabagisme : l\u2019inscription d\u2019avertissements sanitaires sur chaque cigarette, cigare ou cigarillo. La mesure entre en vigueur au 1<sup>er<\/sup> ao\u00fbt 2023, sa mise en \u0153uvre devant survenir entre le 31 juillet 2024 et le 30 avril 2025. Six types de messages sont d\u00e9j\u00e0 formul\u00e9s, alertant par exemple sur le fait que <em>\u00ab La cigarette provoque la leuc\u00e9mie \u00bb<\/em> et qu\u2019elle contient <em>\u00ab Du poison dans chaque bouff\u00e9e \u00bb<\/em>.<\/p>\n<p>Cette annonce a r\u00e9sonn\u00e9 comme un signal et incite d\u2019autres pays \u00e0 s\u2019emparer de cette mesure. En Irlande et en Ecosse, des voix s\u2019\u00e9l\u00e8vent pour la r\u00e9clamer.<\/p>\n<h2><strong>L\u2019Irlande int\u00e9ress\u00e9e par la proposition d&rsquo;avertissements sanitaires<\/strong><\/h2>\n<p>Stephen Donelly, le ministre de la Sant\u00e9 irlandais, a ainsi montr\u00e9 le plus grand int\u00e9r\u00eat pour ces avertissements sanitaires appos\u00e9s sur les cigarettes elles-m\u00eames, comme pour <em>\u00ab tout ce que nous pourrions faire pour r\u00e9duire le tabagisme dans notre pays \u00bb<a href=\"#_ftn1\" name=\"_ftnref1\"><strong>[1]<\/strong><\/a><\/em>. Il attend toutefois les premiers r\u00e9sultats de l\u2019exp\u00e9rience canadienne avant d\u2019aller plus loin sur ce plan, rappelant que la priorit\u00e9 du moment, en Irlande, est l\u2019interdiction des produits de vapotage au moins de 18 ans.<\/p>\n<h2><strong>Une mesure qui en compl\u00e8te d\u2019autres, pour l\u2019Ecosse<\/strong><\/h2>\n<p>L\u2019id\u00e9e d\u2019inscrire des avertissements sanitaires sur les cigarettes a aussi \u00e9t\u00e9 soumise au gouvernement \u00e9cossais, alors que celui-ci pr\u00e9pare son prochain plan d\u2019action contre le tabagisme. <em>\u00ab Retirer la nicotine des cigarettes, ajouter des avertissements sanitaires sur les cigarettes, r\u00e9duire la visibilit\u00e9 et la disponibilit\u00e9 des produits du tabac, mettre en place des campagnes de sensibilisation bas\u00e9es sur la preuve scientifique pour motiver les fumeurs \u00e0 arr\u00eater de fumer et augmenter l\u2019accessibilit\u00e9 \u00e0 un soutien personnalis\u00e9 aux groupes pr\u00e9sentant une forte pr\u00e9valence tabagique sont juste quelques unes des mesures qui m\u00e9ritent la plus grande consid\u00e9ration \u00bb,<\/em> a d\u00e9clar\u00e9 Sheila Duffy, directrice de Action on Smoking and Health (ASH) Scotland, pour appuyer cette requ\u00eate<a href=\"#_ftn2\" name=\"_ftnref2\">[2]<\/a>. Elle a rappel\u00e9 que l\u2019ensemble de ces mesures devrait \u00eatre mis en \u0153uvre pour r\u00e9duire encore le tabagisme et parvenir en 2034 \u00e0 une g\u00e9n\u00e9ration sans tabac, pr\u00e9lude \u00e0 une \u00ab Ecosse sans tabac \u00bb<a href=\"#_ftn3\" name=\"_ftnref3\">[3]<\/a>.<\/p>\n<p>Avec l\u2019Australie et la Nouvelle-Z\u00e9lande, qui envisagent aussi d\u2019apposer des messages sanitaires sur les cigarettes, l\u2019Irlande et l\u2019Ecosse font partie des pays les plus en pointe en mati\u00e8re de lutte contre le tabagisme et s\u2019\u00e9taient distingu\u00e9es, au d\u00e9but des ann\u00e9es 2000, en interdisant de fumer dans les lieux publics. En France, le Comit\u00e9 national contre le tabagisme (CNCT) avait \u00e9galement inclus la proposition d\u2019avertissements sanitaires sur les cigarettes dans une \u00e9tude publi\u00e9e en 2015, et l\u2019a renouvel\u00e9e dans un livre blanc publi\u00e9 en 2023<a href=\"#_ftn4\" name=\"_ftnref4\">[4]<\/a>.<\/p>\n<p><strong>Mots-cl\u00e9s : Irlande, Ecosse, avertissements sanitaires, papier des cigarettes.<\/strong><\/p>\n<p><strong><a href=\"https:\/\/www.generationsanstabac.org\/\">\u00a9G\u00e9n\u00e9ration Sans Tabac<\/a><\/strong><\/p>\n<p style=\"text-align: right;\"><em><strong>MF<\/strong><\/em><\/p>\n<p><a href=\"#_ftnref1\" name=\"_ftn1\">[1]<\/a> Molony S, <a href=\"https:\/\/www.independent.ie\/irish-news\/health-warnings-on-each-individual-cigarette-could-be-on-the-way-here-after-canadian-move\/a1818349072.html\"><em>Health warnings on each individual cigarette could be on the way here after Canadian move<\/em><\/a>, Independent, publi\u00e9 le 9 juin 2023, consult\u00e9 le 12 juin 2023.<\/p>\n<p><a href=\"#_ftnref2\" name=\"_ftn2\">[2]<\/a> <a href=\"https:\/\/www.ashscotland.org.uk\/news-and-events\/news\/2023\/06\/ash-scotland-urges-the-scottish-government-to-ensure-its-refreshed-tobacco-action-plan-is-both-bold-and-ambitious\/\"><em>ASH Scotland urges the Scottish Government to ensure its refreshed Tobacco Action Plan is both bold and ambitious<\/em><\/a>, ASH Scotland, publi\u00e9 le 9 juin 2023, consult\u00e9 le 12 juin 2023.<\/p>\n<p><a href=\"#_ftnref3\" name=\"_ftn3\">[3]<\/a> <a href=\"https:\/\/www.ireland-live.ie\/news\/scotland\/1190886\/health-warnings-should-be-on-individual-cigarettes-campaigners-urge.html\"><em>Health warnings should be on individual cigarettes, campaigners urge<\/em><\/a>, Irelande Live, publi\u00e9 le 9 juin 2023, consult\u00e9 le 12 juin 2023.<\/p>\n<p><a href=\"#_ftnref4\" name=\"_ftn4\">[4]<\/a> CNCT, <em><a href=\"https:\/\/cnct.fr\/wp-content\/uploads\/2023\/05\/CNCT_Livre_Blanc.pdf\">Parvenir \u00e0 une g\u00e9n\u00e9ration sans tabac, Contribution de la soci\u00e9t\u00e9 civile, Livre blanc et propositions pour le Plan national de lutte contre le tabac 2023-2027<\/a><\/em>, 2023, 31 p.<\/p>\n<p><strong><a href=\"http:\/\/www.cnct.fr\/\" target=\"_blank\" rel=\"noopener noreferrer\">Comit\u00e9 national contre le tabagisme |<\/a><\/strong><\/p>\n","protected":false},"excerpt":{"rendered":"<p>Apr\u00e8s l\u2019annonce par le gouvernement canadien d\u2019instaurer des messages sanitaires sur le papier des cigarettes, le ministre irlandais de la Sant\u00e9 s\u2019est d\u00e9clar\u00e9 attentif \u00e0 une telle mesure. Des acteurs de sant\u00e9 \u00e9cossais pr\u00f4nent \u00e9galement cette option. Le 31 mai 2023, \u00e0 l\u2019occasion de la Journ\u00e9e mondiale sans tabac, le Canada pr\u00e9sentait le lancement de [&hellip;]<\/p>\n","protected":false},"featured_media":11603,"template":"","tags":[],"thematique":[491,474],"class_list":["post-21090","actualites","type-actualites","status-publish","has-post-thumbnail","hentry","thematique-politiques-publiques","thematique-sante"],"acf":[],"_links":{"self":[{"href":"https:\/\/www.generationsanstabac.org\/fr\/wp-json\/wp\/v2\/actualites\/21090","targetHints":{"allow":["GET"]}}],"collection":[{"href":"https:\/\/www.generationsanstabac.org\/fr\/wp-json\/wp\/v2\/actualites"}],"about":[{"href":"https:\/\/www.generationsanstabac.org\/fr\/wp-json\/wp\/v2\/types\/actualites"}],"version-history":[{"count":0,"href":"https:\/\/www.generationsanstabac.org\/fr\/wp-json\/wp\/v2\/actualites\/21090\/revisions"}],"wp:featuredmedia":[{"embeddable":true,"href":"https:\/\/www.generationsanstabac.org\/fr\/wp-json\/wp\/v2\/media\/11603"}],"wp:attachment":[{"href":"https:\/\/www.generationsanstabac.org\/fr\/wp-json\/wp\/v2\/media?parent=21090"}],"wp:term":[{"taxonomy":"post_tag","embeddable":true,"href":"https:\/\/www.generationsanstabac.org\/fr\/wp-json\/wp\/v2\/tags?post=21090"},{"taxonomy":"thematique","embeddable":true,"href":"https:\/\/www.generationsanstabac.org\/fr\/wp-json\/wp\/v2\/thematique?post=21090"}],"curies":[{"name":"wp","href":"https:\/\/api.w.org\/{rel}","templated":true}]}}