{"id":21089,"date":"2023-06-21T08:00:51","date_gmt":"2023-06-21T06:00:51","guid":{"rendered":"https:\/\/www.generationsanstabac.org\/actualites\/en-seine-et-marne-un-partenariat-entre-letat-et-les-buralistes-qui-interroge\/"},"modified":"2023-06-21T08:00:51","modified_gmt":"2023-06-21T06:00:51","slug":"en-seine-et-marne-un-partenariat-entre-letat-et-les-buralistes-qui-interroge","status":"publish","type":"actualites","link":"https:\/\/www.generationsanstabac.org\/fr\/actualites\/en-seine-et-marne-un-partenariat-entre-letat-et-les-buralistes-qui-interroge\/","title":{"rendered":"En Seine-et-Marne, un partenariat entre l\u2019Etat et les buralistes qui interroge"},"content":{"rendered":"<p style=\"text-align: justify;\"><em>Un partenariat entre pouvoirs publics et buralistes sign\u00e9 en Seine-et-Marne le 1<sup>er<\/sup> juin 2023 vise \u00e0 s\u00e9curiser le circuit de vente du tabac. Au-del\u00e0 des attentions tr\u00e8s particuli\u00e8res dont font preuve les autorit\u00e9s pour cette profession, l\u2019efficacit\u00e9 de cette strat\u00e9gie pose question.<\/em><\/p>\n<p style=\"text-align: justify;\">Sensibiliser les buralistes sur la s\u00e9curit\u00e9, s\u00e9curiser les d\u00e9bits de tabac contre les agressions et les vols, et accentuer la coop\u00e9ration entre les diff\u00e9rentes parties, ces trois volets \u00e9taient au c\u0153ur du partenariat sign\u00e9 le 1<sup>er<\/sup> juin entre la d\u00e9l\u00e9gation de Seine-et-Marne de la Conf\u00e9d\u00e9ration des buralistes et plusieurs repr\u00e9sentants de l\u2019autorit\u00e9 publique<a href=\"#_ftn1\" name=\"_ftnref1\">[1]<\/a>. Parmi ces derniers, on comptait le pr\u00e9fet de Seine-et-Marne, le procureur de la R\u00e9publique de Meaux, le directeur d\u00e9partemental de la s\u00e9curit\u00e9 publique, le commandant du groupement de gendarmerie d\u00e9partementale et le directeur r\u00e9gional des douanes de Paris-Est.<\/p>\n<h2 style=\"text-align: justify;\"><strong>Renforcement de la protection des buralistes <\/strong><\/h2>\n<p style=\"text-align: justify;\">Cette convention d\u00e9partementale de partenariat pr\u00e9voit des actions de sensibilisation sur les comportements \u00e0 tenir en cas d\u2019agression. Pour s\u00e9curiser leur d\u00e9bit de tabacs, les buralistes recevront des conseils des forces de police afin de renforcer leur niveau de protection et feront l\u2019objet d\u2019op\u00e9rations de s\u00e9curisation cibl\u00e9es.<\/p>\n<p style=\"text-align: justify;\">Les buralistes sont \u00e9galement appel\u00e9s \u00e0 collaborer avec les Douanes pour lutter contre le trafic et le commerce parall\u00e8le de tabac. Ils sont par ailleurs invit\u00e9s \u00e0 renseigner sur l\u2019application \u00ab Stop trafic tabac \u00bb les actions de contrebande qu\u2019ils constatent, ainsi qu\u2019\u00e0 signaler toute activit\u00e9 de vente illicite de tabac (ventes en \u00e9piceries de nuit, ventes illicites de tabac \u00e0 chicha, \u00ab Uber tabac \u00bb\u2026).<\/p>\n<h2 style=\"text-align: justify;\"><strong>Silence sur le r\u00f4le des industriels du tabac dans les achats hors r\u00e9seau<\/strong><\/h2>\n<p style=\"text-align: justify;\">Le 6 d\u00e9cembre 2022, le ministre d\u00e9l\u00e9gu\u00e9 aux comptes publics, Gabriel Attal, pr\u00e9sentait un \u00ab Plan Tabac 2023-2025 \u00bb, qui annon\u00e7ait un <a href=\"https:\/\/www.generationsanstabac.org\/actualites\/gabriel-attal-annonce-un-nouveau-plan-de-lutte-contre-les-ventes-illicites-de-tabac\/\">renfort cons\u00e9quent<\/a> des moyens et des \u00e9quipements des Douanes pour lutter contre le commerce illicite de tabac. Le 17 janvier 2023, ce m\u00eame ministre d\u00e9l\u00e9gu\u00e9 signait avec la Conf\u00e9d\u00e9ration des Buralistes un <a href=\"https:\/\/www.generationsanstabac.org\/actualites\/le-gouvernement-francais-octroie-290-millions-deuros-daides-supplementaires-aux-buralistes\/\">plan de transformation<\/a> de la profession de buralistes, prolongeant sur cinq ans et de 290 millions d\u2019euros les aides d\u2019Etat \u00e0 cette profession.<\/p>\n<p style=\"text-align: justify;\">Comme les industriels du tabac, les buralistes sugg\u00e8rent de r\u00e9duire les taxes pour limiter la contrebande, alors que celle-ci pourrait \u00eatre enray\u00e9e par la stricte application du Protocole pour \u00e9liminer le commerce illicite des produits du tabac. Et comme les industriels du tabac, ils tendent \u00e0 surestimer la part des cigarettes de contrefa\u00e7on et de contrebande, alors que les trois quarts des achats de tabac hors du r\u00e9seau des buralistes sont constitu\u00e9s d\u2019achats transfrontaliers qui r\u00e9sultent du sur-approvisionnement de ces march\u00e9s par les fabricants de tabac.<\/p>\n<p style=\"text-align: justify;\">Les buralistes ne soul\u00e8vent cependant pas cette question du sur-approvisionnement des d\u00e9bits de tabac frontaliers, qu\u2019il s\u2019agisse de la Belgique, du Luxembourg ou d\u2019Andorre. Les buralistes n\u2019\u00e9voquent jamais non plus le fait que, sauf exception, les cigarettes circulant sur les march\u00e9s parall\u00e8les proviennent des usines des cigarettiers.<\/p>\n<p style=\"text-align: justify;\">L\u2019attitude des pouvoirs publics, qui disposent des donn\u00e9es sur le r\u00f4le majeur de l\u2019industrie du tabac dans ces march\u00e9s parall\u00e8les sans y donner de suites, interroge \u00e9galement. A cela s\u2019ajoute une forme d\u2019impunit\u00e9 des buralistes en d\u00e9pit des violations permanentes de la l\u00e9gislation en vigueur dans le domaine de la pr\u00e9vention du tabagisme, qu\u2019il s\u2019agisse du non-respect de l\u2019interdiction de publicit\u00e9 dans les lieux de vente ou plus encore de la vente massive \u00e0 des mineurs. Ces nombreux \u00e9l\u00e9ments laissent donc perplexes, alors que le gouvernement renouvelle son intention de faire de la lutte contre la contrebande une priorit\u00e9.<\/p>\n<p style=\"text-align: justify;\"><strong>Mots-cl\u00e9s : Buralistes, Douanes, Gabriel Attal, Seine-et-Marne, aides publiques.<\/strong><\/p>\n<p><strong><a href=\"https:\/\/www.generationsanstabac.org\/\">\u00a9G\u00e9n\u00e9ration Sans Tabac<\/a><\/strong><\/p>\n<p style=\"text-align: right;\"><em><strong>MF<\/strong><\/em><\/p>\n<p style=\"text-align: justify;\"><a href=\"#_ftnref1\" name=\"_ftn1\">[1]<\/a> <a href=\"https:\/\/www.seine-et-marne.gouv.fr\/Actualites\/Signature-d-une-convention-pour-lutter-contre-la-vente-de-tabac-de-contrebande-en-Seine-et-Marne\"><em>Signature de la convention d\u00e9partementale de partenariat relative \u00e0 la s\u00e9curit\u00e9 et \u00e0 la lutte contre les march\u00e9s parall\u00e8les de tabac<\/em><\/a>, Pr\u00e9fecture de Seine-et-Marne, mis \u00e0 jour le 7 juin 2023, consult\u00e9 le 12 juin 2023.<\/p>\n<p><strong><a href=\"http:\/\/www.cnct.fr\/\" target=\"_blank\" rel=\"noopener noreferrer\">Comit\u00e9 national contre le tabagisme |<\/a><\/strong><\/p>\n","protected":false},"excerpt":{"rendered":"<p>Un partenariat entre pouvoirs publics et buralistes sign\u00e9 en Seine-et-Marne le 1er juin 2023 vise \u00e0 s\u00e9curiser le circuit de vente du tabac. Au-del\u00e0 des attentions tr\u00e8s particuli\u00e8res dont font preuve les autorit\u00e9s pour cette profession, l\u2019efficacit\u00e9 de cette strat\u00e9gie pose question.<\/p>\n","protected":false},"featured_media":11601,"template":"","tags":[],"thematique":[538,491],"class_list":["post-21089","actualites","type-actualites","status-publish","has-post-thumbnail","hentry","thematique-marches-paralleles","thematique-politiques-publiques"],"acf":[],"_links":{"self":[{"href":"https:\/\/www.generationsanstabac.org\/fr\/wp-json\/wp\/v2\/actualites\/21089","targetHints":{"allow":["GET"]}}],"collection":[{"href":"https:\/\/www.generationsanstabac.org\/fr\/wp-json\/wp\/v2\/actualites"}],"about":[{"href":"https:\/\/www.generationsanstabac.org\/fr\/wp-json\/wp\/v2\/types\/actualites"}],"version-history":[{"count":0,"href":"https:\/\/www.generationsanstabac.org\/fr\/wp-json\/wp\/v2\/actualites\/21089\/revisions"}],"wp:featuredmedia":[{"embeddable":true,"href":"https:\/\/www.generationsanstabac.org\/fr\/wp-json\/wp\/v2\/media\/11601"}],"wp:attachment":[{"href":"https:\/\/www.generationsanstabac.org\/fr\/wp-json\/wp\/v2\/media?parent=21089"}],"wp:term":[{"taxonomy":"post_tag","embeddable":true,"href":"https:\/\/www.generationsanstabac.org\/fr\/wp-json\/wp\/v2\/tags?post=21089"},{"taxonomy":"thematique","embeddable":true,"href":"https:\/\/www.generationsanstabac.org\/fr\/wp-json\/wp\/v2\/thematique?post=21089"}],"curies":[{"name":"wp","href":"https:\/\/api.w.org\/{rel}","templated":true}]}}