{"id":21073,"date":"2023-06-08T08:00:56","date_gmt":"2023-06-08T06:00:56","guid":{"rendered":"https:\/\/www.generationsanstabac.org\/actualites\/pistes-pour-le-financement-des-actions-de-prevention-et-de-sensibilisation-antitabac\/"},"modified":"2025-01-16T15:52:12","modified_gmt":"2025-01-16T14:52:12","slug":"pistes-pour-le-financement-des-actions-de-prevention-et-de-sensibilisation-antitabac","status":"publish","type":"actualites","link":"https:\/\/www.generationsanstabac.org\/fr\/actualites\/pistes-pour-le-financement-des-actions-de-prevention-et-de-sensibilisation-antitabac\/","title":{"rendered":"Pistes pour le financement des actions de pr\u00e9vention et de sensibilisation antitabac"},"content":{"rendered":"<p style=\"text-align: justify\"><em>Le manque de financement \u00e9tant l\u2019un des principaux obstacles des actions de pr\u00e9vention et de sensibilisation antitabac, un webinaire organis\u00e9 par Sant\u00e9 publique France sugg\u00e9rait quelques pistes \u00e0 explorer. <\/em><\/p>\n<p style=\"text-align: justify\">Dans le monde, plus de la moiti\u00e9 des pays n\u2019ont pas men\u00e9 de campagne de sensibilisation r\u00e9cente contre le tabagisme, et plus de la moiti\u00e9 de la population n\u2019a jamais \u00e9t\u00e9 expos\u00e9e \u00e0 ce type de campagne. Par ailleurs, faute de budget ad\u00e9quat, plus de la moiti\u00e9 de ces campagnes de sensibilisation, lorsqu\u2019elles ont \u00e9t\u00e9 \u00e9valu\u00e9es, se sont r\u00e9v\u00e9l\u00e9es inefficaces. Les campagnes de sensibilisation percutantes, comme celles men\u00e9es en Australie en 2013 et 2014, ou les actions de mobilisation du public, comme Stoptober au Royaume-Uni (pr\u00e9curseur du Mois sans tabac en France), ont pourtant montr\u00e9 leur pertinence. C\u2019est sur ces constats que s\u2019est ouvert un webinaire international sur le financement des actions de pr\u00e9vention et de sensibilisation antitabac.<\/p>\n<p style=\"text-align: justify\">Les actions de sensibilisation de la population sur les risques et les dangers li\u00e9s au tabagisme sont pr\u00e9vues par l\u2019article 12 de la Convention-cadre pour la lutte antitabac (<a href=\"https:\/\/apps.who.int\/iris\/bitstream\/handle\/10665\/42812\/9242591017.pdf;sequence=1\">CCLAT<\/a>) de l\u2019Organisation Mondiale de la Sant\u00e9 (OMS) comme des obligations pour les \u00e9tats l\u2019ayant ratifi\u00e9e. Organis\u00e9 par le Centre de Connaissances sur l&rsquo;Article 12 de la CCLAT de l&rsquo;OMS, une \u00e9manation de Sant\u00e9 publique France, ce webinaire bilingue s\u2019est tenu le 1<sup>er<\/sup> juin 2023. Ce Centre de Connaissances a notamment pour vocation d\u2019assister les Parties en diffusant des connaissances et une expertise sur la CCLAT, tout en favorisant la coop\u00e9ration internationale entre les Parties.<\/p>\n<h2 style=\"text-align: justify\"><strong>Financer la pr\u00e9vention par la taxation des produits du tabac <\/strong><\/h2>\n<p style=\"text-align: justify\">Plusieurs orateurs se sont succ\u00e9d\u00e9 lors de ce <a href=\"https:\/\/extranet.who.int\/fctcapps\/fctcapps\/fctc\/kh\/article12\/news\/webinar-financing-public-awareness-programmes-and-actions-tobacco\">webinaire<\/a> :<\/p>\n<ul style=\"text-align: justify\">\n<li>Zunda Chisha, directeur de programme de la CCLAT au Cap, a insist\u00e9 sur l\u2019importance d\u2019augmenter les taxes sur les produits du tabac et d\u2019en cr\u00e9er de nouvelles afin de financer les actions de pr\u00e9vention, comme le pr\u00e9voient les directives de mise en \u0153uvre de l\u2019article 6 de la CCLAT. La sensibilit\u00e9 au prix du tabac, plus forte dans les pays \u00e0 revenu faible ou interm\u00e9diaire, permet \u00e9galement de r\u00e9duire efficacement la pr\u00e9valence tabagique.<\/li>\n<li>Claire du Merle et Anne-Charlotte Salavert (minist\u00e8re de la Sant\u00e9), ainsi que Marie-Caroline La\u00ef (Assurance maladie), ont pr\u00e9sent\u00e9 les nombreuses actions et activit\u00e9s financ\u00e9es par le Fonds de lutte contre les addictions (FCLA). Anciennement Fonds de lutte contre le tabac, le FCLA est pour l\u2019essentiel aliment\u00e9 par une partie des droits d\u2019accises sur les produits du tabac. Il couvre aujourd\u2019hui l\u2019ensemble des conduites addictives et constitue en France la principale source de financement des actions de pr\u00e9vention et de d\u00e9normalisation du tabagisme.<\/li>\n<li>Sylviane Ratte (Vital Strategies) a d\u00e9taill\u00e9 de multiples pistes permettant de financer durablement les actions de pr\u00e9vention<a href=\"#_ftn1\" name=\"_ftnref1\">[1]<\/a>. En plus de cr\u00e9er et de d\u00e9dier de nouvelles taxes sur les produits du tabac, les amendes et les condamnations permettent par exemple de basculer les co\u00fbts de pr\u00e9vention vers les fabricants. Obtenir des temps d\u2019antenne gratuit dans les m\u00e9dias pour diffuser des campagnes de sensibilisation fait \u00e9galement partie de solutions durables et \u00e0 moindre co\u00fbt.<\/li>\n<li>Dudley Tarlton, du Programme des Nations Unies pour le D\u00e9veloppement (PNUD), a pour sa part sugg\u00e9r\u00e9 qu\u2019un pr\u00e9l\u00e8vement sur les produits du tabac pourrait \u00eatre calcul\u00e9 \u00e0 partir des co\u00fbts estim\u00e9s du tabac per capita sur le syst\u00e8me de sant\u00e9 de chaque pays.<\/li>\n<\/ul>\n<p style=\"text-align: justify\">La plupart des pistes \u00e9voqu\u00e9es consistent donc \u00e0 taxer plus fortement les produits du tabac ou les fabricants afin d\u2019assurer non seulement le financement des actions de pr\u00e9vention, mais aussi les innombrables co\u00fbts li\u00e9s au tabagisme.<\/p>\n<h2 style=\"text-align: justify\"><strong>La CCLAT, une mine de ressources pour la lutte antitabac<\/strong><\/h2>\n<p style=\"text-align: justify\">Plusieurs questions ont ensuite port\u00e9 sur la mise en place d\u2019actions cibl\u00e9es, qu\u2019elles visent les adolescents, la population carc\u00e9rale ou la r\u00e9duction des in\u00e9galit\u00e9s de sant\u00e9. Dans la plupart des cas de figure, la pleine application des directives de la CCLAT, et tout particuli\u00e8rement l\u2019augmentation du taxes pour majorer les prix des produits du tabac, permettent de r\u00e9duire la pr\u00e9valence tabagique. La CCLAT reste ainsi la bo\u00eete \u00e0 outils de r\u00e9f\u00e9rence en mati\u00e8re de lutte contre le tabagisme.<\/p>\n<p><a href=\"https:\/\/www.youtube.com\/watch?v=pS0nRBBgMmU&amp;ab_channel=Sant%C3%A9publiqueFrance\" target=\"_blank\" rel=\"noopener\">Pour revoir le webinaire (fran\u00e7ais)<\/a><\/p>\n<p><a href=\"https:\/\/www.youtube.com\/watch?v=xAjjkANuBM8&amp;feature=youtu.be&amp;ab_channel=Sant%C3%A9publiqueFrance\" target=\"_blank\" rel=\"noopener\">Pour revoir le webinaire (anglais)<\/a><\/p>\n<p style=\"text-align: justify\"><strong>Mots-cl\u00e9s : CCLAT, article 12, article 6, pr\u00e9vention, sensibilisation, Sant\u00e9 publique France.<\/strong><\/p>\n<p><strong><a href=\"https:\/\/www.generationsanstabac.org\/\">\u00a9G\u00e9n\u00e9ration Sans Tabac<\/a><\/strong><\/p>\n<p style=\"text-align: right\"><em><strong>MF<\/strong><\/em><\/p>\n<p style=\"text-align: justify\"><a href=\"#_ftnref1\" name=\"_ftn1\">[1]<\/a> Vital Strategies, <a href=\"http:\/\/www.vitalstrategies.org\/wp-content\/uploads\/2017\/02\/VS_Sustainpaper_Final_light.pdf\"><em>Sustainable Funding Mechanisms for Population-Level Tobacco Control Communication Programs<\/em><\/a>, plaidoyer, 2016, 33 p.<\/p>\n<p><strong><a href=\"http:\/\/www.cnct.fr\/\" target=\"_blank\" rel=\"noopener noreferrer\">Comit\u00e9 national contre le tabagisme |<\/a><\/strong><\/p>\n","protected":false},"excerpt":{"rendered":"<p>Le manque de financement \u00e9tant l\u2019un des principaux obstacles des actions de pr\u00e9vention et de sensibilisation, un webinaire organis\u00e9 par Sant\u00e9 publique France sugg\u00e9rait quelques pistes \u00e0 explorer.<\/p>\n","protected":false},"featured_media":11567,"template":"","tags":[],"thematique":[491,474,565],"class_list":["post-21073","actualites","type-actualites","status-publish","has-post-thumbnail","hentry","thematique-politiques-publiques","thematique-sante","thematique-sensibilisation"],"acf":[],"_links":{"self":[{"href":"https:\/\/www.generationsanstabac.org\/fr\/wp-json\/wp\/v2\/actualites\/21073","targetHints":{"allow":["GET"]}}],"collection":[{"href":"https:\/\/www.generationsanstabac.org\/fr\/wp-json\/wp\/v2\/actualites"}],"about":[{"href":"https:\/\/www.generationsanstabac.org\/fr\/wp-json\/wp\/v2\/types\/actualites"}],"version-history":[{"count":0,"href":"https:\/\/www.generationsanstabac.org\/fr\/wp-json\/wp\/v2\/actualites\/21073\/revisions"}],"wp:featuredmedia":[{"embeddable":true,"href":"https:\/\/www.generationsanstabac.org\/fr\/wp-json\/wp\/v2\/media\/11567"}],"wp:attachment":[{"href":"https:\/\/www.generationsanstabac.org\/fr\/wp-json\/wp\/v2\/media?parent=21073"}],"wp:term":[{"taxonomy":"post_tag","embeddable":true,"href":"https:\/\/www.generationsanstabac.org\/fr\/wp-json\/wp\/v2\/tags?post=21073"},{"taxonomy":"thematique","embeddable":true,"href":"https:\/\/www.generationsanstabac.org\/fr\/wp-json\/wp\/v2\/thematique?post=21073"}],"curies":[{"name":"wp","href":"https:\/\/api.w.org\/{rel}","templated":true}]}}