{"id":21071,"date":"2023-06-07T08:00:30","date_gmt":"2023-06-07T06:00:30","guid":{"rendered":"https:\/\/www.generationsanstabac.org\/actualites\/des-pediatres-appellent-a-interdire-les-puffs-en-ecosse\/"},"modified":"2023-06-07T08:00:30","modified_gmt":"2023-06-07T06:00:30","slug":"des-pediatres-appellent-a-interdire-les-puffs-en-ecosse","status":"publish","type":"actualites","link":"https:\/\/www.generationsanstabac.org\/fr\/actualites\/des-pediatres-appellent-a-interdire-les-puffs-en-ecosse\/","title":{"rendered":"Des p\u00e9diatres appellent \u00e0 interdire les puffs en Ecosse"},"content":{"rendered":"<p style=\"text-align: justify;\"><em>Le Royal College of Paediatrics and Child Health (RCPCH) appelle le gouvernement \u00e9cossais \u00e0 interdire sans tarder les cigarettes \u00e9lectroniques jetables de type puff pour prot\u00e9ger les enfants et adolescents. Selon le RCPCH, les p\u00e9diatres sont de plus en plus pr\u00e9occup\u00e9s par la popularit\u00e9 croissante des puffs aupr\u00e8s des jeunes<a href=\"#_ftn1\" name=\"_ftnref1\"><strong>[1]<\/strong><\/a>. <\/em><\/p>\n<p style=\"text-align: justify;\">Selon l\u2019organisme ASH Scotland, l&rsquo;\u00c9cosse a ici une opportunit\u00e9 de se r\u00e9tablir en tant que nation leader en mati\u00e8re de sant\u00e9 publique en introduisant sa propre interdiction en 2024, suivant l\u2019exemple de plusieurs pays de l\u2019Union Europ\u00e9enne qui ont \u00e9galement \u00e9voqu\u00e9 leur volont\u00e9 d\u2019interdire ces produits. En \u00c9cosse, un jeune de 15 ans sur dix utilise r\u00e9guli\u00e8rement des cigarettes \u00e9lectroniques, contre 3 % en 2018.<\/p>\n<p style=\"text-align: justify;\">Environ deux tiers des gouvernements locaux \u00e9cossais sont favorables \u00e0 l&rsquo;interdiction des cigarettes \u00e9lectroniques \u00e0 usage unique.<\/p>\n<h2 style=\"text-align: justify;\"><strong>Inqui\u00e9tudes autour de la consommation par les jeunes adolescents<\/strong><\/h2>\n<p style=\"text-align: justify;\">Selon les p\u00e9diatres, les cigarettes \u00e9lectroniques peuvent cr\u00e9er une plus grande d\u00e9pendance que les cigarettes traditionnelles, mais les effets \u00e0 long terme sur la sant\u00e9 sont moins \u00e9vidents.<\/p>\n<p style=\"text-align: justify;\">Pour Mairi Stark, responsable du RCPCH pour l&rsquo;\u00c9cosse, les p\u00e9diatres sont de plus en plus pr\u00e9occup\u00e9s par le taux d&rsquo;utilisation des puffs chez les enfants et adolescents. Pour elle, les produits de vapotage ne devraient absolument pas \u00eatre utilis\u00e9s par les enfants. Au mieux, ils constituent un outil de sevrage tabagique pour les fumeurs adultes, au pire une voie nocive vers la d\u00e9pendance \u00e0 la nicotine.<\/p>\n<p style=\"text-align: justify;\">Il n&rsquo;est pas surprenant selon elle que ces produits soient si populaires aupr\u00e8s des jeunes, car le marketing les cible tout particuli\u00e8rement : les produits sont bon march\u00e9, avec des couleurs et emballages attractifs, et propos\u00e9s en une tr\u00e8s large palette d\u2019ar\u00f4mes exotiques et sucr\u00e9s.<\/p>\n<p style=\"text-align: justify;\">Ash Scotland se r\u00e9jouit de cette demande et rappelle que la nicotine cr\u00e9e une forte d\u00e9pendance. \u00c0 cela s\u2019ajoute le fait que nombre de ces vapes jetables contiennent des produits chimiques toxiques qui n&rsquo;ont pas \u00e9t\u00e9 test\u00e9s pour l&rsquo;inhalation. Ceci est d\u2019autant plus inqui\u00e9tant pour les enfants et les jeunes, que leurs poumons sont encore en pleine croissance.<\/p>\n<p style=\"text-align: justify;\">Selon le RCPCH, l&rsquo;\u00c9cosse a adopt\u00e9 une approche plus proportionn\u00e9e et plus prudente \u00e0 l&rsquo;\u00e9gard des cigarettes \u00e9lectroniques que ses homologues anglais qui font exception dans le monde. Les p\u00e9diatres \u00e9cossais s\u2019accordent pour demander au gouvernement \u00e9cossais d&rsquo;interdire les cigarettes \u00e9lectroniques jetables une fois pour toutes. Pour Mairi Stark : \u00ab <em>il est temps de donner la priorit\u00e9 \u00e0 la sant\u00e9 de nos enfants et \u00e0 l&rsquo;environnement<\/em> \u00bb.<\/p>\n<h2 style=\"text-align: justify;\"><strong>Une demande qui compl\u00e8te une pr\u00e9c\u00e9dente \u00e9tude sur l\u2019impact environnemental des puffs en Ecosse<\/strong><\/h2>\n<p style=\"text-align: justify;\">En f\u00e9vrier dernier<a href=\"#_ftn2\" name=\"_ftnref2\">[2]<\/a>, Le gouvernement \u00e9cossais avait command\u00e9 en urgence une \u00e9tude sur les impacts environnementaux et la gestion des puffs dans le pays. Cette nouvelle \u00e9tude, fait suite \u00e0 de nouvelles pr\u00e9occupations concernant les cons\u00e9quences pr\u00e9judiciables de ces dispositifs jetables sur la sant\u00e9, devrait conduire \u00e0 des r\u00e9ponses politiques, dont l\u2019interdiction pure et simple de ces produits.<\/p>\n<p style=\"text-align: justify;\">Ces derniers sont souvent mal recycl\u00e9s car jet\u00e9s dans les d\u00e9chets m\u00e9nagers et ils posent des risques d\u2019incendies. Une <a href=\"https:\/\/www.generationsanstabac.org\/actualites\/une-majorite-des-cigarettes-electroniques-jetables-ne-sont-pas-recyclees-et-finissent-dans-les-decharges\/\">enqu\u00eate<\/a> conjointe du Bureau of Investigative Journalism, de Sky News et du Daily Telegraph avait d\u00e9voil\u00e9 en juillet 2022 que deux cigarettes \u00e9lectroniques jetables sont jet\u00e9es dans la poubelle chaque seconde au Royaume-Uni. Sur une ann\u00e9e, ces d\u00e9chets repr\u00e9sentent assez de lithium pour fabriquer environ 1 200 batteries de voitures \u00e9lectriques.<\/p>\n<p style=\"text-align: justify;\"><strong>Mots-cl\u00e9s : Ecosse, puffs, cigarettes \u00e9lectroniques jetables, interdiction, vapotage, enfants, environnement<\/strong><\/p>\n<p><strong><a href=\"https:\/\/www.generationsanstabac.org\/\">\u00a9G\u00e9n\u00e9ration Sans Tabac<\/a><\/strong><\/p>\n<p style=\"text-align: right;\"><em><strong>AE<\/strong><\/em><\/p>\n<p style=\"text-align: justify;\"><a href=\"#_ftnref1\" name=\"_ftn1\">[1]<\/a> Rachel Hall, <a href=\"https:\/\/www.theguardian.com\/global\/2023\/jun\/06\/disposable-vapes-should-be-banned-to-protect-children-uk-paediatricians-say\">Disposable vapes should be banned to protect children, UK paediatricians say<\/a>, The Guardian, publi\u00e9 le 6 juin 2023, consult\u00e9 le jour m\u00eame<\/p>\n<p style=\"text-align: justify;\"><a href=\"#_ftnref2\" name=\"_ftn2\">[2]<\/a> G\u00e9n\u00e9ration sans tabac<a href=\"https:\/\/www.generationsanstabac.org\/actualites\/lecosse-lance-une-etude-sur-limpact-environnemental-des-puffs\/\">, L\u2019\u00c9cosse lance une \u00e9tude sur l\u2019impact environnemental des puffs<\/a>, publi\u00e9 le 6 f\u00e9vrier 2023, consult\u00e9 le 6 juin 2023<\/p>\n<p><strong><a href=\"http:\/\/www.cnct.fr\/\" target=\"_blank\" rel=\"noopener noreferrer\">Comit\u00e9 national contre le tabagisme |<\/a><\/strong><\/p>\n","protected":false},"excerpt":{"rendered":"<p>Le Royal College of Paediatrics and Child Health (RCPCH) appelle le gouvernement \u00e9cossais \u00e0 interdire sans tarder les cigarettes \u00e9lectroniques jetables de type puff pour prot\u00e9ger les enfants et adolescents.<\/p>\n","protected":false},"featured_media":21072,"template":"","tags":[],"thematique":[516,474],"class_list":["post-21071","actualites","type-actualites","status-publish","has-post-thumbnail","hentry","thematique-nouveaux-produits","thematique-sante"],"acf":[],"_links":{"self":[{"href":"https:\/\/www.generationsanstabac.org\/fr\/wp-json\/wp\/v2\/actualites\/21071","targetHints":{"allow":["GET"]}}],"collection":[{"href":"https:\/\/www.generationsanstabac.org\/fr\/wp-json\/wp\/v2\/actualites"}],"about":[{"href":"https:\/\/www.generationsanstabac.org\/fr\/wp-json\/wp\/v2\/types\/actualites"}],"version-history":[{"count":0,"href":"https:\/\/www.generationsanstabac.org\/fr\/wp-json\/wp\/v2\/actualites\/21071\/revisions"}],"wp:featuredmedia":[{"embeddable":true,"href":"https:\/\/www.generationsanstabac.org\/fr\/wp-json\/wp\/v2\/media\/21072"}],"wp:attachment":[{"href":"https:\/\/www.generationsanstabac.org\/fr\/wp-json\/wp\/v2\/media?parent=21071"}],"wp:term":[{"taxonomy":"post_tag","embeddable":true,"href":"https:\/\/www.generationsanstabac.org\/fr\/wp-json\/wp\/v2\/tags?post=21071"},{"taxonomy":"thematique","embeddable":true,"href":"https:\/\/www.generationsanstabac.org\/fr\/wp-json\/wp\/v2\/thematique?post=21071"}],"curies":[{"name":"wp","href":"https:\/\/api.w.org\/{rel}","templated":true}]}}