{"id":21064,"date":"2023-06-02T08:00:54","date_gmt":"2023-06-02T06:00:54","guid":{"rendered":"https:\/\/www.generationsanstabac.org\/actualites\/une-enquete-clients-mysteres-de-que-choisir-confirme-le-laxisme-de-la-vente-des-puffs-aux-mineurs\/"},"modified":"2023-06-02T08:00:54","modified_gmt":"2023-06-02T06:00:54","slug":"une-enquete-clients-mysteres-de-que-choisir-confirme-le-laxisme-de-la-vente-des-puffs-aux-mineurs","status":"publish","type":"actualites","link":"https:\/\/www.generationsanstabac.org\/fr\/actualites\/une-enquete-clients-mysteres-de-que-choisir-confirme-le-laxisme-de-la-vente-des-puffs-aux-mineurs\/","title":{"rendered":"Une enqu\u00eate clients-myst\u00e8res de Que Choisir confirme le laxisme de la vente des puffs aux mineurs"},"content":{"rendered":"<p style=\"text-align: justify;\"><em>L\u2019association UFC-Que Choisir a \u00e9quip\u00e9 des adolescents de 12 \u00e0 14 ans d\u2019une cam\u00e9ra cach\u00e9e pour tester la vente des cigarettes \u00e9lectroniques jetables (puffs) aux mineurs. Les trois quarts des buralistes ont accept\u00e9 de vendre des puffs \u00e0 ces mineurs. <\/em><\/p>\n<p style=\"text-align: justify;\">Avec ou sans nicotine, la vente de cigarettes \u00e9lectroniques est, en France, interdite aux mineurs. Malgr\u00e9 les affirmations des buralistes sur le contr\u00f4le de l\u2019\u00e2ge des clients, les infractions en la mati\u00e8re sont pourtant tr\u00e8s fr\u00e9quentes, en particulier pour les cigarettes \u00e9lectroniques jetables \u2013 aussi appel\u00e9es \u00ab puffs \u00bb.<\/p>\n<p style=\"text-align: justify;\">Afin de v\u00e9rifier la r\u00e9alit\u00e9 de ces ventes, l\u2019association de consommateurs UFC-Que Choisir a missionn\u00e9 des \u00e9l\u00e8ves de 5<sup>\u00e8me<\/sup> et de 4<sup>\u00e8me<\/sup> \u00e2g\u00e9s de 12 \u00e0 14 ans pour acheter des puffs, en les \u00e9quipant d\u2019une cam\u00e9ra cach\u00e9e<a href=\"#_ftn1\" name=\"_ftnref1\">[1]<\/a>.<\/p>\n<h2 style=\"text-align: justify;\"><strong>Des ventes de puffs aux mineurs constat\u00e9es en d\u00e9bits de tabac et dans les \u00e9piceries de nuit <\/strong><\/h2>\n<p style=\"text-align: justify;\">Une douzaine de points de vente des 11<sup>\u00e8me<\/sup> et 12<sup>\u00e8me<\/sup> arrondissement de Paris ont \u00e9t\u00e9 visit\u00e9s par ces jeunes clients-myst\u00e8res. Parmi eux, les trois quarts des d\u00e9bits de tabac ont accept\u00e9 de leur vendre des puffs. Les magasins sp\u00e9cialis\u00e9s dans le vapotage ont en revanche tous refus\u00e9 la vente.<\/p>\n<p style=\"text-align: justify;\">Les puffs \u00e9tant actuellement vendues dans tous types de points de vente, y compris en grandes surfaces, d\u2019autres magasins ont \u00e9galement \u00e9t\u00e9 test\u00e9s. Deux des trois \u00e9piceries de nuit proposant des puffs ont accept\u00e9 d\u2019en vendre. L\u2019enseigne Gifi, qui fut l\u2019une des premi\u00e8res \u00e0 commercialiser les puffs, exige \u00e0 pr\u00e9sent une pi\u00e8ce d\u2019identit\u00e9 et a refus\u00e9 la vente. La plupart des puffs obtenues ne contenaient pas de nicotine, mais plusieurs en contenaient, dont une \u00e0 hauteur de 20 mg\/ml.<\/p>\n<h2 style=\"text-align: justify;\"><strong>Une enqu\u00eate limit\u00e9e mais r\u00e9v\u00e9latrice<\/strong><\/h2>\n<p style=\"text-align: justify;\">Que Choisir reconna\u00eet que son enqu\u00eate est tr\u00e8s limit\u00e9e et n\u2019a rien de scientifique, notamment vu la faible taille de l\u2019\u00e9chantillon concern\u00e9. Elle a cependant le m\u00e9rite d\u2019attirer l\u2019attention sur la vente de cigarettes \u00e9lectroniques aux mineurs, qui est actuellement peu document\u00e9e. Les travaux plus cons\u00e9quents du CNCT en mati\u00e8re de vente de tabac aux mineurs, r\u00e9alis\u00e9s aupr\u00e8s d\u2019un \u00e9chantillon repr\u00e9sentatif de d\u00e9bits de tabac,ont pour leur part montr\u00e9 que 64 % des buralistes acceptent de vendre aux mineurs des cigarettes<a href=\"#_ftn2\" name=\"_ftnref2\">[2]<\/a>. Cette proportion grimpe \u00e0 77 % lorsqu\u2019il s\u2019agit de buralistes exer\u00e7ant dans des villes de plus de 15 000 habitants \u2013 une proportion similaire \u00e0 celle de l\u2019enqu\u00eate de Que Choisir.<\/p>\n<p style=\"text-align: justify;\">Qu\u2019il s\u2019agisse de vente aux mineurs de tabac ou de cigarettes \u00e9lectroniques, la l\u00e9gislation n\u2019est globalement pas respect\u00e9e du fait de l\u2019absence de contr\u00f4les et de sanctions dissuasives. Les pouvoirs publics paraissent aujourd\u2019hui davantage d\u00e9cid\u00e9s \u00e0 renforcer ces contr\u00f4les. <em>\u00ab ll faut sanctionner s&rsquo;il y a une vente aux mineurs \u00bb<\/em>, a ainsi r\u00e9cemment d\u00e9clar\u00e9 le ministre de la Sant\u00e9, Fran\u00e7ois Braun, interrog\u00e9 par France Inter sur la possible <a href=\"https:\/\/www.generationsanstabac.org\/actualites\/des-associations-environnementales-et-de-sante-publique-demandent-linterdiction-des-puffs-en-france\/\">interdiction<\/a> des cigarettes \u00e9lectroniques jetables<a href=\"#_ftn3\" name=\"_ftnref3\">[3]<\/a>.<\/p>\n<p style=\"text-align: justify;\"><strong>Mots-cl\u00e9s : puffs, cigarettes \u00e9lectroniques jetables, vente aux mineurs, buralistes.<\/strong><\/p>\n<p><strong><a href=\"https:\/\/www.generationsanstabac.org\/\">\u00a9G\u00e9n\u00e9ration Sans Tabac<\/a><\/strong><\/p>\n<p style=\"text-align: right;\"><em><strong>MF<\/strong><\/em><\/p>\n<p style=\"text-align: justify;\"><a href=\"#_ftnref1\" name=\"_ftn1\">[1]<\/a> Oudin E, <a href=\"https:\/\/www.quechoisir.org\/actualite-cigarettes-electroniques-puffs-camera-cachee-interdites-aux-mineurs-vraiment-n107898\/\"><em>Cigarettes \u00e9lectroniques Puffs (cam\u00e9ra cach\u00e9e) &#8211; Interdites aux mineurs, vraiment ?<\/em><\/a>, Que Choisir, publi\u00e9 le 24 mai 2023, consult\u00e9 le 30 mai 2023.<\/p>\n<p style=\"text-align: justify;\"><a href=\"#_ftnref2\" name=\"_ftn2\">[2]<\/a> CNCT, <a href=\"https:\/\/cnct.fr\/communiques\/deux-tiers-des-buralistes-vendent-du-tabac-au-mineurs-en-france-un-constat-accablant\/\"><em>Deux tiers des buralistes vendent du tabac aux mineurs en France, un constat accablant<\/em><\/a>, publi\u00e9 le 10 mars 2022, consult\u00e9 le 30 mai 2023.<\/p>\n<p style=\"text-align: justify;\"><a href=\"#_ftnref3\" name=\"_ftn3\">[3]<\/a> <a href=\"https:\/\/www.francetvinfo.fr\/sante\/sante-francois-braun-est-favorable-a-l-interdiction-des-puffs-les-cigarettes-electroniques-jetables_5804738.html\"><em>Sant\u00e9 : Fran\u00e7ois Braun est \u00ab\u00a0favorable \u00e0 l&rsquo;interdiction des puffs\u00a0\u00bb, les cigarettes \u00e9lectroniques jetables<\/em><\/a>, France Info, publi\u00e9 le 3 mai 2023, consult\u00e9 le 30 mai 2023.<\/p>\n<p><strong><a href=\"http:\/\/www.cnct.fr\/\" target=\"_blank\" rel=\"noopener noreferrer\">Comit\u00e9 national contre le tabagisme |<\/a><\/strong><\/p>\n","protected":false},"excerpt":{"rendered":"<p>L\u2019association UFC-Que Choisir a \u00e9quip\u00e9 des adolescents de 12 \u00e0 14 ans d\u2019une cam\u00e9ra cach\u00e9e pour tester la vente des cigarettes \u00e9lectroniques jetables (puffs) aux mineurs. Les trois quarts des buralistes ont accept\u00e9 de vendre des puffs \u00e0 ces mineurs.<\/p>\n","protected":false},"featured_media":21065,"template":"","tags":[],"thematique":[516],"class_list":["post-21064","actualites","type-actualites","status-publish","has-post-thumbnail","hentry","thematique-nouveaux-produits"],"acf":[],"_links":{"self":[{"href":"https:\/\/www.generationsanstabac.org\/fr\/wp-json\/wp\/v2\/actualites\/21064","targetHints":{"allow":["GET"]}}],"collection":[{"href":"https:\/\/www.generationsanstabac.org\/fr\/wp-json\/wp\/v2\/actualites"}],"about":[{"href":"https:\/\/www.generationsanstabac.org\/fr\/wp-json\/wp\/v2\/types\/actualites"}],"version-history":[{"count":0,"href":"https:\/\/www.generationsanstabac.org\/fr\/wp-json\/wp\/v2\/actualites\/21064\/revisions"}],"wp:featuredmedia":[{"embeddable":true,"href":"https:\/\/www.generationsanstabac.org\/fr\/wp-json\/wp\/v2\/media\/21065"}],"wp:attachment":[{"href":"https:\/\/www.generationsanstabac.org\/fr\/wp-json\/wp\/v2\/media?parent=21064"}],"wp:term":[{"taxonomy":"post_tag","embeddable":true,"href":"https:\/\/www.generationsanstabac.org\/fr\/wp-json\/wp\/v2\/tags?post=21064"},{"taxonomy":"thematique","embeddable":true,"href":"https:\/\/www.generationsanstabac.org\/fr\/wp-json\/wp\/v2\/thematique?post=21064"}],"curies":[{"name":"wp","href":"https:\/\/api.w.org\/{rel}","templated":true}]}}