{"id":21053,"date":"2023-05-24T08:00:35","date_gmt":"2023-05-24T06:00:35","guid":{"rendered":"https:\/\/www.generationsanstabac.org\/actualites\/une-eurodeputee-suedoise-conteste-la-neutralite-dun-consortium-en-faveur-de-la-lutte-antitabac\/"},"modified":"2023-05-24T08:00:35","modified_gmt":"2023-05-24T06:00:35","slug":"une-eurodeputee-suedoise-conteste-la-neutralite-dun-consortium-en-faveur-de-la-lutte-antitabac","status":"publish","type":"actualites","link":"https:\/\/www.generationsanstabac.org\/fr\/actualites\/une-eurodeputee-suedoise-conteste-la-neutralite-dun-consortium-en-faveur-de-la-lutte-antitabac\/","title":{"rendered":"Une eurod\u00e9put\u00e9e su\u00e9doise conteste la neutralit\u00e9 d\u2019un consortium en faveur de la lutte antitabac"},"content":{"rendered":"<p style=\"text-align: justify;\"><em>L\u2019eurod\u00e9put\u00e9e Sara Skyttedal d\u00e9nonce un appel d\u2019offres remport\u00e9 par un consortium d\u2019acteurs de sant\u00e9 en mettant en cause son impartialit\u00e9 sur les questions des nouveaux produits de la nicotine. Le directeur de l\u2019ENSP, membre de ce consortium, appelle de son c\u00f4t\u00e9 \u00e0 ne pas d\u00e9tourner la notion de conflit d\u2019int\u00e9r\u00eats. <\/em><\/p>\n<p style=\"text-align: justify;\">Les conditions d\u2019attribution d\u2019un programme de recherche europ\u00e9en sur la r\u00e9duction du tabagisme sont questionn\u00e9es par l\u2019eurod\u00e9put\u00e9e Sara Skyttedal (groupe PPE). Ce programme est port\u00e9 par l\u2019European Health and Digital Executive Agency (HaDEA) et dot\u00e9 de 3 millions d\u2019euros. Il a pour mission de conseiller la Commission europ\u00e9enne sur sa politique sur les produits du tabac, en lui fournissant des \u00e9valuations juridiques, statistiques, \u00e9conomiques et sanitaires sur les produits du tabac et de la nicotine. Il a \u00e9galement pour objectif d\u2019alimenter le Plan europ\u00e9en de lutte contre le cancer et de pr\u00e9parer une g\u00e9n\u00e9ration sans tabac \u2013 soit moins de 5 % de fumeurs dans la population \u2013 \u00e0 l\u2019horizon 2040.<\/p>\n<p style=\"text-align: justify;\">Compos\u00e9 de l\u2019European Network for Smoking Prevention (ENSP), de l\u2019Universit\u00e9 de Cr\u00eate et de la soci\u00e9t\u00e9 Open Evidence, le consortium qui a remport\u00e9 cet appel d\u2019offres \u00e9tait le seul candidat.<\/p>\n<h2 style=\"text-align: justify;\"><strong>Les acteurs de la soci\u00e9t\u00e9 civile accus\u00e9s de conflits d\u2019int\u00e9r\u00eats<\/strong><\/h2>\n<p style=\"text-align: justify;\">Dans une question \u00e9crite qui n\u2019a pas encore re\u00e7u de r\u00e9ponse, Sara Skyttedal s\u2019interroge sur l\u2019objectivit\u00e9 de ce consortium, pourtant clairement engag\u00e9 en faveur de la sant\u00e9 publique. L\u2019eurod\u00e9put\u00e9e s\u2019inqui\u00e8te d\u2019un possible conflit d\u2019int\u00e9r\u00eats de ce consortium, dont l\u2019opposition affich\u00e9e \u00e0 tous les produits du tabac et de la nicotine pourrait constituer un pr\u00e9judice \u00e0 de nouveaux produits pr\u00e9sent\u00e9s comme moins nocifs.<\/p>\n<p style=\"text-align: justify;\">Sara Skyttedal estime que des positions hostiles aux nouveaux produits du tabac et de la nicotine nuiraient \u00e9galement au bon d\u00e9veloppement du Plan de lutte contre le cancer. Reprenant les arguments de l\u2019industrie du tabac emprunt\u00e9s \u00e0 la r\u00e9duction des risques, elle craint que les fumeurs soient restreints dans la transition vers d\u2019autres produits<a href=\"#_ftn1\" name=\"_ftnref1\">[1]<\/a>, sans \u00e9voquer la possibilit\u00e9 qu\u2019ils puissent cesser toute d\u00e9pendance.<\/p>\n<h2 style=\"text-align: justify;\"><strong>Un d\u00e9tournement de la notion de conflit d\u2019int\u00e9r\u00eats selon l&rsquo;ENSP<\/strong><\/h2>\n<p style=\"text-align: justify;\">Cornel Radu-Loghin, le secr\u00e9taire g\u00e9n\u00e9ral de l\u2019ENSP, a tenu \u00e0 pr\u00e9ciser que son organisme ne pouvait \u00eatre accus\u00e9 de conflits d\u2019int\u00e9r\u00eats puisqu\u2019il ne r\u00e9alise pas de profits, et que cette notion ne s\u2019applique pas lorsqu\u2019il n\u2019existe aucun int\u00e9r\u00eat \u00e9conomique. L\u2019objectif de l\u2019ENSP \u00e9tant pr\u00e9cis\u00e9ment d\u2019\u00e9mettre des propositions de loi en mati\u00e8re de lutte contre le tabagisme, Cornel Radu-Loghin consid\u00e8re que cet organisme est dans son r\u00f4le en participant \u00e0 l\u2019\u00e9laboration de la politique europ\u00e9enne sur les produits du tabac. Il est par ailleurs mentionn\u00e9 dans l\u2019un des articles du trait\u00e9 de l\u2019OMS la convention Cadre pour la lutte antitabac de l\u2019OMS, juridiquement contraignant pour l\u2019Union Europ\u00e9enne qui l\u2019a ratifi\u00e9 que les Parties au trait\u00e9, donc la Commission europ\u00e9enne doivent agir avec la acteurs de la soci\u00e9t\u00e9 civile \u0153uvrant dans le domaine de la lutte contre le tabagisme.<\/p>\n<p style=\"text-align: justify;\">Alors que le manque de transparence de la Commission europ\u00e9enne vis-\u00e0-vis de l\u2019industrie du tabac a d\u00e9j\u00e0 <a href=\"https:\/\/www.generationsanstabac.org\/actualites\/la-mediatrice-europeenne-rappelle-la-commission-a-lordre-sur-ses-relations-avec-le-lobby-tabac\/\">\u00e9t\u00e9 d\u00e9nonc\u00e9<\/a> \u00e0 plusieurs reprises, les tentatives pour initier des pol\u00e9miques de ce type pourraient se d\u00e9velopper \u00e0 l\u2019approche de la r\u00e9vision de la directive europ\u00e9enne sur les produits du tabac et de la nicotine.<\/p>\n<p style=\"text-align: justify;\"><strong>Mots-cl\u00e9s : ENSP, Sara Skyttedal, conflits d\u2019int\u00e9r\u00eats.<\/strong><\/p>\n<p><strong><a href=\"https:\/\/www.generationsanstabac.org\/\">\u00a9G\u00e9n\u00e9ration Sans Tabac<\/a><\/strong><\/p>\n<p style=\"text-align: right;\"><em><strong>MF<\/strong><\/em><\/p>\n<p style=\"text-align: justify;\"><a href=\"#_ftnref1\" name=\"_ftn1\">[1]<\/a> Griera M, Leeson S, <a href=\"https:\/\/www.euractiv.com\/section\/politics\/news\/stakeholders-bicker-over-eu-tender-on-tobacco-control-policy\/\"><em>Stakeholders bicker over EU tender on tobacco control policy<\/em><\/a>, Euractiv, publi\u00e9 le 17 mai 2023, consult\u00e9 le 17 mai 2023.<\/p>\n<p><strong><a href=\"http:\/\/www.cnct.fr\/\" target=\"_blank\" rel=\"noopener noreferrer\">Comit\u00e9 national contre le tabagisme |<\/a><\/strong><\/p>\n","protected":false},"excerpt":{"rendered":"<p>L\u2019eurod\u00e9put\u00e9e Sara Skyttedal d\u00e9nonce un appel d\u2019offres remport\u00e9 par un consortium d\u2019acteurs de sant\u00e9 en mettant en cause son impartialit\u00e9 sur les questions des nouveaux produits de la nicotine.<\/p>\n","protected":false},"featured_media":20217,"template":"","tags":[],"thematique":[499,516],"class_list":["post-21053","actualites","type-actualites","status-publish","has-post-thumbnail","hentry","thematique-lobby","thematique-nouveaux-produits"],"acf":[],"_links":{"self":[{"href":"https:\/\/www.generationsanstabac.org\/fr\/wp-json\/wp\/v2\/actualites\/21053","targetHints":{"allow":["GET"]}}],"collection":[{"href":"https:\/\/www.generationsanstabac.org\/fr\/wp-json\/wp\/v2\/actualites"}],"about":[{"href":"https:\/\/www.generationsanstabac.org\/fr\/wp-json\/wp\/v2\/types\/actualites"}],"version-history":[{"count":0,"href":"https:\/\/www.generationsanstabac.org\/fr\/wp-json\/wp\/v2\/actualites\/21053\/revisions"}],"wp:featuredmedia":[{"embeddable":true,"href":"https:\/\/www.generationsanstabac.org\/fr\/wp-json\/wp\/v2\/media\/20217"}],"wp:attachment":[{"href":"https:\/\/www.generationsanstabac.org\/fr\/wp-json\/wp\/v2\/media?parent=21053"}],"wp:term":[{"taxonomy":"post_tag","embeddable":true,"href":"https:\/\/www.generationsanstabac.org\/fr\/wp-json\/wp\/v2\/tags?post=21053"},{"taxonomy":"thematique","embeddable":true,"href":"https:\/\/www.generationsanstabac.org\/fr\/wp-json\/wp\/v2\/thematique?post=21053"}],"curies":[{"name":"wp","href":"https:\/\/api.w.org\/{rel}","templated":true}]}}