{"id":21050,"date":"2023-05-21T08:00:12","date_gmt":"2023-05-21T06:00:12","guid":{"rendered":"https:\/\/www.generationsanstabac.org\/actualites\/le-canton-de-vaud-lance-une-vaste-campagne-dachats-tests-sur-le-tabac-et-lalcool-pour-proteger-les-mineurs\/"},"modified":"2023-05-21T08:00:12","modified_gmt":"2023-05-21T06:00:12","slug":"le-canton-de-vaud-lance-une-vaste-campagne-dachats-tests-sur-le-tabac-et-lalcool-pour-proteger-les-mineurs","status":"publish","type":"actualites","link":"https:\/\/www.generationsanstabac.org\/fr\/actualites\/le-canton-de-vaud-lance-une-vaste-campagne-dachats-tests-sur-le-tabac-et-lalcool-pour-proteger-les-mineurs\/","title":{"rendered":"Le canton de Vaud lance une vaste campagne d\u2019achats-tests sur le tabac et l\u2019alcool pour prot\u00e9ger les mineurs"},"content":{"rendered":"<p style=\"text-align: justify;\"><em>Con\u00e7us sur le principe des \u00e9tudes \u00ab clients-myst\u00e8res \u00bb, des achats-tests de tabac et d\u2019alcool seront r\u00e9alis\u00e9s durant quatre ans sur un \u00e9chantillon de 400 points de vente. Alliant action pr\u00e9ventive et possibilit\u00e9 de sanctions, ce dispositif devrait contribuer \u00e0 r\u00e9duire les ventes de tabac et d\u2019alcool aux mineurs <\/em><\/p>\n<p style=\"text-align: justify;\">Le respect de l\u2019interdiction de vente aux mineurs est tr\u00e8s variable d\u2019un pays \u00e0 l\u2019autre, en fonction de la culture du pays et de l\u2019effectivit\u00e9 du contr\u00f4le de ces ventes. Pour mettre ce ph\u00e9nom\u00e8ne en \u00e9vidence, les actions de clients-myst\u00e8res apparaissent comme la seule m\u00e9thodologie r\u00e9ellement utilisable.<\/p>\n<p style=\"text-align: justify;\">Inaugur\u00e9es dans le canton de Vaud sous le nom d\u2019\u00ab achats-tests \u00bb, ces actions n\u2019avaient jusqu\u2019ici \u00e9t\u00e9 utilis\u00e9es qu\u2019\u00e0 des fins de sensibilisation des vendeurs. Elles ont montr\u00e9 que, dans ce canton, l\u2019alcool avait \u00e9t\u00e9 vendu \u00e0 des mineurs dans 33,5 % des cas<a href=\"#_ftn1\" name=\"_ftnref1\">[1]<\/a>. Elles vont \u00e0 pr\u00e9sent \u00eatre d\u00e9ploy\u00e9es \u00e0 plus large \u00e9chelle et comprendront aussi la possibilit\u00e9 de sanctions en cas d\u2019infraction r\u00e9p\u00e9t\u00e9e.<\/p>\n<h2 style=\"text-align: justify;\"><strong>Des doubles visites syst\u00e9matiques, \u00e9tal\u00e9es sur quatre ans  <\/strong><\/h2>\n<p style=\"text-align: justify;\">Le d\u00e9ploiement des achats-tests est une initiative commune du D\u00e9partement de l\u2019\u00e9conomie, de l\u2019innovation, de l\u2019emploi et du patrimoine (DEIEP) et du D\u00e9partement de la sant\u00e9 et de l\u2019action sociale (DSAS), le canton de Vaud ayant \u00e9t\u00e9 choisi pour avoir \u00e9t\u00e9 pr\u00e9curseur en la mati\u00e8re<a href=\"#_ftn2\" name=\"_ftnref2\">[2]<\/a>. Dans le dispositif pr\u00e9vu, les op\u00e9rations d\u2019achats-tests sont organis\u00e9es conjointement par la Fondation vaudoise contre l\u2019alcoolisme (FVA), le centre universitaire Unisant\u00e9 et la Police cantonale du commerce (PCC). L\u2019analyse des donn\u00e9es sera pour sa part r\u00e9alis\u00e9e par la fondation Addiction Suisse.<\/p>\n<p style=\"text-align: justify;\">Dirig\u00e9es aussi bien vers les ventes de tabac que d\u2019alcool, ces achats-tests verront intervenir deux mineurs de 14 \u00e0 17 ans, supervis\u00e9s par un adulte. Ces op\u00e9rations vont s\u2019\u00e9tendre de l\u2019\u00e9t\u00e9 2023 \u00e0 fin 2026, soit une p\u00e9riode de quatre ans. 400 points de vente ont \u00e9t\u00e9 s\u00e9lectionn\u00e9s de fa\u00e7on al\u00e9atoire parmi les 5000 du canton et feront l\u2019objet d\u2019au moins deux visites : la premi\u00e8re, en 2023, permet de constater une \u00e9ventuelle infraction et d\u00e9clenche, \u00e0 titre de sensibilisation, l\u2019envoi d\u2019un courrier de la PCC rappelant les obligations des vendeurs et exposant le r\u00e9sultat de l\u2019achat-test. Une seconde visite est ensuite r\u00e9alis\u00e9e dans les ann\u00e9es suivantes, pouvant donner lieu \u00e0 une verbalisation en cas de r\u00e9cidive d\u2019infraction. Une vingtaine de personnes, dont 11 mineurs, ont \u00e9t\u00e9 form\u00e9es \u00e0 cet effet.<\/p>\n<h2 style=\"text-align: justify;\"><strong>Un effet cumulatif qui limite \u00e0 moyen terme les ventes aux mineurs <\/strong><\/h2>\n<p style=\"text-align: justify;\">Une modification de la base l\u00e9gale sur laquelle sont effectu\u00e9s ces achats-tests a permis d\u2019int\u00e9grer un volet de sanctions \u00e0 cette d\u00e9marche. C\u00f4t\u00e9 financement, le montant de cette campagne (140 000 francs suisse pour le tabac, 155 000 francs suisses pour l\u2019alcool \u2013 soit 144 200 euros et 159 650 euros) sera financ\u00e9 par la d\u00eeme, la taxe conf\u00e9d\u00e9rale pr\u00e9lev\u00e9e sur les ventes d\u2019alcool et en partie revers\u00e9e aux cantons.<\/p>\n<p style=\"text-align: justify;\"><em>\u00ab On voit qu&rsquo;en r\u00e9p\u00e9tant ce type d&rsquo;achats-tests, \u00e7a a un effet. Les vagues d&rsquo;achats-tests qui ont \u00e9t\u00e9 faites dans les ann\u00e9es pr\u00e9c\u00e9dentes ont montr\u00e9 que d&rsquo;une vague \u00e0 l&rsquo;autre, la vente aux jeunes diminue &#8211; elle reste cependant beaucoup trop importante, et c&rsquo;est pour \u00e7a qu&rsquo;on le refait \u00bb<\/em>, a pr\u00e9cis\u00e9 Rebecca Ruiz, conseill\u00e8re d&rsquo;Etat en charge de la sant\u00e9, sur la cha\u00eene RTS<a href=\"#_ftn3\" name=\"_ftnref3\">[3]<\/a>. Mme Ruiz reconnaissait que ce dispositif ne prend pas en compte les ventes de tabac ou d\u2019alcool effectu\u00e9es sur Internet, mais estimait que ce type de vente appelle une coordination plus large au niveau conf\u00e9d\u00e9ral.<\/p>\n<p style=\"text-align: justify;\"><strong>Mots-cl\u00e9s : Suisse, Canton de Vaud, alcool, clients-myst\u00e8res, achats-tests.<\/strong><\/p>\n<p><strong><a href=\"https:\/\/www.generationsanstabac.org\/\">\u00a9G\u00e9n\u00e9ration Sans Tabac<\/a><\/strong><\/p>\n<p style=\"text-align: right;\"><em><strong>MF<\/strong><\/em><\/p>\n<p style=\"text-align: justify;\"><a href=\"#_ftnref1\" name=\"_ftn1\">[1]<\/a> <a href=\"https:\/\/www.addictionsuisse.ch\/press\/achats-tests-dalcool-les-mauvais-resultats-montrent-les-limites-du-systeme-actuel\/\"><em>Achats-tests d\u2019alcool: les mauvais r\u00e9sultats montrent les limites du syst\u00e8me actuel<\/em><\/a>, Addiction Suisse, publi\u00e9 le 30 juin 2022, consult\u00e9 le 16 mai 2023<\/p>\n<p style=\"text-align: justify;\"><a href=\"#_ftnref2\" name=\"_ftn2\">[2]<\/a> <a href=\"https:\/\/www.vd.ch\/toutes-les-actualites\/communiques-de-presse\/detail\/communique\/le-canton-de-vaud-lance-une-campagne-dachats-tests-dalcool-et-de-tabac-realises-avec-des-mineurs-1684133254\"><em>Le Canton de Vaud lance une campagne d\u2019achats-tests d\u2019alcool et de tabac r\u00e9alis\u00e9s avec des mineurs<\/em><\/a>, Etat de Vaud, communiqu\u00e9 de presse, publi\u00e9 le 15 mai 2023, consult\u00e9 le 16 mai 2023.<\/p>\n<p style=\"text-align: justify;\"><a href=\"#_ftnref3\" name=\"_ftn3\">[3]<\/a> Furrer J, <a href=\"https:\/\/www.rts.ch\/info\/regions\/vaud\/14025970-vaud-lance-sa-croisade-contre-la-vente-d-alcool-et-de-tabac-aux-mineurs.html?rts_source=rss_t\"><em>Vaud lance sa croisade contre la vente d&rsquo;alcool et de tabac aux mineurs,<\/em><\/a> RTS, publi\u00e9 le 15 mai 2023, le consult\u00e9 le 16 mai 2023.<\/p>\n<p><strong><a href=\"http:\/\/www.cnct.fr\/\" target=\"_blank\" rel=\"noopener noreferrer\">Comit\u00e9 national contre le tabagisme |<\/a><\/strong><\/p>\n","protected":false},"excerpt":{"rendered":"<p>Con\u00e7us sur le principe des \u00e9tudes \u00ab clients-myst\u00e8res \u00bb, des achats-tests de tabac et d\u2019alcool seront r\u00e9alis\u00e9s durant quatre ans sur un \u00e9chantillon de 400 points de vente. Alliant action pr\u00e9ventive et possibilit\u00e9 de sanctions, ce dispositif devrait contribuer \u00e0 r\u00e9duire les ventes de tabac et d\u2019alcool aux mineurs Le respect de l\u2019interdiction de vente [&hellip;]<\/p>\n","protected":false},"featured_media":11559,"template":"","tags":[],"thematique":[491],"class_list":["post-21050","actualites","type-actualites","status-publish","has-post-thumbnail","hentry","thematique-politiques-publiques"],"acf":[],"_links":{"self":[{"href":"https:\/\/www.generationsanstabac.org\/fr\/wp-json\/wp\/v2\/actualites\/21050","targetHints":{"allow":["GET"]}}],"collection":[{"href":"https:\/\/www.generationsanstabac.org\/fr\/wp-json\/wp\/v2\/actualites"}],"about":[{"href":"https:\/\/www.generationsanstabac.org\/fr\/wp-json\/wp\/v2\/types\/actualites"}],"version-history":[{"count":0,"href":"https:\/\/www.generationsanstabac.org\/fr\/wp-json\/wp\/v2\/actualites\/21050\/revisions"}],"wp:featuredmedia":[{"embeddable":true,"href":"https:\/\/www.generationsanstabac.org\/fr\/wp-json\/wp\/v2\/media\/11559"}],"wp:attachment":[{"href":"https:\/\/www.generationsanstabac.org\/fr\/wp-json\/wp\/v2\/media?parent=21050"}],"wp:term":[{"taxonomy":"post_tag","embeddable":true,"href":"https:\/\/www.generationsanstabac.org\/fr\/wp-json\/wp\/v2\/tags?post=21050"},{"taxonomy":"thematique","embeddable":true,"href":"https:\/\/www.generationsanstabac.org\/fr\/wp-json\/wp\/v2\/thematique?post=21050"}],"curies":[{"name":"wp","href":"https:\/\/api.w.org\/{rel}","templated":true}]}}