{"id":21037,"date":"2023-05-10T08:00:19","date_gmt":"2023-05-10T06:00:19","guid":{"rendered":"https:\/\/www.generationsanstabac.org\/actualites\/etats-unis-plus-des-deux-tiers-des-jeunes-declarent-quils-cesseraient-de-vapoter-en-cas-dinterdiction-des-aromes\/"},"modified":"2023-05-10T08:00:19","modified_gmt":"2023-05-10T06:00:19","slug":"etats-unis-plus-des-deux-tiers-des-jeunes-declarent-quils-cesseraient-de-vapoter-en-cas-dinterdiction-des-aromes","status":"publish","type":"actualites","link":"https:\/\/www.generationsanstabac.org\/fr\/actualites\/etats-unis-plus-des-deux-tiers-des-jeunes-declarent-quils-cesseraient-de-vapoter-en-cas-dinterdiction-des-aromes\/","title":{"rendered":"Etats-Unis : plus des deux tiers des jeunes d\u00e9clarent qu\u2019ils cesseraient de vapoter en cas d\u2019interdiction des ar\u00f4mes"},"content":{"rendered":"<p style=\"text-align: justify;\"><em>Une \u00e9tude de l\u2019Ohio State University indique que 71 % des jeunes vapoteurs d\u00e9clarent qu\u2019ils arr\u00eateraient de vapoter si tous les ar\u00f4mes des cigarettes \u00e9lectroniques autres que le tabac \u00e9taient interdits, contre seulement 39 % si les ar\u00f4mes menthol\u00e9s et tabac restaient autoris\u00e9s. Ces \u00e9l\u00e9ments viennent en appui d\u2019une interdiction de l\u2019ensemble des ar\u00f4mes autres que le tabac dans les e-liquides afin de pr\u00e9venir l\u2019initiation des jeunes \u00e0 la d\u00e9pendance nicotinique. <\/em><\/p>\n<p style=\"text-align: justify;\">La multiplication des ar\u00f4mes, notamment sucr\u00e9s, dans les e-liquides des cigarettes \u00e9lectronique est depuis longtemps d\u00e9cri\u00e9e par les acteurs de sant\u00e9 comme une <a href=\"https:\/\/www.generationsanstabac.org\/actualites\/aromes-taux-nicotine-eleves-cigarettes-electroniques-entretiennent-dependance-jeunes\/\">strat\u00e9gie<\/a> des industriels pour attirer les consommateurs les plus jeunes. Cette th\u00e8se semble corrobor\u00e9e par une r\u00e9cente \u00e9tude du Center for Tobacco Research de l\u2019Ohio State University, qui montre que la plupart des jeunes vapoteurs d\u00e9clarent qu\u2019ils abandonneraient la cigarette \u00e9lectronique si une interdiction des ar\u00f4mes autres que la saveur tabac dans les e-liquides \u00e9tait adopt\u00e9e<a href=\"#_ftn1\" name=\"_ftnref1\">[1]<\/a>.<\/p>\n<h2 style=\"text-align: justify;\"><strong>Les amateurs d\u2019ar\u00f4mes fruit\u00e9s seraient plus sensibles \u00e0 une interdiction<\/strong><\/h2>\n<p style=\"text-align: justify;\">Les chercheurs du Center for Tobacco Research ont interrog\u00e9 1414 jeunes utilisateurs r\u00e9guliers de cigarettes \u00e9lectroniques, \u00e2g\u00e9s de 14 \u00e0 21 ans<a href=\"#_ftn2\" name=\"_ftnref2\">[2]<\/a>. Ils ont identifi\u00e9 les types de cigarettes \u00e9lectroniques et d\u2019ar\u00f4mes utilis\u00e9s par ces jeunes, et les ont questionn\u00e9s sur leurs intentions de poursuivre leur pratique du vapotage en cas d\u2019interdiction f\u00e9d\u00e9rale des ar\u00f4mes. Plusieurs configurations d\u2019interdiction ont \u00e9t\u00e9 test\u00e9es, selon que cette interdiction concernerait l\u2019ensemble des ar\u00f4mes des e-liquides autres que le tabac ou qu\u2019elle conc\u00e8derait des exceptions pour les ar\u00f4mes menthol\u00e9s et tabac. Les e-liquides aux saveurs fruits (45 %) et fruits glac\u00e9s (30 %) \u00e9taient les plus appr\u00e9ci\u00e9es parmi les jeunes vapoteurs interrog\u00e9s, devant les saveurs menthe fra\u00eeche (11 %), menthol (10 %) et tabac (3 %). Les cigarettes \u00e9lectroniques jetables \u00e9taient le type de produit de vapotage le plus utilis\u00e9 (47 %).<\/p>\n<p style=\"text-align: justify;\">Les r\u00e9sultats montrent que 38,8 % des jeunes interrog\u00e9s d\u00e9clarent qu\u2019ils stopperaient l\u2019usage des cigarettes \u00e9lectroniques si seuls les ar\u00f4mes menthol et tabac \u00e9taient disponibles. Ils seraient en revanche 70,8 % \u00e0 d\u00e9clarer s\u2019arr\u00eater si une interdiction englobait l\u2019ensemble des ar\u00f4mes autres que la saveur tabac dans les e-liquides. L\u2019intention d\u2019arr\u00eater la cigarette \u00e9lectronique en cas d\u2019interdiction \u00e9tait plus importante lorsque les vapoteurs affichaient une pr\u00e9f\u00e9rence pour les saveurs fruits (78,5 %) et fruits glac\u00e9s (73,1 %), mais elle d\u00e9croissait en fonction du niveau de d\u00e9pendance \u00e0 la nicotine.<\/p>\n<h2 style=\"text-align: justify;\"><strong>Une \u00e9tude qui vient en appui de l\u2019interdiction<\/strong><\/h2>\n<p style=\"text-align: justify;\">Les auteurs de l\u2019\u00e9tude admettent que l\u2019\u00e9chantillon pr\u00e9sentait une l\u00e9g\u00e8re surrepr\u00e9sentation des filles et des personnes blanches, et les r\u00e9ponses apport\u00e9es par les participants ne sont que des intentions, qui devront \u00eatre confirm\u00e9es en situation r\u00e9elle. Les th\u00e8mes des tentatives d\u2019arr\u00eat de la nicotine et du remplacement des cigarettes \u00e9lectroniques par des cigarettes classiques en cas d\u2019interdiction des ar\u00f4mes n\u2019ont pas \u00e9t\u00e9 abord\u00e9s, et pourraient \u00eatre inclus dans de futures \u00e9tudes. Ces auteurs soulignent donc l\u2019int\u00e9r\u00eat qu\u2019une interdiction des ar\u00f4mes autres que le tabac dans les e-liquides pourrait avoir sur les niveaux d\u2019usage des cigarettes \u00e9lectroniques par les jeunes adultes et les adolescents.<\/p>\n<p style=\"text-align: justify;\"><strong>Mots-cl\u00e9s : Etats-Unis, vapotage, jeunes, interdiction des ar\u00f4mes.<\/strong><\/p>\n<p><strong><a href=\"https:\/\/www.generationsanstabac.org\/\">\u00a9G\u00e9n\u00e9ration Sans Tabac<\/a><\/strong><\/p>\n<p style=\"text-align: right;\"><em><strong>MF<\/strong><\/em><\/p>\n<p style=\"text-align: justify;\"><a href=\"#_ftnref1\" name=\"_ftn1\">[1]<\/a> Flynn K, <a href=\"https:\/\/medicalxpress.com\/news\/2023-05-restricting-flavored-e-cigarettes-teens-young.html\"><em>Restricting flavored e-cigarettes may reduce their use among teens and young adults: Study<\/em><\/a>, Medical Xpress, publi\u00e9 le 4 mai 2023, consult\u00e9 le 5 mai 2023.<\/p>\n<p style=\"text-align: justify;\"><a href=\"#_ftnref2\" name=\"_ftn2\">[2]<\/a> Sidhu N, Lechner W, Cwalina S, et al., <a href=\"https:\/\/www.jsad.com\/doi\/10.15288\/jsad.21-00466\"><em>Adolescent and Young Adult Response to Hypothetical E-Liquid Flavor Restrictions<\/em><\/a>, Journal of Studies on Alcohol and Drugs, 2023 84:2, 303-308.<\/p>\n<p><strong><a href=\"http:\/\/www.cnct.fr\/\" target=\"_blank\" rel=\"noopener noreferrer\">Comit\u00e9 national contre le tabagisme |<\/a><\/strong><\/p>\n","protected":false},"excerpt":{"rendered":"<p>Une \u00e9tude de l\u2019Ohio State University indique que 71 % des jeunes vapoteurs d\u00e9clarent qu\u2019ils arr\u00eateraient de vapoter si les ar\u00f4mes des cigarettes \u00e9lectroniques autres que le tabac \u00e9taient interdits.<\/p>\n","protected":false},"featured_media":20063,"template":"","tags":[],"thematique":[502,516],"class_list":["post-21037","actualites","type-actualites","status-publish","has-post-thumbnail","hentry","thematique-justice","thematique-nouveaux-produits"],"acf":[],"_links":{"self":[{"href":"https:\/\/www.generationsanstabac.org\/fr\/wp-json\/wp\/v2\/actualites\/21037","targetHints":{"allow":["GET"]}}],"collection":[{"href":"https:\/\/www.generationsanstabac.org\/fr\/wp-json\/wp\/v2\/actualites"}],"about":[{"href":"https:\/\/www.generationsanstabac.org\/fr\/wp-json\/wp\/v2\/types\/actualites"}],"version-history":[{"count":0,"href":"https:\/\/www.generationsanstabac.org\/fr\/wp-json\/wp\/v2\/actualites\/21037\/revisions"}],"wp:featuredmedia":[{"embeddable":true,"href":"https:\/\/www.generationsanstabac.org\/fr\/wp-json\/wp\/v2\/media\/20063"}],"wp:attachment":[{"href":"https:\/\/www.generationsanstabac.org\/fr\/wp-json\/wp\/v2\/media?parent=21037"}],"wp:term":[{"taxonomy":"post_tag","embeddable":true,"href":"https:\/\/www.generationsanstabac.org\/fr\/wp-json\/wp\/v2\/tags?post=21037"},{"taxonomy":"thematique","embeddable":true,"href":"https:\/\/www.generationsanstabac.org\/fr\/wp-json\/wp\/v2\/thematique?post=21037"}],"curies":[{"name":"wp","href":"https:\/\/api.w.org\/{rel}","templated":true}]}}