{"id":21032,"date":"2023-05-04T08:00:52","date_gmt":"2023-05-04T06:00:52","guid":{"rendered":"https:\/\/www.generationsanstabac.org\/actualites\/sante-publique-france-reactive-sa-campagne-de-denormalisation-du-tabac\/"},"modified":"2025-01-16T15:53:55","modified_gmt":"2025-01-16T14:53:55","slug":"sante-publique-france-reactive-sa-campagne-de-denormalisation-du-tabac","status":"publish","type":"actualites","link":"https:\/\/www.generationsanstabac.org\/fr\/actualites\/sante-publique-france-reactive-sa-campagne-de-denormalisation-du-tabac\/","title":{"rendered":"Sant\u00e9 Publique France r\u00e9active sa campagne de d\u00e9normalisation du tabac"},"content":{"rendered":"<p style=\"text-align: justify\"><em>Pour la troisi\u00e8me ann\u00e9e, Sant\u00e9 Publique France diffuse une campagne de communication visant \u00e0 d\u00e9normaliser l\u2019usage du tabac et \u00e0 pr\u00e9senter les b\u00e9n\u00e9fices d\u2019une vie sans tabac.<\/em><\/p>\n<p style=\"text-align: justify\">Montrer des images d\u2019une vie o\u00f9 le tabac n\u2019a pas sa place et inviter les spectateurs \u00e0 se passer du tabac, tels sont les principaux messages de la campagne \u00ab Bienvenue dans une vie sans tabac \u00bb. Diffus\u00e9e du 2 au 31 mai 2023 par Sant\u00e9 Publique France pour la troisi\u00e8me ann\u00e9e cons\u00e9cutive, cette campagne propose de rejoindre <em>\u00ab les 50 millions de Fran\u00e7ais qui vivent sans tabac \u00bb<a href=\"#_ftn1\" name=\"_ftnref1\"><strong>[1]<\/strong><\/a><\/em>.<\/p>\n<h2 style=\"text-align: justify\"><strong>Une invitation \u00e0 vivre sans tabac et \u00e0 s\u2019en \u00e9loigner<\/strong><\/h2>\n<p style=\"text-align: justify\">Plut\u00f4t que de pointer les dangers du tabac et les maladies qu\u2019il cause, cette campagne se veut positive et insiste sur les bons moments de la vie. Il est sans cesse question du tabac, mais celui-ci est absent des sc\u00e8nes de la vie et n\u2019appara\u00eet que sous l\u2019angle du sevrage. Les difficult\u00e9s de ce sevrage ne sont pas ni\u00e9es, elles sont simplement relativis\u00e9es : tous les fumeurs ne rencontrent pas les m\u00eames difficult\u00e9s au moment de l\u2019arr\u00eat du tabac, lequel peut parfois se r\u00e9v\u00e9ler plus simple qu\u2019il n\u2019y para\u00eet.<\/p>\n<p style=\"text-align: justify\">Les films et les affiches de cette campagne visent avant tout \u00e0 renforcer la motivation des fumeurs dans leur arr\u00eat du tabac. Ils montrent qu\u2019une vie sans tabac est possible, \u00e0 port\u00e9e de main, qu\u2019il suffit d\u2019essayer, que le sevrage complet est atteignable m\u00eame s\u2019il n\u00e9cessite parfois plusieurs tentatives avant d\u2019aboutir. Comme souvent dans le domaine des addictions, redonner confiance aux consommateurs sur leurs chances de r\u00e9ussir est l\u2019un des leviers les plus efficaces.<\/p>\n<h2 style=\"text-align: justify\"><strong>La d\u00e9normalisation, condition indispensable d\u2019une g\u00e9n\u00e9ration sans tabac<\/strong><\/h2>\n<p style=\"text-align: justify\">La d\u00e9normalisation du tabac consiste \u00e0 le soustraire de toutes les situations o\u00f9 il semblait autrefois normal que des personnes fument. Les interdictions de fumer dans les lieux de travail, les lieux publics et les caf\u00e9s et restaurants ont montr\u00e9 que l\u2019objectif de lieux sans tabac est non seulement envisageable, mais aussi que ce type de mesure est vivement appr\u00e9ci\u00e9 par les non fumeurs comme par les fumeurs. La g\u00e9n\u00e9ralisation des plages et des espaces ext\u00e9rieurs sans tabac participe \u00e0 cette logique de suppression de l\u2019image publique du tabac. Les <a href=\"https:\/\/www.generationsanstabac.org\/actualites\/omnipresence-du-tabac-dans-le-cinema-francais\/\">films<\/a> et les <a href=\"https:\/\/www.generationsanstabac.org\/actualites\/forte-presence-du-tabagisme-dans-les-series-tv-populaires-aupres-des-jeunes\/\">s\u00e9ries<\/a> contribuent \u00e0 notre perception du monde et sont \u00e0 nouveau fr\u00e9quemment utilis\u00e9s par les industriels du tabac, en multipliant les situations mettant en sc\u00e8ne des fumeurs (et maintenant des vapoteurs) afin de renormaliser le tabac. L\u2019image du tabac a en effet beaucoup souffert depuis les proc\u00e8s intent\u00e9s aux principaux fabricants aux Etats-Unis dans les ann\u00e9es 1990 et les diverses r\u00e9v\u00e9lations sur les proc\u00e9d\u00e9s utilis\u00e9s par cette industrie pour entretenir l\u2019addiction \u00e0 la nicotine.<\/p>\n<p style=\"text-align: justify\">D\u00e9normaliser le tabac, c\u2019est \u00e9galement l\u2019un des principaux axes du Livre blanc <em>\u00ab Parvenir \u00e0 une g\u00e9n\u00e9ration sans tabac \u00bb<\/em>, que vient d\u2019\u00e9diter le Comit\u00e9 national contre le tabagisme (CNCT)<a href=\"#_ftn2\" name=\"_ftnref2\">[2]<\/a>. Ce document d\u00e9taille un ensemble de mesures pour parvenir en 2032 \u00e0 l\u2019objectif de 5 % de pr\u00e9valence tabagique chez les jeunes n\u00e9s en 2014. Ces propositions sont notamment \u00e9mises en vue de contribuer au prochain plan national de lutte contre le tabac 2023-2027, dont la publication pourrait intervenir \u00e0 la fin mai 2023<a href=\"#_ftn3\" name=\"_ftnref3\">[3]<\/a>. La d\u00e9normalisation du tabac est pr\u00e9sent\u00e9e \u00e0 la fois comme un moyen et comme une condition d\u2019atteindre cet objectif d\u2019une g\u00e9n\u00e9ration sans tabac : c\u2019est lorsque le tabac dispara\u00eet de notre environnement qu\u2019il est plus facile de vivre sans.<\/p>\n<p style=\"text-align: justify\"><strong>Mots-cl\u00e9s : Sant\u00e9 Publique France, Bienvenue dans un monde sans tabac, d\u00e9normalisation, Livre blanc.<\/strong><\/p>\n<p><strong><a href=\"https:\/\/www.generationsanstabac.org\/\">\u00a9G\u00e9n\u00e9ration Sans Tabac<\/a><\/strong><\/p>\n<p style=\"text-align: right\"><em><strong>MF<\/strong><\/em><\/p>\n<p style=\"text-align: justify\"><a href=\"#_ftnref1\" name=\"_ftn1\">[1]<\/a> <a href=\"https:\/\/www.santepubliquefrance.fr\/les-actualites\/2022\/viesanstabac-sante-publique-france-rediffuse-et-renforce-sa-campagne-bienvenue-dans-une-vie-sans-tabac\"><em>#viesanstabac : Sant\u00e9 publique France rediffuse et renforce sa campagne \u00ab Bienvenue dans une vie sans tabac \u00bb<\/em><\/a>, Sant\u00e9 Publique France, publi\u00e9 le 3 mai 2022, consult\u00e9 le 2 mai 2023.<\/p>\n<p style=\"text-align: justify\"><a href=\"#_ftnref2\" name=\"_ftn2\">[2]<\/a> <a href=\"https:\/\/cnct.fr\/communiques\/le-comite-national-contre-le-tabagisme-propose-des-mesures-fortes-pour-parvenir-a-une-generation-sans-tabac-dici-2032\/\"><em>Le Comit\u00e9 national contre le tabagisme (CNCT) propose des mesures fortes pour parvenir \u00e0 une g\u00e9n\u00e9ration sans tabac d\u2019ici 2032<\/em><\/a>, CNCT, Communiqu\u00e9 de presse, consult\u00e9 le 2 mai 2023.<\/p>\n<p style=\"text-align: justify\"><a href=\"#_ftnref3\" name=\"_ftn3\">[3]<\/a> Chayet D, <em><a href=\"https:\/\/www.lefigaro.fr\/sciences\/suppression-des-filtres-interdiction-aux-moins-de-21-ans-six-mesures-fortes-pour-une-generation-sans-tabac-en-2032-20230502\">Suppression des filtres, interdiction aux moins de 21 ans&#8230; : six mesures fortes pour une \u00abg\u00e9n\u00e9ration sans tabac\u00bb en 2032<\/a><\/em>, Le Figaro, publi\u00e9 le 2 mai 2023, consult\u00e9 le 2 mai 2023.<\/p>\n<p><strong><a href=\"http:\/\/www.cnct.fr\/\" target=\"_blank\" rel=\"noopener noreferrer\">Comit\u00e9 national contre le tabagisme |<\/a><\/strong><\/p>\n","protected":false},"excerpt":{"rendered":"<p>Pour la troisi\u00e8me ann\u00e9e, Sant\u00e9 Publique France diffuse une campagne de communication visant \u00e0 d\u00e9normaliser l\u2019usage du tabac et \u00e0 pr\u00e9senter les b\u00e9n\u00e9fices d\u2019une vie sans tabac.<\/p>\n","protected":false},"featured_media":9891,"template":"","tags":[],"thematique":[474,565],"class_list":["post-21032","actualites","type-actualites","status-publish","has-post-thumbnail","hentry","thematique-sante","thematique-sensibilisation"],"acf":[],"_links":{"self":[{"href":"https:\/\/www.generationsanstabac.org\/fr\/wp-json\/wp\/v2\/actualites\/21032","targetHints":{"allow":["GET"]}}],"collection":[{"href":"https:\/\/www.generationsanstabac.org\/fr\/wp-json\/wp\/v2\/actualites"}],"about":[{"href":"https:\/\/www.generationsanstabac.org\/fr\/wp-json\/wp\/v2\/types\/actualites"}],"version-history":[{"count":0,"href":"https:\/\/www.generationsanstabac.org\/fr\/wp-json\/wp\/v2\/actualites\/21032\/revisions"}],"wp:featuredmedia":[{"embeddable":true,"href":"https:\/\/www.generationsanstabac.org\/fr\/wp-json\/wp\/v2\/media\/9891"}],"wp:attachment":[{"href":"https:\/\/www.generationsanstabac.org\/fr\/wp-json\/wp\/v2\/media?parent=21032"}],"wp:term":[{"taxonomy":"post_tag","embeddable":true,"href":"https:\/\/www.generationsanstabac.org\/fr\/wp-json\/wp\/v2\/tags?post=21032"},{"taxonomy":"thematique","embeddable":true,"href":"https:\/\/www.generationsanstabac.org\/fr\/wp-json\/wp\/v2\/thematique?post=21032"}],"curies":[{"name":"wp","href":"https:\/\/api.w.org\/{rel}","templated":true}]}}