{"id":21030,"date":"2023-05-03T08:00:01","date_gmt":"2023-05-03T06:00:01","guid":{"rendered":"https:\/\/www.generationsanstabac.org\/actualites\/des-associations-environnementales-et-de-sante-publique-demandent-linterdiction-des-puffs-en-france\/"},"modified":"2023-05-03T08:00:01","modified_gmt":"2023-05-03T06:00:01","slug":"des-associations-environnementales-et-de-sante-publique-demandent-linterdiction-des-puffs-en-france","status":"publish","type":"actualites","link":"https:\/\/www.generationsanstabac.org\/fr\/actualites\/des-associations-environnementales-et-de-sante-publique-demandent-linterdiction-des-puffs-en-france\/","title":{"rendered":"Des associations environnementales et de sant\u00e9 publique demandent l\u2019interdiction des puffs en France"},"content":{"rendered":"<p style=\"text-align: justify;\"><em>Dans une tribune publi\u00e9e dans Le Monde le 1<sup>er<\/sup> mai 2023, un collectif de 22 associations appelle \u00e0 interdire les puffs &#8211; les cigarettes \u00e9lectroniques jetables &#8211; en France, \u00e0 l\u2019exemple des demandes d\u2019interdiction d\u00e9j\u00e0 d\u00e9pos\u00e9es en Allemagne, en Belgique et en Irlande.<\/em><\/p>\n<p style=\"text-align: justify;\">Apparues \u00e0 l\u2019automne 2021 sur le march\u00e9 fran\u00e7ais, les cigarettes \u00e9lectroniques jetables \u2013 commun\u00e9ment appel\u00e9es <em>puffs<\/em> \u2013 ont connu un succ\u00e8s fulgurant, en particulier aupr\u00e8s des plus jeunes et des adolescents. Vendues non seulement dans les d\u00e9bits de tabac et les magasins sp\u00e9cialis\u00e9s dans le vapotage, ces puffs le sont aussi dans des grandes surfaces, des magasins discount ou des kiosques \u00e0 journaux. Moins ch\u00e8res qu\u2019un paquet de cigarettes, elles contiennent de 600 \u00e0 plus de 2000 bouff\u00e9es et jusqu\u2019\u00e0 20 mg\/ml de nicotine<a href=\"#_ftn1\" name=\"_ftnref1\">[1]<\/a>, et peuvent conduire \u00e0 une rapide d\u00e9pendance. D\u00e9clin\u00e9es sous des centaines d\u2019ar\u00f4mes, la plupart sucr\u00e9s, et commercialis\u00e9es sous des emballages tr\u00e8s color\u00e9s, les puffs semblent davantage destin\u00e9es \u00e0 s\u00e9duire les publics jeunes qu\u2019\u00e0 aider au sevrage tabagique des adultes.<\/p>\n<p style=\"text-align: justify;\">La vente de ces cigarettes \u00e9lectroniques jetables est en principe r\u00e9serv\u00e9e au plus de 18 ans, mais en l\u2019absence compl\u00e8te de contr\u00f4les, aussi bien dans les d\u00e9bits de tabac que dans tous les autres lieux de vente, il est tr\u00e8s facile pour des mineurs de se les procurer. Les millions d\u2019exemplaires vendus finissent le plus souvent <a href=\"https:\/\/www.generationsanstabac.org\/actualites\/une-majorite-des-cigarettes-electroniques-jetables-ne-sont-pas-recyclees-et-finissent-dans-les-decharges\/\">jet\u00e9s<\/a> au sol ou \u00e0 la poubelle, faute de circuit appropri\u00e9 de collecte et de traitement.<\/p>\n<h2 style=\"text-align: justify;\"><strong>Une porte d\u2019entr\u00e9e dans la d\u00e9pendance nicotinique<\/strong><\/h2>\n<p style=\"text-align: justify;\">C\u2019est pour enrayer leur diffusion et une v\u00e9ritable <a href=\"https:\/\/www.generationsanstabac.org\/actualites\/le-desastre-environnemental-des-cigarettes-electroniques-jetables\/\">catastrophe environnementale<\/a> qu\u2019un collectif demande aujourd\u2019hui l\u2019interdiction de ces produits. 22 associations environnementales et de sant\u00e9 publique ont appel\u00e9, dans une tribune publi\u00e9e ce 1<sup>er<\/sup> mai 2023 dans Le Monde, \u00e0 soutenir la proposition de loi d\u2019interdiction des puffs d\u00e9pos\u00e9e par une trentaine de d\u00e9put\u00e9s et \u00e0 la mettre \u00e0 l\u2019ordre du jour l\u00e9gislatif<a href=\"#_ftn2\" name=\"_ftnref2\">[2]<\/a>. Aux c\u00f4t\u00e9s des membres de l\u2019Alliance contre le tabac (ACT), se trouvent des associations comme la fondation Surfrider, France Nature Environnement, Zero Waste France, No plastic in my sea ou Swim for change.<\/p>\n<p style=\"text-align: justify;\">Ce collectif pointe \u00e0 la fois le r\u00f4le des puffs dans l\u2019installation de la d\u00e9pendance nicotinique et les cons\u00e9quences environnementales des d\u00e9chets caus\u00e9s par les cigarettes \u00e9lectroniques jetables. Du point de vue sanitaire, les experts de sant\u00e9 estiment que les puffs constituent d\u2019autant plus une porte d\u2019entr\u00e9e dans la d\u00e9pendance nicotinique qu\u2019elles contiennent des <a href=\"https:\/\/cnct.fr\/topic\/sels-de-nicotine-quels-risques\/\">sels de nicotine<\/a>, lesquels d\u00e9livrent rapidement de fortes quantit\u00e9s de nicotine. Publi\u00e9e en septembre 2022, une \u00e9tude de l\u2019ACT indiquait que 28 % des 13-16 ans interrog\u00e9s s\u2019\u00e9taient initi\u00e9s \u00e0 la nicotine en utilisant une puff. Apr\u00e8s avoir alert\u00e9 les pouvoirs publics d\u00e8s l\u2019apparition de ces produits en France, le Comit\u00e9 national contre le tabagisme (CNCT) \u2013 qui surveille la diffusion des nouveaux produits du tabac et de la nicotine \u2013 et l\u2019ACT avaient <a href=\"https:\/\/www.generationsanstabac.org\/actualites\/deux-associations-proposent-linterdiction-des-cigarettes-electroniques-jetables-puffs\/\">d\u00e9j\u00e0 appel\u00e9<\/a> \u00e0 une m\u00eame interdiction fin octobre 2022.<\/p>\n<h2 style=\"text-align: justify;\"><strong>Le d\u00e9sastre environnemental des puffs<\/strong><\/h2>\n<p style=\"text-align: justify;\">Les d\u00e9chets occasionn\u00e9s par les puffs sont l\u2019autre motivation pour les interdire. Chaque puff est dot\u00e9e d\u2019une batterie qui contient en moyenne 0,15 g de lithium, mais aussi des substances chimiques (sels de nicotine, traces de m\u00e9taux lourds), du plastique et des composants \u00e9lectroniques qui en font des d\u00e9chets complexes et non recycl\u00e9s. Ces d\u00e9chets polluent sols, nappes phr\u00e9atiques et oc\u00e9ans, et menacent la biodiversit\u00e9, comme le font les 4500 milliards de m\u00e9gots jet\u00e9s au sol chaque ann\u00e9e.<\/p>\n<p style=\"text-align: justify;\">Plusieurs pays, dont les <a href=\"https:\/\/www.generationsanstabac.org\/actualites\/etats-unis-des-millions-de-puffs-non-recyclees-finissent-a-la-poubelle\/\">Etats-Unis<\/a> et le Royaume-Uni, ont commenc\u00e9 \u00e0 s\u2019alarmer des quantit\u00e9s ph\u00e9nom\u00e9nales de ces d\u00e9chets, li\u00e9es aux succ\u00e8s commercial des puffs. En Europe, les puffs contreviennent aux r\u00e9glementations sur la r\u00e9utilisation des batteries et sur les plastiques \u00e0 usage unique. Des demandes d\u2019interdiction des puffs ayant \u00e9t\u00e9 d\u00e9pos\u00e9es en <a href=\"https:\/\/www.generationsanstabac.org\/actualites\/irlande-envisage-dinterdire-les-cigarettes-electroniques-jetables\/\">Irlande<\/a>, en <a href=\"https:\/\/www.generationsanstabac.org\/actualites\/la-belgique-depose-une-demande-dinterdiction-des-cigarettes-electroniques-jetables-puffs-aupres-de-lue\/\">Belgique,<\/a> en <a href=\"https:\/\/www.generationsanstabac.org\/actualites\/lecosse-lance-une-etude-sur-limpact-environnemental-des-puffs\/\">Ecosse<\/a> ainsi qu\u2019en <a href=\"https:\/\/www.generationsanstabac.org\/actualites\/baviere-demande-interdiction-puffs-allemagne-europe\/\">Allemagne<\/a>, il semble logique que la France porte une mesure forte pour ce type de produits.<\/p>\n<p style=\"text-align: justify;\"><em>Pour en savoir davantage sur les puffs, lire notre <\/em><a href=\"https:\/\/www.generationsanstabac.org\/article\/puffs-risque-epidemie-pediatrique\/\"><em>d\u00e9cryptage<\/em><\/a><em>. <\/em><a href=\"#_ftnref1\" name=\"_ftn1\"><\/a><\/p>\n<p style=\"text-align: justify;\"><strong>Mots-cl\u00e9s : cigarettes \u00e9lectroniques jetables, puff, d\u00e9chets, environnement, ACT, France.<\/strong><\/p>\n<p style=\"text-align: justify;\"><strong><a href=\"https:\/\/www.generationsanstabac.org\/\">\u00a9G\u00e9n\u00e9ration Sans Tabac<\/a><\/strong><\/p>\n<p style=\"text-align: right;\"><em><strong>MF<\/strong><\/em><\/p>\n<p style=\"text-align: justify;\"><a href=\"#_ftnref1\" name=\"_ftn1\">[1]<\/a> Certains mod\u00e8les de puffs, interdits en France mais commercialis\u00e9s en ligne, comprennent jusqu\u2019\u00e0 50 mg\/ml de nicotine.<\/p>\n<p style=\"text-align: justify;\"><a href=\"#_ftnref2\" name=\"_ftn2\">[2]<\/a>  <a href=\"https:\/\/www.lemonde.fr\/idees\/article\/2023\/04\/30\/la-cigarette-electronique-jetable-puff-un-fleau-environnemental-et-sanitaire-qu-il-faut-interdire-d-urgence_6171614_3232.html\"><em>\u00ab La cigarette \u00e9lectronique jetable \u201cpuff\u201d, un fl\u00e9au environnemental et sanitaire qu\u2019il faut interdire d\u2019urgence \u00bb<\/em><\/a>, Le Monde, publi\u00e9 le 1<sup>er<\/sup> mai 2023, consult\u00e9 le 2 mai 2023<\/p>\n<p><strong><a href=\"http:\/\/www.cnct.fr\/\" target=\"_blank\" rel=\"noopener noreferrer\">Comit\u00e9 national contre le tabagisme |<\/a><\/strong><\/p>\n","protected":false},"excerpt":{"rendered":"<p>Dans une tribune publi\u00e9e dans Le Monde le 1er mai 2023, un collectif de 22 associations appelle \u00e0 interdire les puffs &#8211; les cigarettes \u00e9lectroniques jetables &#8211; en France, \u00e0 l\u2019exemple des demandes d\u2019interdiction d\u00e9j\u00e0 d\u00e9pos\u00e9es en Allemagne, en Belgique et en Irlande.<\/p>\n","protected":false},"featured_media":21031,"template":"","tags":[],"thematique":[502,516],"class_list":["post-21030","actualites","type-actualites","status-publish","has-post-thumbnail","hentry","thematique-justice","thematique-nouveaux-produits"],"acf":[],"_links":{"self":[{"href":"https:\/\/www.generationsanstabac.org\/fr\/wp-json\/wp\/v2\/actualites\/21030","targetHints":{"allow":["GET"]}}],"collection":[{"href":"https:\/\/www.generationsanstabac.org\/fr\/wp-json\/wp\/v2\/actualites"}],"about":[{"href":"https:\/\/www.generationsanstabac.org\/fr\/wp-json\/wp\/v2\/types\/actualites"}],"version-history":[{"count":0,"href":"https:\/\/www.generationsanstabac.org\/fr\/wp-json\/wp\/v2\/actualites\/21030\/revisions"}],"wp:featuredmedia":[{"embeddable":true,"href":"https:\/\/www.generationsanstabac.org\/fr\/wp-json\/wp\/v2\/media\/21031"}],"wp:attachment":[{"href":"https:\/\/www.generationsanstabac.org\/fr\/wp-json\/wp\/v2\/media?parent=21030"}],"wp:term":[{"taxonomy":"post_tag","embeddable":true,"href":"https:\/\/www.generationsanstabac.org\/fr\/wp-json\/wp\/v2\/tags?post=21030"},{"taxonomy":"thematique","embeddable":true,"href":"https:\/\/www.generationsanstabac.org\/fr\/wp-json\/wp\/v2\/thematique?post=21030"}],"curies":[{"name":"wp","href":"https:\/\/api.w.org\/{rel}","templated":true}]}}