{"id":21026,"date":"2023-04-27T12:33:43","date_gmt":"2023-04-27T10:33:43","guid":{"rendered":"https:\/\/www.generationsanstabac.org\/actualites\/belgique-le-conseil-superieur-de-la-sante-demande-linterdiction-des-filtres-a-cigarettes\/"},"modified":"2023-04-27T12:33:43","modified_gmt":"2023-04-27T10:33:43","slug":"belgique-le-conseil-superieur-de-la-sante-demande-linterdiction-des-filtres-a-cigarettes","status":"publish","type":"actualites","link":"https:\/\/www.generationsanstabac.org\/fr\/actualites\/belgique-le-conseil-superieur-de-la-sante-demande-linterdiction-des-filtres-a-cigarettes\/","title":{"rendered":"Belgique : Le Conseil sup\u00e9rieur de la sant\u00e9 demande l\u2019interdiction des filtres \u00e0 cigarettes"},"content":{"rendered":"<p style=\"text-align: justify;\"><em>Les cigarettes avec filtre sont tout aussi nocives pour la sant\u00e9 que les cigarettes sans filtre, r\u00e9v\u00e8le une nouvelle analyse du Conseil sup\u00e9rieur belge de la sant\u00e9 (CSS). Selon l\u2019organisme, les filtres cr\u00e9ent un faux sentiment de s\u00e9curit\u00e9 et peuvent m\u00eame augmenter la quantit\u00e9 de substances canc\u00e9rig\u00e8nes dans la fum\u00e9e de cigarette. De plus, l\u2019avis souligne l\u2019impact caus\u00e9 par les filtres sur l\u2019environnement, en raison des microplastiques lib\u00e9r\u00e9s lors de leur d\u00e9composition. Le CSS recommande ainsi une interdiction g\u00e9n\u00e9rale des filtres \u00e0 cigarette, tant en Belgique qu\u2019au niveau europ\u00e9en<a href=\"#_ftn1\" name=\"_ftnref1\"><strong>[1]<\/strong><\/a>.<\/em><\/p>\n<p style=\"text-align: justify;\">Le CSS r\u00e9pond ainsi \u00e0 une demande re\u00e7ue \u00e0 l\u2019\u00e9t\u00e9 2022 du ministre f\u00e9d\u00e9ral du Climat, de l&rsquo;Environnement, du D\u00e9veloppement durable et du Green Deal concernant l&rsquo;utilisation de filtres en plastique dans les cigarettes.<\/p>\n<p style=\"text-align: justify;\">La semaine derni\u00e8re, le gouvernement n\u00e9erlandais s\u2019est \u00e9galement positionn\u00e9 en faveur d\u2019une interdiction des filtres dans les cigarettes \u00e0 l\u2019\u00e9chelle europ\u00e9enne.<\/p>\n<h2 style=\"text-align: justify;\"><strong>Les filtres n\u2019ont aucune justification sanitaire selon le Conseil <\/strong><\/h2>\n<p style=\"text-align: justify;\">Dans ses conclusions, le CSS conclut que le filtre doit uniquement \u00eatre consid\u00e9r\u00e9 comme un outil marketing d\u00e9velopp\u00e9 par l\u2019industrie du tabac en r\u00e9ponse aux inqui\u00e9tudes grandissantes des effets du tabagisme sur la sant\u00e9 dans la seconde moiti\u00e9 du 20<sup>\u00e8me<\/sup> si\u00e8cle et que les filtres ne pr\u00e9sentent \u00ab <em>aucun avantage av\u00e9r\u00e9 au niveau de la pr\u00e9vention des effets n\u00e9fastes du tabagisme sur la sant\u00e9 <\/em>\u00bb.<\/p>\n<p style=\"text-align: justify;\">Les filtres \u00e0 cigarettes donnent un faux sentiment de s\u00e9curit\u00e9 car le fumeur croit qu&rsquo;ils purifient la fum\u00e9e des substances nocives, selon le rapport. S&rsquo;il est vrai qu&rsquo;ils arr\u00eatent certaines particules de suie et de nicotine, ils ont aussi des effets secondaires n\u00e9fastes : un filtre produit plus de substances canc\u00e9rig\u00e8nes parce que le tabac br\u00fble plus lentement et de mani\u00e8re incompl\u00e8te. En outre, les fumeurs inhalent souvent plus profond\u00e9ment (ou plus souvent) pour compenser.<\/p>\n<p style=\"text-align: justify;\">Les filtres r\u00e9duisent le caract\u00e8re irritant pour les voies respiratoires de la fum\u00e9e, ce qui facilite l\u2019initiation des jeunes et emp\u00eachent le d\u00e9p\u00f4t dans la bouche de brins de tabac. Cela signifie qu&rsquo;une interdiction des filtres rendrait le tabagisme moins attrayant, ce qui pourrait r\u00e9duire le nombre total de cigarettes fum\u00e9es et contrer l\u2019initiation des jeunes.<\/p>\n<h2 style=\"text-align: justify;\"><strong>Les filtres biod\u00e9gradables ne sont pas une solution<\/strong><\/h2>\n<p style=\"text-align: justify;\">L\u2019industrie du tabac se pr\u00e9pare \u00e0 l\u2019\u00e9ventualit\u00e9 d\u2019une interdiction du filtre en proposant des \u00ab alternatives \u00bb, notamment les filtres dit \u00ab biod\u00e9gradables \u00bb. Dans son avis, le Conseil ne consid\u00e8re pas la promotion des filtres biod\u00e9gradables comme une solution. En effet, les filtres biod\u00e9gradables continueraient \u00e0 lib\u00e9rer des substances chimiques nocives dans l&rsquo;environnement s&rsquo;ils \u00e9taient jet\u00e9s de mani\u00e8re inappropri\u00e9e. De plus, ce type de filtre pourrait induire le consommateur en erreur qui pourrait penser que jeter son m\u00e9got dans la nature aurait moins d\u2019incidence, ce qui conduirait \u00e0 terme \u00e0 des risques major\u00e9s pour l\u2019environnement. Enfin, il est certain que l&rsquo;industrie du tabac utilisera ces filtres biod\u00e9gradables comme une opportunit\u00e9 marketing dans le cadre de ses activit\u00e9s de responsabilit\u00e9 sociale des entreprises pour se pr\u00e9senter comme un acteur responsable et esp\u00e9rer redorer son image.<\/p>\n<p style=\"text-align: justify;\">Etant donn\u00e9 que le filtre n\u2019a aucun avantage sur la sant\u00e9 du fumeur, introduire des filtres dit \u00ab biod\u00e9gradables \u00bb pourrait conduire \u00e0 une renormalisation du tabagisme en maintenant l\u2019attractivit\u00e9 du produit.<\/p>\n<h2 style=\"text-align: justify;\"><strong>L\u2019interdiction du filtre, au c\u0153ur du trait\u00e9 international sur le plastique <\/strong><\/h2>\n<p style=\"text-align: justify;\">Le Conseil sup\u00e9rieur de la sant\u00e9 demande que les filtres soient consid\u00e9r\u00e9s comme des produits plastiques \u00e0 usage unique non-d\u00e9gradables, au m\u00eame titre que les sacs plastiques jetables. Cependant, introduire une telle interdiction au niveau national est compliqu\u00e9e en raison de la forte ing\u00e9rence de l&rsquo;industrie du tabac d\u00e9termin\u00e9e \u00e0 prot\u00e9ger ses propres int\u00e9r\u00eats. Le Conseil propose ainsi de mettre en \u0153uvre imm\u00e9diatement une telle interdiction des filtres au niveau europ\u00e9en.<\/p>\n<p style=\"text-align: justify;\">C\u2019est une mesure qui est port\u00e9e et d\u00e9fendue par les acteurs de lutte contre le tabac et de protection de l\u2019environnement \u00e0 l\u2019approche de la deuxi\u00e8me session de n\u00e9gociations du trait\u00e9 sur la pollution plastique, qui se tiendra \u00e0 Paris du 29 mai au 2 juin 2023<a href=\"#_ftn2\" name=\"_ftnref2\">[2]<\/a>. R\u00e9unies sous la Stop Tobacco Pollution Alliance (STPA), une coalition mondiale d\u2019organisations, les ONG souhaitent faire reconna\u00eetre la pollution majeure li\u00e9e aux m\u00e9gots dans le monde et inscrire leur interdiction dans le trait\u00e9.<\/p>\n<p style=\"text-align: justify;\"><strong>Mots-cl\u00e9s : Belgique, interdiction des filtres, pollution plastique, Europe, trait\u00e9 plastique<\/strong><\/p>\n<p><strong><a href=\"https:\/\/www.generationsanstabac.org\/\">\u00a9G\u00e9n\u00e9ration Sans Tabac<\/a><\/strong><\/p>\n<p style=\"text-align: right;\"><b><i>AE<\/i><\/b><\/p>\n<hr \/>\n<p style=\"text-align: justify;\"><a href=\"#_ftnref1\" name=\"_ftn1\">[1]<\/a> <a href=\"https:\/\/www.health.belgium.be\/fr\/les-filtres-cigarette-font-plus-de-mal-que-de-bien\">Les filtres \u00e0 cigarette font plus de mal que de bien<\/a>, Service public f\u00e9d\u00e9ral Sant\u00e9 publique, S\u00e9curit\u00e9 de la cha\u00eene alimentaire et Environnement de Belgique, publi\u00e9 le 26 avril 2023, consult\u00e9 le 27 avril 2023<\/p>\n<p style=\"text-align: justify;\"><a href=\"#_ftnref2\" name=\"_ftn2\">[2]<\/a> G\u00e9n\u00e9ration sans tabac, <a href=\"https:\/\/www.generationsanstabac.org\/actualites\/les-filtres-de-cigarettes-enjeu-de-poids-du-traite-sur-la-pollution-plastique\/\">Les filtres de cigarettes, enjeu de poids du trait\u00e9 sur la pollution plastique<\/a>, publi\u00e9 le 18 avril 2023, consult\u00e9 le 27 avril 2023<\/p>\n<p><strong><a href=\"http:\/\/www.cnct.fr\/\" target=\"_blank\" rel=\"noopener noreferrer\">Comit\u00e9 national contre le tabagisme |<\/a><\/strong><\/p>\n","protected":false},"excerpt":{"rendered":"<p>Le Conseil sup\u00e9rieur de la sant\u00e9  recommande ainsi une interdiction g\u00e9n\u00e9rale des filtres \u00e0 cigarette, tant en Belgique qu\u2019au niveau europ\u00e9en.<\/p>\n","protected":false},"featured_media":11525,"template":"","tags":[],"thematique":[480,491],"class_list":["post-21026","actualites","type-actualites","status-publish","has-post-thumbnail","hentry","thematique-environnement","thematique-politiques-publiques"],"acf":[],"_links":{"self":[{"href":"https:\/\/www.generationsanstabac.org\/fr\/wp-json\/wp\/v2\/actualites\/21026","targetHints":{"allow":["GET"]}}],"collection":[{"href":"https:\/\/www.generationsanstabac.org\/fr\/wp-json\/wp\/v2\/actualites"}],"about":[{"href":"https:\/\/www.generationsanstabac.org\/fr\/wp-json\/wp\/v2\/types\/actualites"}],"version-history":[{"count":0,"href":"https:\/\/www.generationsanstabac.org\/fr\/wp-json\/wp\/v2\/actualites\/21026\/revisions"}],"wp:featuredmedia":[{"embeddable":true,"href":"https:\/\/www.generationsanstabac.org\/fr\/wp-json\/wp\/v2\/media\/11525"}],"wp:attachment":[{"href":"https:\/\/www.generationsanstabac.org\/fr\/wp-json\/wp\/v2\/media?parent=21026"}],"wp:term":[{"taxonomy":"post_tag","embeddable":true,"href":"https:\/\/www.generationsanstabac.org\/fr\/wp-json\/wp\/v2\/tags?post=21026"},{"taxonomy":"thematique","embeddable":true,"href":"https:\/\/www.generationsanstabac.org\/fr\/wp-json\/wp\/v2\/thematique?post=21026"}],"curies":[{"name":"wp","href":"https:\/\/api.w.org\/{rel}","templated":true}]}}