{"id":21022,"date":"2023-04-27T08:00:38","date_gmt":"2023-04-27T06:00:38","guid":{"rendered":"https:\/\/www.generationsanstabac.org\/actualites\/aux-pays-bas-pmi-a-recu-en-2021-une-subvention-environnementale-pour-renover-une-usine\/"},"modified":"2023-04-27T08:00:38","modified_gmt":"2023-04-27T06:00:38","slug":"aux-pays-bas-pmi-a-recu-en-2021-une-subvention-environnementale-pour-renover-une-usine","status":"publish","type":"actualites","link":"https:\/\/www.generationsanstabac.org\/fr\/actualites\/aux-pays-bas-pmi-a-recu-en-2021-une-subvention-environnementale-pour-renover-une-usine\/","title":{"rendered":"Aux Pays-Bas, PMI a re\u00e7u en 2021 une subvention environnementale pour r\u00e9nover une usine"},"content":{"rendered":"<p style=\"text-align: justify;\"><em>Philip Morris International a touch\u00e9 en 2021 une subvention de 268 000 \u20ac du gouvernement n\u00e9erlandais pour rendre plus durable la production d\u2019une de ses usines. Bien que le cigarettier ait finalement renonc\u00e9 \u00e0 ce montant, la d\u00e9couverte tardive de cette aide publique a provoqu\u00e9 un toll\u00e9 g\u00e9n\u00e9ral. <\/em><\/p>\n<p style=\"text-align: justify;\">Alors les Pays-Bas s\u2019interrogent sur de <a href=\"https:\/\/www.generationsanstabac.org\/actualites\/pays-bas-le-rivm-suggere-plusieurs-pistes-pour-briser-lattractivite-des-cigarettes\/\">nouvelles mesures<\/a> de lutte contre le tabagisme et que le gouvernement n\u00e9erlandais envisage d\u2019interdire les filtres de cigarettes et les <a href=\"https:\/\/www.generationsanstabac.org\/actualites\/les-pays-bas-interdisent-les-sachets-de-nicotine\/\">sachets de nicotine<\/a>, la r\u00e9v\u00e9lation par RTL Z d\u2019une subvention publique \u00e0 Philip Morris International (PMI) en 2021 provoque le scandale.<\/p>\n<h2 style=\"text-align: justify;\"><strong>Une subvention visant \u00e0 am\u00e9liorer la durabilit\u00e9 de l\u2019usine <\/strong><\/h2>\n<p style=\"text-align: justify;\">Dans le cadre de subventions environnementales destin\u00e9es \u00e0 r\u00e9duire les \u00e9missions de CO<sup>2<\/sup> de l\u2019industrie, l\u2019usine de Bergen op Zoom de PMI remplissait les conditions n\u00e9cessaires et s\u2019est vue octroy\u00e9e un montant de 268 000 euros d\u2019aide publique<a href=\"#_ftn1\" name=\"_ftnref1\">[1]<\/a>. Cette usine fabrique des cigarettes ainsi que des \u00ab produits semi-finis \u00bb pour cigarettes \u00e9lectroniques.<\/p>\n<p style=\"text-align: justify;\">Ayant renonc\u00e9 au deuxi\u00e8me semestre 2021 \u00e0 engager les travaux pr\u00e9vus dans le cadre de cette subvention et n\u2019\u00e9tant de fait plus \u00e9ligible, PMI a finalement restitu\u00e9 les sommes per\u00e7ues. La multinationale du tabac a cependant pour objectif d\u2019atteindre la neutralit\u00e9 carbone pour cette usine d\u2019ici trois ans et compte y investir 15,5 millions d\u2019euros sur fonds propres. Cette op\u00e9ration s\u2019inscrit dans l\u2019intense communication environnementale d\u00e9ploy\u00e9e par PMI pour redorer son image, au titre de la responsabilit\u00e9 sociale des entreprises (RSE).<\/p>\n<h2 style=\"text-align: justify;\"><strong>Vives r\u00e9actions de toute la classe politique <\/strong><\/h2>\n<p style=\"text-align: justify;\">La r\u00e9v\u00e9lation de cette information le 24 avril 2023 a d\u00e9clench\u00e9 l\u2019indignation de l\u2019ensemble des parlementaires, majorit\u00e9 et opposition confondues. L\u2019id\u00e9e que des subventions publiques, qui plus est dans le domaine environnemental, puissent \u00eatre vers\u00e9es \u00e0 un industriel du tabac appara\u00eet particuli\u00e8rement incongrue. <em>\u00ab Cette affaire montre pourquoi nous voulons des r\u00e8gles plus strictes pour ce type d\u2019entreprises \u00bb<\/em>, a notamment r\u00e9agi Suzanne Kr\u00f6ger, du parti GroenLinks (Gauche verte), <em>\u00ab il est absurde de mettre l\u2019argent de la durabilit\u00e9 dans des usines dont nous voulons nous d\u00e9barrasser \u00bb<\/em>.<\/p>\n<p style=\"text-align: justify;\">La situation est d\u2019autant plus embarrassante pour le gouvernement que le lourd tribut environnemental de l\u2019industrie du tabac devient de plus en plus connu et qu\u2019il a fait l\u2019objet de la <a href=\"https:\/\/www.generationsanstabac.org\/article\/journee-mondiale-sans-tabac-consequences-environnement-tabac\/\">Journ\u00e9e mondiale sans tabac<\/a> en 2022. Dans le contexte des r\u00e9unions pr\u00e9paratoires \u00e0 la n\u00e9gociation du trait\u00e9 international sur les <a href=\"https:\/\/www.generationsanstabac.org\/actualites\/les-filtres-de-cigarettes-enjeu-de-poids-du-traite-sur-la-pollution-plastique\/\">plastiques<\/a>, Vivianne Heijnen, la ministre n\u00e9erlandaise de l\u2019Environnement, a elle-m\u00eame pris position en faveur de l\u2019interdiction des filtres dans les cigarettes<a href=\"#_ftn2\" name=\"_ftnref2\">[2]<\/a>, une mesure port\u00e9e par les acteurs de la lutte contre le tabagisme. Elle a insist\u00e9 sur le caract\u00e8re n\u00e9cessairement europ\u00e9en d\u2019une telle mesure, dans l\u2019objectif de la r\u00e9vision de la directive sur l\u2019interdiction des plastiques \u00e0 usage unique en 2026. L\u2019attribution de fonds publics \u00e0 l\u2019industrie du tabac repr\u00e9sente pour sa part une violation manifeste des directives d\u2019application de la Convention-cadre pour la lutte antitabac (CCLAT) et de son article 5.3.<\/p>\n<p style=\"text-align: justify;\"><em>Pour en savoir davantage sur l\u2019interdiction des filtres de cigarettes, lire notre <\/em><a href=\"https:\/\/www.generationsanstabac.org\/article\/interdire-le-filtre-est-le-seul-moyen-pour-reduire-la-pollution-liee-aux-megots\/\"><em>d\u00e9cryptage<\/em><\/a><em>.<\/em><\/p>\n<p style=\"text-align: justify;\"><strong>Mots-cl\u00e9s : Pays-Bas, subvention, Philip Morris, environnement, filtres.<\/strong><\/p>\n<p style=\"text-align: justify;\"><strong><a href=\"https:\/\/www.generationsanstabac.org\/\">\u00a9G\u00e9n\u00e9ration Sans Tabac<\/a><\/strong><\/p>\n<p style=\"text-align: right;\"><em><strong>MF<\/strong><\/em><\/p>\n<p style=\"text-align: justify;\"><a href=\"#_ftnref1\" name=\"_ftn1\">[1]<\/a> <a href=\"https:\/\/netherlands.postsen.com\/business\/amp\/175386\"><em>The Ministry gave tons of subsidy to cigarette manufacturer Philip Morris<\/em><\/a>, Netherlands Posts English, publi\u00e9 le 24 avril 2023 (traduction de Pauw M, <a href=\"https:\/\/www.rtlnieuws.nl\/economie\/artikel\/5379705\/philip-morris-subsidie-economische-zaken-en-klimaat-verduurzaming\"><em>Ministerie gaf tonnen subsidie aan sigarettenfabrikant Philip Morris<\/em><\/a>, RTL Nieuws, publi\u00e9 le 24 avril 2024), consult\u00e9 le 25 avril 2023.<\/p>\n<p style=\"text-align: justify;\"><a href=\"#_ftnref2\" name=\"_ftn2\">[2]<\/a> <a href=\"https:\/\/www.dutchnews.nl\/news\/2023\/04\/ban-is-best-way-to-stop-cigarette-filter-menance-minister\/#:~:text=The%20best%20way%20of%20preventing,in%20a%20briefing%20to%20MPs\"><em>Ban is best way to stop cigarette filter menace: minister<\/em><\/a>, DutchNews.nl, publi\u00e9 le 21 avril 2023, consult\u00e9 le 25 avril 2023.<\/p>\n<p><strong><a href=\"http:\/\/www.cnct.fr\/\" target=\"_blank\" rel=\"noopener noreferrer\">Comit\u00e9 national contre le tabagisme |<\/a><\/strong><\/p>\n","protected":false},"excerpt":{"rendered":"<p>Philip Morris International a touch\u00e9 en 2021 une subvention du gouvernement n\u00e9erlandais pour rendre plus durable la production d\u2019une usine.<\/p>\n","protected":false},"featured_media":19537,"template":"","tags":[],"thematique":[480,499],"class_list":["post-21022","actualites","type-actualites","status-publish","has-post-thumbnail","hentry","thematique-environnement","thematique-lobby"],"acf":[],"_links":{"self":[{"href":"https:\/\/www.generationsanstabac.org\/fr\/wp-json\/wp\/v2\/actualites\/21022","targetHints":{"allow":["GET"]}}],"collection":[{"href":"https:\/\/www.generationsanstabac.org\/fr\/wp-json\/wp\/v2\/actualites"}],"about":[{"href":"https:\/\/www.generationsanstabac.org\/fr\/wp-json\/wp\/v2\/types\/actualites"}],"version-history":[{"count":0,"href":"https:\/\/www.generationsanstabac.org\/fr\/wp-json\/wp\/v2\/actualites\/21022\/revisions"}],"wp:featuredmedia":[{"embeddable":true,"href":"https:\/\/www.generationsanstabac.org\/fr\/wp-json\/wp\/v2\/media\/19537"}],"wp:attachment":[{"href":"https:\/\/www.generationsanstabac.org\/fr\/wp-json\/wp\/v2\/media?parent=21022"}],"wp:term":[{"taxonomy":"post_tag","embeddable":true,"href":"https:\/\/www.generationsanstabac.org\/fr\/wp-json\/wp\/v2\/tags?post=21022"},{"taxonomy":"thematique","embeddable":true,"href":"https:\/\/www.generationsanstabac.org\/fr\/wp-json\/wp\/v2\/thematique?post=21022"}],"curies":[{"name":"wp","href":"https:\/\/api.w.org\/{rel}","templated":true}]}}