{"id":21020,"date":"2023-04-25T08:00:00","date_gmt":"2023-04-25T06:00:00","guid":{"rendered":"https:\/\/www.generationsanstabac.org\/actualites\/les-pays-bas-interdisent-les-sachets-de-nicotine\/"},"modified":"2023-04-25T08:00:00","modified_gmt":"2023-04-25T06:00:00","slug":"les-pays-bas-interdisent-les-sachets-de-nicotine","status":"publish","type":"actualites","link":"https:\/\/www.generationsanstabac.org\/fr\/actualites\/les-pays-bas-interdisent-les-sachets-de-nicotine\/","title":{"rendered":"Les Pays-Bas interdisent les sachets de nicotine"},"content":{"rendered":"<p style=\"text-align: justify;\"><em>Le gouvernement n\u00e9erlandais a d\u00e9clar\u00e9 le 21 avril qu&rsquo;il pr\u00e9voit d&rsquo;interdire la vente de tous les types de sachets de nicotine aux Pays-Bas, tout en \u00e9largissant les r\u00e9glementations applicables au tabac \u00e0 tous les autres types de produits \u00e0 base de nicotine sans tabac. Le gouvernement pr\u00e9voit \u00e9galement d\u2019interdire de consommer les sachets de nicotine dans les lieux o\u00f9 il est interdit de fumer. <\/em><\/p>\n<p style=\"text-align: justify;\">Le gouvernement a d\u00e9clar\u00e9 que cette interdiction devrait clarifier la situation en ce qui concerne la r\u00e9glementation des sachets de nicotine. Jusqu&rsquo;\u00e0 pr\u00e9sent, ils \u00e9taient autoris\u00e9s \u00e0 la vente uniquement s&rsquo;ils contenaient moins de 0,035 gramme de nicotine. D\u00e9sormais, l&rsquo;ensemble de ces produits se trouvent rattach\u00e9s aux produits du tabac dans la cat\u00e9gorie des produits interdits \u00e0 la vente.<\/p>\n<p style=\"text-align: justify;\">D&rsquo;autres produits nicotiniques sans tabac, tels que les pierres \u00e0 vaporiser, propos\u00e9es comme \u00ab alternatives \u00bb moins risqu\u00e9es au tabac \u00e0 chicha, seront soumis aux m\u00eames r\u00e8gles que les produits du tabac. Cela signifie que les interdictions de publicit\u00e9 et de vente aux mineurs s\u2019appliqueront.<\/p>\n<h2 style=\"text-align: justify;\"><strong>Des produits destin\u00e9s \u00e0 recruter de nouveaux consommateurs <\/strong><\/h2>\n<p style=\"text-align: justify;\">Selon le Secr\u00e9taire d\u2019Etat \u00e0 la sant\u00e9, au bien-\u00eatre et aux sports, Van Ooijen, ces nouveaux produits contenant de la nicotine sont commercialis\u00e9s par l\u2019industrie du tabac pour recruter de nouveaux jeunes consommateurs. Il pr\u00e9cise \u00ab <em>Il est logique de traiter les produits qui peuvent \u00eatre utilis\u00e9s comme alternatives aux produits du tabac selon la m\u00eame loi (&#8230;) Nous franchissons ainsi une nouvelle \u00e9tape dans la cr\u00e9ation d&rsquo;une g\u00e9n\u00e9ration sans tabac<\/em> \u00bb<a href=\"#_ftn1\" name=\"_ftnref1\">[1]<\/a>.<\/p>\n<p style=\"text-align: justify;\">D\u00e9but avril, la Belgique a \u00e9galement interdit les sachets de nicotine dans la perspective d\u2019une g\u00e9n\u00e9ration sans tabac, rappelant que les sachets de nicotine sont clairement commercialis\u00e9s avec un ciblage des jeunes au regard des nombreux aromes propos\u00e9s.<\/p>\n<p style=\"text-align: justify;\">En interdisant, outre la vente des sachets, leur consommation dans les lieux o\u00f9 il est interdit de fumer, le gouvernement n\u00e9erlandais souhaite r\u00e9agir \u00e0 l\u2019un des principaux arguments marketing des fabricants, \u00e0 savoir que le sachet de nicotine est consommable partout et n\u2019importe quand.<\/p>\n<h2 style=\"text-align: justify;\"><strong>Des r\u00e9glementations floues autour des sachets de nicotine<\/strong><\/h2>\n<p style=\"text-align: justify;\">En Europe, ces produits sont souvent commercialis\u00e9s sous l\u2019appellation trompeuse de \u00ab snus \u00bb. Si les sachets de nicotine se consomment de la m\u00eame mani\u00e8re que le snus, en \u00e9tant plac\u00e9s entre la l\u00e8vre sup\u00e9rieure et la gencive, ces sachets de nicotine ne contiennent pas de tabac. En revanche leur teneur en nicotine est tr\u00e8s \u00e9lev\u00e9. Le march\u00e9 de ces produits conna\u00eet une tr\u00e8s rapide croissance, les ventes mondiales \u00e9tant pass\u00e9es de 292 millions d\u2019unit\u00e9s en 2018 \u00e0 6,8 milliards d\u2019unit\u00e9s en 2021, soit une croissance de plus de 2000 %.<\/p>\n<p style=\"text-align: justify;\">Puisque les sachets de nicotine ne contiennent pas de tabac mais de la nicotine de synth\u00e8se, ces produits posent des probl\u00e8mes l\u00e9gislatifs sp\u00e9cifiques. Les fabricants profitent du flou juridique entourant ces produits pour les commercialiser de mani\u00e8re agressive sur les lieux de vente et en ligne. Une r\u00e9cent \u00e9tude<a href=\"#_ftn2\" name=\"_ftnref2\">[2]<\/a> a fait le point sur les r\u00e9glementations concernant les sachets de nicotine selon les pays. Diff\u00e9rentes strat\u00e9gies de r\u00e9glementation sont adopt\u00e9es d\u2019un \u00e9tat \u00e0 l\u2019autre. La plupart de ces r\u00e9glementations se rattachent \u00e0 celle relative aux produits du tabac ou leurs d\u00e9riv\u00e9s. Selon les auteurs de cette \u00e9tude, une piste de r\u00e9glementation envisageable porterait sur la r\u00e9glementation de la nicotine en tant que telle.<\/p>\n<p style=\"text-align: justify;\"><strong>Mots-cl\u00e9s : Pays-Bas, sachets de nicotine, interdiction, nouveaux produits, g\u00e9n\u00e9ration sans tabac<\/strong><\/p>\n<p><strong><a href=\"https:\/\/www.generationsanstabac.org\/\">\u00a9G\u00e9n\u00e9ration Sans Tabac<\/a><\/strong><\/p>\n<p style=\"text-align: right;\"><em><strong>AE<\/strong><\/em><\/p>\n<p style=\"text-align: justify;\"><a href=\"#_ftnref1\" name=\"_ftn1\">[1]<\/a> Communiqu\u00e9 de presse, <a href=\"https:\/\/www.rijksoverheid.nl\/actueel\/nieuws\/2023\/04\/21\/kabinet-besluit-tot-totaalverbod-op-nicotinezakjes#:~:text=Sinds%20november%202021%20is%20het,er%20in%20een%20nicotinezakje%20zit.\">Kabinet besluit tot totaalverbod op nicotinezakjes<\/a>, gouvernement des Pays-Bas, publi\u00e9 le 21 avril 2023, consult\u00e9 le 24 avril 2023<\/p>\n<p style=\"text-align: justify;\"><a href=\"#_ftnref2\" name=\"_ftn2\">[2]<\/a> G\u00e9n\u00e9ration sans tabac, <a href=\"https:\/\/www.generationsanstabac.org\/actualites\/etat-des-lieux-international-de-la-reglementation-sur-les-sachets-de-nicotine\/\">Etat des lieux international de la r\u00e9glementation sur les sachets de nicotine<\/a>, publi\u00e9 le 9 f\u00e9vrier 2023, consult\u00e9 le 24 avril 2023<\/p>\n<p><strong><a href=\"http:\/\/www.cnct.fr\/\" target=\"_blank\" rel=\"noopener noreferrer\">Comit\u00e9 national contre le tabagisme |<\/a><\/strong><\/p>\n","protected":false},"excerpt":{"rendered":"<p>Le gouvernement n\u00e9erlandais a d\u00e9clar\u00e9 le 21 avril qu&rsquo;il pr\u00e9voit d&rsquo;interdire la vente de tous les types de sachets de nicotine aux Pays-Bas.<\/p>\n","protected":false},"featured_media":10373,"template":"","tags":[],"thematique":[502,516],"class_list":["post-21020","actualites","type-actualites","status-publish","has-post-thumbnail","hentry","thematique-justice","thematique-nouveaux-produits"],"acf":[],"_links":{"self":[{"href":"https:\/\/www.generationsanstabac.org\/fr\/wp-json\/wp\/v2\/actualites\/21020","targetHints":{"allow":["GET"]}}],"collection":[{"href":"https:\/\/www.generationsanstabac.org\/fr\/wp-json\/wp\/v2\/actualites"}],"about":[{"href":"https:\/\/www.generationsanstabac.org\/fr\/wp-json\/wp\/v2\/types\/actualites"}],"version-history":[{"count":0,"href":"https:\/\/www.generationsanstabac.org\/fr\/wp-json\/wp\/v2\/actualites\/21020\/revisions"}],"wp:featuredmedia":[{"embeddable":true,"href":"https:\/\/www.generationsanstabac.org\/fr\/wp-json\/wp\/v2\/media\/10373"}],"wp:attachment":[{"href":"https:\/\/www.generationsanstabac.org\/fr\/wp-json\/wp\/v2\/media?parent=21020"}],"wp:term":[{"taxonomy":"post_tag","embeddable":true,"href":"https:\/\/www.generationsanstabac.org\/fr\/wp-json\/wp\/v2\/tags?post=21020"},{"taxonomy":"thematique","embeddable":true,"href":"https:\/\/www.generationsanstabac.org\/fr\/wp-json\/wp\/v2\/thematique?post=21020"}],"curies":[{"name":"wp","href":"https:\/\/api.w.org\/{rel}","templated":true}]}}