{"id":21006,"date":"2023-04-15T08:00:15","date_gmt":"2023-04-15T06:00:15","guid":{"rendered":"https:\/\/www.generationsanstabac.org\/actualites\/le-tabagisme-passif-touche-tous-les-enfants-meme-chez-les-non-fumeurs\/"},"modified":"2023-04-15T08:00:15","modified_gmt":"2023-04-15T06:00:15","slug":"le-tabagisme-passif-touche-tous-les-enfants-meme-chez-les-non-fumeurs","status":"publish","type":"actualites","link":"https:\/\/www.generationsanstabac.org\/fr\/actualites\/le-tabagisme-passif-touche-tous-les-enfants-meme-chez-les-non-fumeurs\/","title":{"rendered":"Le tabagisme passif touche tous les enfants, m\u00eame chez les non-fumeurs"},"content":{"rendered":"<p style=\"text-align: justify;\"><em>Si les enfants des fumeurs sont plus expos\u00e9s que d\u2019autres au tabagisme passif quelles que soient les pr\u00e9cautions prises par les parents, les enfants de non-fumeurs y sont aussi sensiblement expos\u00e9s, indique une \u00e9tude isra\u00e9lienne. La diversit\u00e9 des sources d\u2019exposition attire surtout l\u2019attention sur les \u00e9missions de fum\u00e9e de tabac aux abords des foyers. <\/em><\/p>\n<p style=\"text-align: justify;\">Les enfants sont particuli\u00e8rement vuln\u00e9rables face au tabagisme passif et lui paient un lourd tribut en termes de <a href=\"https:\/\/www.generationsanstabac.org\/actualites\/etats-unis-enfants-tabagisme-passif-hopital\/\">morbidit\u00e9<\/a> et de mortalit\u00e9. De nombreuses \u00e9tudes ont d\u00e9j\u00e0 montr\u00e9 que les enfants de fumeurs sont plus particuli\u00e8rement expos\u00e9s aux fum\u00e9es secondaires et <a href=\"https:\/\/www.generationsanstabac.org\/actualites\/tabagisme-ultrapassif-dangers-reels-pour-votre-sante\/\">tertiaires<\/a>, malgr\u00e9 les pr\u00e9cautions que peuvent prendre les parents fumeurs au sein de leur foyer.<\/p>\n<p style=\"text-align: justify;\">Une \u00e9tude isra\u00e9lienne confirme ces travaux et souligne que les enfants de foyers non-fumeurs sont \u00e9galement touch\u00e9s par ce ph\u00e9nom\u00e8ne, dans une moindre proportion<a href=\"#_ftn1\" name=\"_ftnref1\">[1]<\/a>. Plusieurs hypoth\u00e8ses sont avanc\u00e9es pour expliquer ces r\u00e9sultats et quelques recommandations sont formul\u00e9es pour y rem\u00e9dier.<\/p>\n<h2 style=\"text-align: justify;\"><strong>Les enfants de fumeurs plus fortement expos\u00e9s <\/strong><\/h2>\n<p style=\"text-align: justify;\">La recherche isra\u00e9lienne s\u2019appuie sur deux \u00e9tudes ayant eu recours \u00e0 une analyse des traces de nicotine pr\u00e9sentes chez les cheveux des enfants. L\u2019une de ces \u00e9tudes portait sur des enfants de fumeurs, en diff\u00e9renciant dans leur foyer les emplacements int\u00e9rieurs et ext\u00e9rieurs dans lesquels au moins l\u2019un des deux parents avait l\u2019habitude de fumer. L\u2019autre \u00e9tude portait sur des enfants r\u00e9sidant dans un foyer o\u00f9 les deux parents \u00e9taient non-fumeurs.<\/p>\n<p style=\"text-align: justify;\">Les r\u00e9sultats montrent des traces de nicotine pr\u00e9sentes chez 69 % des enfants de foyers fumeurs, contre 35 % chez ceux de foyers non-fumeurs. Parmi les enfants de foyers o\u00f9 au moins l\u2019un des deux parents fume, les variations de lieu de consommation du tabac n\u2019influent qu\u2019assez peu : si 75 % des enfants pr\u00e9sentent des traces de nicotine lorsque les parents fument au sein du logement (que ce soit dans une pi\u00e8ce d\u00e9di\u00e9e ou dans l\u2019ensemble du logement), ils sont 71 % \u00e0 l\u2019\u00eatre lorsque le parent fume dans la cour ou le jardin, et 62 % lorsque le parent fume devant un porche ou sur un balcon.<\/p>\n<p style=\"text-align: justify;\">La forte exposition des enfants de fumeurs aux fum\u00e9es secondaires et tertiaires est comparable \u00e0 celle observ\u00e9e dans d\u2019autres \u00e9tudes. Elle est maximale en cas de consommation \u00e0 l\u2019int\u00e9rieur du logement, mais reste tr\u00e8s \u00e9lev\u00e9e lorsque le parent fume \u00e0 l\u2019ext\u00e9rieur. Sur ce dernier point, les auteurs avancent l\u2019id\u00e9e d\u2019un reflux de la fum\u00e9e de tabac vers l\u2019int\u00e9rieur des habitations, mais soulignent aussi que les parents fumeurs sont, sur leurs doigts et leurs v\u00eatements, porteurs de particules de fum\u00e9e tertiaire, qu\u2019ils d\u00e9posent dans leur foyer ou directement sur leurs enfants. Le niveau d\u2019\u00e9ducation des parents, les croyances erron\u00e9es sur la diffusion de la fum\u00e9e de tabac  ainsi que le nombre de cigarettes consomm\u00e9es peuvent nettement influer sur l\u2019importance de l\u2019exposition des enfants \u00e0 la nicotine. Fumer dans un espace ext\u00e9rieur couvert, comme une terrasse de restaurant, augmente par exemple de moiti\u00e9 l\u2019exposition \u00e0 la fum\u00e9e de tabac en comparaison d\u2019un espace ext\u00e9rieur non couvert<a href=\"#_ftn2\" name=\"_ftnref2\">[2]<\/a>.<\/p>\n<h2 style=\"text-align: justify;\"><strong>L\u2019exposition des enfants de non-fumeurs laisse interrogatif<\/strong><\/h2>\n<p style=\"text-align: justify;\">La pr\u00e9sence de traces de nicotine dans les cheveux d\u2019un tiers des enfants de foyers non- fumeurs laisse encore de nombreuses interrogations quant \u00e0 leur origine. Elles pourraient provenir de la fum\u00e9e d\u2019autres foyers mitoyens dans les habitations collectives, du passage de fumeurs dans le logement, de d\u00e9p\u00f4ts de fum\u00e9e tertiaire laiss\u00e9s par de pr\u00e9c\u00e9dents occupants du logement, ou d\u2019une contamination \u00e0 l\u2019ext\u00e9rieur du foyer, en s\u00e9journant dans d\u2019autres foyers, dans des v\u00e9hicules de fumeurs ou dans des espaces publics. Les effectifs tr\u00e8s r\u00e9duits de cette recherche, en particulier pour le volet qui concerne les enfants de non-fumeurs, ne permettent toutefois pas de mieux identifier de quelles sources proviendrait l\u2019exposition des enfants \u00e0 la nicotine.<\/p>\n<p style=\"text-align: justify;\">Parmi les recommandations \u00e9mises par les chercheurs, vient en priorit\u00e9 l\u2019interdiction de fumer dans un p\u00e9rim\u00e8tre d\u2019au moins 9 m\u00e8tres d\u2019une habitation, d\u2019un enfant ou d\u2019un v\u00e9hicule transportant un enfant. Ils sugg\u00e8rent aussi une intense campagne pour sensibiliser les parents \u00e0 mieux prot\u00e9ger leurs enfants et leurs habitations de la fum\u00e9e. L\u2019encouragement des parents \u00e0 arr\u00eater de fumer s\u2019impose comme une \u00e9vidence, mais ne suffit pas \u00e0 \u00e9viter compl\u00e8tement l\u2019exposition des enfants. Accentuer la d\u00e9normalisation du tabac dans la soci\u00e9t\u00e9 et relancer le Plan pour la r\u00e9duction du tabagisme et de ses m\u00e9faits en Isra\u00ebl constituent les autres \u00e9tapes logiques pour limiter l\u2019exposition des enfants.<\/p>\n<p style=\"text-align: justify;\"><strong>Mots-cl\u00e9s : Isra\u00ebl, enfants, tabagisme passif, fum\u00e9e secondaire, fum\u00e9e tertiaire.<\/strong><\/p>\n<p style=\"text-align: justify;\"><strong><a href=\"https:\/\/www.generationsanstabac.org\/\">\u00a9G\u00e9n\u00e9ration Sans Tabac<\/a><\/strong><\/p>\n<p style=\"text-align: right;\"><em><strong>MF<\/strong><\/em><\/p>\n<p style=\"text-align: justify;\"><a href=\"#_ftnref1\" name=\"_ftn1\">[1]<\/a> Rosen LJ, Zucker DM, Gravely S, Bitan M, Rule AM, Myers V. <a href=\"https:\/\/www.mdpi.com\/1660-4601\/20\/4\/3523\"><em>Tobacco Smoke Exposure According to Location of Home Smoking in Israel: Findings from the Project Zero Exposure Study<\/em><\/a>. Int. J. Environ. Res. Public Health. 2023; 20(4):3523.<\/p>\n<p style=\"text-align: justify;\"><a href=\"#_ftnref2\" name=\"_ftn2\">[2]<\/a> CameronM, Brennan E, Durkin S, Borland R, Travers M, Hyland A, Spitta M, Wakefield M. <a href=\"https:\/\/tobaccocontrol.bmj.com\/content\/19\/1\/19\"><em>Secondhand smoke exposure (PM 2.5) in outdoor dining areas and its correlates.<\/em><\/a> Tob. Control 2010, 19, 19\u201323.<\/p>\n<p style=\"text-align: justify;\"><strong><a href=\"http:\/\/www.cnct.fr\/\" target=\"_blank\" rel=\"noopener noreferrer\">Comit\u00e9 national contre le tabagisme |<\/a><\/strong><\/p>\n","protected":false},"excerpt":{"rendered":"<p>Si les enfants des fumeurs sont plus expos\u00e9s que d\u2019autres au tabagisme passif, les enfants de non-fumeurs y sont aussi sensiblement expos\u00e9s.<\/p>\n","protected":false},"featured_media":11496,"template":"","tags":[],"thematique":[474],"class_list":["post-21006","actualites","type-actualites","status-publish","has-post-thumbnail","hentry","thematique-sante"],"acf":[],"_links":{"self":[{"href":"https:\/\/www.generationsanstabac.org\/fr\/wp-json\/wp\/v2\/actualites\/21006","targetHints":{"allow":["GET"]}}],"collection":[{"href":"https:\/\/www.generationsanstabac.org\/fr\/wp-json\/wp\/v2\/actualites"}],"about":[{"href":"https:\/\/www.generationsanstabac.org\/fr\/wp-json\/wp\/v2\/types\/actualites"}],"version-history":[{"count":0,"href":"https:\/\/www.generationsanstabac.org\/fr\/wp-json\/wp\/v2\/actualites\/21006\/revisions"}],"wp:featuredmedia":[{"embeddable":true,"href":"https:\/\/www.generationsanstabac.org\/fr\/wp-json\/wp\/v2\/media\/11496"}],"wp:attachment":[{"href":"https:\/\/www.generationsanstabac.org\/fr\/wp-json\/wp\/v2\/media?parent=21006"}],"wp:term":[{"taxonomy":"post_tag","embeddable":true,"href":"https:\/\/www.generationsanstabac.org\/fr\/wp-json\/wp\/v2\/tags?post=21006"},{"taxonomy":"thematique","embeddable":true,"href":"https:\/\/www.generationsanstabac.org\/fr\/wp-json\/wp\/v2\/thematique?post=21006"}],"curies":[{"name":"wp","href":"https:\/\/api.w.org\/{rel}","templated":true}]}}