{"id":20999,"date":"2023-04-10T08:00:00","date_gmt":"2023-04-10T06:00:00","guid":{"rendered":"https:\/\/www.generationsanstabac.org\/actualites\/lindustrie-du-tabac-alimente-les-croyances-sur-la-contrebande-de-cigarettes-en-europe\/"},"modified":"2023-04-10T08:00:00","modified_gmt":"2023-04-10T06:00:00","slug":"lindustrie-du-tabac-alimente-les-croyances-sur-la-contrebande-de-cigarettes-en-europe","status":"publish","type":"actualites","link":"https:\/\/www.generationsanstabac.org\/fr\/actualites\/lindustrie-du-tabac-alimente-les-croyances-sur-la-contrebande-de-cigarettes-en-europe\/","title":{"rendered":"L\u2019industrie du tabac alimente les croyances sur la contrebande de cigarettes en Europe"},"content":{"rendered":"<p style=\"text-align: justify;\"><em>Pour tenter d\u2019influer sur la prochaine directive europ\u00e9enne sur les produits du tabac (TPD) et tenter d\u2019enrayer les hausses de taxes, les industriels d\u00e9noncent le syst\u00e8me europ\u00e9en de tra\u00e7abilit\u00e9 des produits du tabac, tandis que Philip Morris publie un sondage europ\u00e9en sur le th\u00e8me de la contrebande.<\/em><\/p>\n<p style=\"text-align: justify;\">Dans un article d\u2019Euractiv subventionn\u00e9 par Philip Morris International (PMI), Peter Van Der Mark, le secr\u00e9taire g\u00e9n\u00e9ral de la European Smoking Tobacco Association (ESTA), marque son opposition au syst\u00e8me europ\u00e9en de lutte contre le commerce illicite<a href=\"#_ftn1\" name=\"_ftnref1\">[1]<\/a>. Il met en cause une r\u00e9ponse de Stella Kyriakides, la commissaire europ\u00e9enne \u00e0 la sant\u00e9, \u00e0 une question parlementaire sur le syst\u00e8me de tra\u00e7abilit\u00e9 des produits du tabac, o\u00f9 elle a d\u00e9clar\u00e9 que <em>\u00ab Le syst\u00e8me collecte des informations se rapportant uniquement \u00e0 la cha\u00eene d\u2019approvisionnement l\u00e9gale de produits du tabac incluant les cigarettes et le tabac \u00e0 rouler, qui sont les deux seules cat\u00e9gories de produits du tabac couvertes par le syst\u00e8me. Le syst\u00e8me ne fournit aucune information sur le commerce illicite de ces produits. \u00bb<\/em><\/p>\n<h2 style=\"text-align: justify;\"><strong>Pol\u00e9mique autour du syst\u00e8me de tra\u00e7abilit\u00e9 europ\u00e9en <\/strong><\/h2>\n<p style=\"text-align: justify;\">Selon Peter Van Der Mark, le syst\u00e8me de tra\u00e7abilit\u00e9 europ\u00e9en, op\u00e9rationnel depuis mai 2019, ne permettrait donc pas de lutter contre le commerce illicite, qui serait en forte croissance. Son principal argument pour justifier cette croissance se fonde sur un rapport du cabinet KPMG sur le commerce illicite, dont la m\u00e9thodologie est pourtant <a href=\"https:\/\/www.generationsanstabac.org\/actualites\/contestation-des-chiffres-du-rapport-de-kpmg-sur-le-commerce-illicite-du-tabac\/\">sujette \u00e0 caution<\/a>, KPMG indiquant ne pas <em>\u00ab avoir cherch\u00e9 \u00e0 \u00e9tablir la fiabilit\u00e9 des sources d\u2019information \u00bb<\/em>. Ce rapport se base en effet sur des collectes de paquets ramass\u00e9s au sol, puis confi\u00e9s aux industriels du tabac pour identification, ce qui n\u2019offre aucune garantie d\u2019ind\u00e9pendance.<\/p>\n<p style=\"text-align: justify;\">Un officiel europ\u00e9en a de son c\u00f4t\u00e9 r\u00e9affirm\u00e9 que ce syst\u00e8me de tra\u00e7abilit\u00e9 permet bien une observation indirecte de l\u2019activit\u00e9 clandestine, en identifiant les irr\u00e9gularit\u00e9s des mouvements de produits du tabac et en d\u00e9terminant \u00e0 quel moment ceux-ci sortent du circuit l\u00e9gal.<\/p>\n<h2 style=\"text-align: justify;\"><strong>La hausse des taxes cibl\u00e9e par l\u2019industrie du tabac <\/strong><\/h2>\n<p style=\"text-align: justify;\">En tant que repr\u00e9sentant des industriels du tabac, Peter Van Der Mark pr\u00e9tend que l\u2019augmentation du commerce illicite serait corr\u00e9l\u00e9e \u00e0 l\u2019\u00e9l\u00e9vation des droits d\u2019accises, notamment en France et en Irlande. Il propose de prendre exemple sur les pays favorables \u00e0 l\u2019industrie du tabac, comme l\u2019Allemagne ou l\u2019Italie, o\u00f9 les taxes sur les produits du tabac restent basses.Le protocole de lutte contre le commerce illicite des produits du tabac \u00e9labor\u00e9 en lien avec le trait\u00e9 de l\u2019OMS, la CCLAT,  a pour sa part montr\u00e9 que le commerce illicite tient \u00e0 de multiples ressorts, comme le manque de contr\u00f4le de la cha\u00eene d\u2019approvisionnement des produits du tabac de la fabrication jusqu\u2019\u00e0 la distribution en prenant en compte les facteurs de production. L\u2019exemple du Royaume-Uni, o\u00f9 les prix sont tr\u00e8s \u00e9lev\u00e9s mais les contr\u00f4les aux fronti\u00e8res stricts et la contrebande peu importante, est ainsi un parfait contre-exemple des assertions de l\u2019industrie du tabac. Inversement des pays o\u00f9 la contrebande est \u00e9lev\u00e9e connaissent des niveaux relativement faibles de taxes comme la Bulgarie.<\/p>\n<h2 style=\"text-align: justify;\"><strong>Un sondage tendancieux de PMI sur la contrebande  <\/strong><\/h2>\n<p style=\"text-align: justify;\">L\u2019article d\u2019Euractiv fait \u00e9galement r\u00e9f\u00e9rence aux r\u00e9sultats d\u2019une enqu\u00eate r\u00e9alis\u00e9e en ligne par Povaddo pour Philip Morris International (PMI) dans 13 pays europ\u00e9ens aupr\u00e8s de 13 000 personnes. Ce sondage, conduit en France aupr\u00e8s de 1065 personnes, comporte non seulement les biais des \u00e9tudes en ligne en termes de repr\u00e9sentativit\u00e9, mais aussi des formulations peu \u00e0 l\u2019avantage des institutions europ\u00e9ennes <em>(Q5a : \u00ab L\u2019union Europ\u00e9enne prend souvent des d\u00e9cisions sans consid\u00e9rer les potentielles cons\u00e9quences inattendues \u00bb<\/em>).<\/p>\n<p style=\"text-align: justify;\">Pr\u00e9sent\u00e9e le 4 avril \u00e0 Paris dans les locaux du Hub Institute, un think tank financ\u00e9 par PMI, cette enqu\u00eate rapporte que 83 % des personnes interrog\u00e9es en France estiment que la hausse des taxes serait responsable de la contrebande<a href=\"#_ftn2\" name=\"_ftnref2\">[2]<\/a>, un chiffre nettement sup\u00e9rieur \u00e0 celui observ\u00e9 dans les autres pays europ\u00e9ens. On peut y voir le fruit d\u2019une intense propagande de l\u2019industrie du tabac, toujours bas\u00e9e sur le rapport annuel de KPMG et colport\u00e9e sans questionnement par la plupart des m\u00e9dias<a href=\"#_ftn3\" name=\"_ftnref3\">[3]<\/a>. En novembre 2022, Philip Morris France avait orchestr\u00e9 une campagne d\u2019affichage sur ce th\u00e8me, associant contrebande et hausse des taxes.<\/p>\n<p style=\"text-align: justify;\"><strong>Mots-cl\u00e9s : Euractiv, ESTA, PMI, Hub Institute, KPMG, commerce illicite.<\/strong><\/p>\n<p><strong><a href=\"https:\/\/www.generationsanstabac.org\/\">\u00a9G\u00e9n\u00e9ration Sans Tabac<\/a><\/strong><\/p>\n<p style=\"text-align: right;\"><em><strong>MF<\/strong><\/em><\/p>\n<p style=\"text-align: justify;\"><a href=\"#_ftnref1\" name=\"_ftn1\">[1]<\/a> Michalopoulos S, <a href=\"https:\/\/www.euractiv.com\/section\/politics\/news\/industry-criticises-eu-stance-on-illicit-tobacco-trade\/\"><em>Industry criticises EU stance on illicit tobacco trade<\/em><\/a>, Euractiv, publi\u00e9 le 5 avril 2023, consult\u00e9 le 6 avril 2023. Cet article est accompagn\u00e9 de l\u2019avertissement suivant : <em>\u00ab Ce reportage Euractiv est soutenu par Philip Morris International. Ce soutien permet \u00e0 Euractiv de consacrer des ressources \u00e9ditoriales suppl\u00e9mentaires pour couvrir le sujet de mani\u00e8re plus large et plus approfondie. Le contenu \u00e9ditorial d\u2019Euractiv est ind\u00e9pendant de ses soutiens. \u00bb<\/em><\/p>\n<p style=\"text-align: justify;\"><a href=\"#_ftnref2\" name=\"_ftn2\">[2]<\/a> Povaddo\/PMI, <a href=\"https:\/\/static1.squarespace.com\/static\/6408b3be522d185c2de2b1a1\/t\/642b561e883f7950b0594a81\/1680561694756\/Povaddo+Survey+-+France+%28Nov+2022%29+-+Full+Results.pdf\"><em>Survey of public attitudes throughout the EU, France topline<\/em><\/a>, 27 p.<\/p>\n<p style=\"text-align: justify;\"><a href=\"#_ftnref3\" name=\"_ftn3\">[3]<\/a> <a href=\"https:\/\/www.cnews.fr\/sante\/2023-04-04\/tabac-83-des-francais-pensent-quune-hausse-des-taxes-incite-developper-la\"><em>Tabac : 83% des fran\u00e7ais pensent qu&rsquo;une hausse des taxes incite \u00e0 d\u00e9velopper la contrebande<\/em><\/a>, CNews, publi\u00e9 le 4 avril 2023, consult\u00e9 le 6 avril 2023.<\/p>\n<p><strong><a href=\"http:\/\/www.cnct.fr\/\" target=\"_blank\" rel=\"noopener noreferrer\">Comit\u00e9 national contre le tabagisme |<\/a><\/strong><\/p>\n","protected":false},"excerpt":{"rendered":"<p>Pour tenter d\u2019influer sur la prochaine directive europ\u00e9enne sur les produits du tabac, Philip Morris publie un sondage sur la contrebande.<\/p>\n","protected":false},"featured_media":21000,"template":"","tags":[],"thematique":[499,538],"class_list":["post-20999","actualites","type-actualites","status-publish","has-post-thumbnail","hentry","thematique-lobby","thematique-marches-paralleles"],"acf":[],"_links":{"self":[{"href":"https:\/\/www.generationsanstabac.org\/fr\/wp-json\/wp\/v2\/actualites\/20999","targetHints":{"allow":["GET"]}}],"collection":[{"href":"https:\/\/www.generationsanstabac.org\/fr\/wp-json\/wp\/v2\/actualites"}],"about":[{"href":"https:\/\/www.generationsanstabac.org\/fr\/wp-json\/wp\/v2\/types\/actualites"}],"version-history":[{"count":0,"href":"https:\/\/www.generationsanstabac.org\/fr\/wp-json\/wp\/v2\/actualites\/20999\/revisions"}],"wp:featuredmedia":[{"embeddable":true,"href":"https:\/\/www.generationsanstabac.org\/fr\/wp-json\/wp\/v2\/media\/21000"}],"wp:attachment":[{"href":"https:\/\/www.generationsanstabac.org\/fr\/wp-json\/wp\/v2\/media?parent=20999"}],"wp:term":[{"taxonomy":"post_tag","embeddable":true,"href":"https:\/\/www.generationsanstabac.org\/fr\/wp-json\/wp\/v2\/tags?post=20999"},{"taxonomy":"thematique","embeddable":true,"href":"https:\/\/www.generationsanstabac.org\/fr\/wp-json\/wp\/v2\/thematique?post=20999"}],"curies":[{"name":"wp","href":"https:\/\/api.w.org\/{rel}","templated":true}]}}