{"id":20991,"date":"2023-04-01T08:00:25","date_gmt":"2023-04-01T06:00:25","guid":{"rendered":"https:\/\/www.generationsanstabac.org\/actualites\/la-nouvelle-loi-francaise-sur-les-influenceurs-rappelle-linterdiction-de-promotion-du-tabac-et-du-vapotage\/"},"modified":"2023-04-01T08:00:25","modified_gmt":"2023-04-01T06:00:25","slug":"la-nouvelle-loi-francaise-sur-les-influenceurs-rappelle-linterdiction-de-promotion-du-tabac-et-du-vapotage","status":"publish","type":"actualites","link":"https:\/\/www.generationsanstabac.org\/fr\/actualites\/la-nouvelle-loi-francaise-sur-les-influenceurs-rappelle-linterdiction-de-promotion-du-tabac-et-du-vapotage\/","title":{"rendered":"La nouvelle loi fran\u00e7aise sur les influenceurs rappelle l\u2019interdiction de promotion du tabac et du vapotage"},"content":{"rendered":"<p style=\"text-align: justify;\"><em>La \u00ab loi visant \u00e0 lutter contre les arnaques et les d\u00e9rives des influenceurs sur les r\u00e9seaux sociaux \u00bb, qui vient d\u2019\u00eatre adopt\u00e9e par l\u2019Assemble Nationale, a \u00e9t\u00e9 compl\u00e9t\u00e9e par des r\u00e9f\u00e9rences \u00e0 la loi Evin, qui interdit la publicit\u00e9 pour les produits du tabac et du vapotage et restreint celle pour les boissons alcoolis\u00e9es.<\/em><\/p>\n<p style=\"text-align: justify;\">Les nombreuses d\u00e9rives commerciales observ\u00e9es de la part des influenceurs sur les r\u00e9seaux sociaux ont \u00e9t\u00e9 largement publicis\u00e9es au sujet des placements financiers \u00e0 risque ou de la promotion de la chirurgie esth\u00e9tique aupr\u00e8s de mineurs<a href=\"#_ftn1\" name=\"_ftnref1\">[1]<\/a>. Une proposition de loi encadrant ces pratiques \u00e9tait d\u00e9battue ces jours-ci et a \u00e9t\u00e9 adopt\u00e9e par l\u2019Assembl\u00e9e Nationale<a href=\"#_ftn2\" name=\"_ftnref2\">[2]<\/a>.<\/p>\n<p style=\"text-align: justify;\">Sous l\u2019impulsion de l\u2019association Addictions France, des r\u00e9f\u00e9rences \u00e0 la loi Evin avait \u00e9t\u00e9 introduites dans la r\u00e9daction de cette loi, rappelant les limitations de la publicit\u00e9 pour les boissons alcoolis\u00e9es<a href=\"#_ftn3\" name=\"_ftnref3\">[3]<\/a>. Un amendement<a href=\"#_ftn4\" name=\"_ftnref4\">[4]<\/a> du d\u00e9put\u00e9 Karl Olive (groupe Renaissance) a compl\u00e9t\u00e9 cette r\u00e9f\u00e9rence \u00e0 la loi Evin par des rappels aux articles interdisant la publicit\u00e9, la promotion et le parrainage pour les produits du tabac et du vapotage.<\/p>\n<h2 style=\"text-align: justify;\"><strong>Des r\u00e9seaux sociaux rapidement investis par les industriels du tabac <\/strong><\/h2>\n<p style=\"text-align: justify;\">Depuis plusieurs ann\u00e9es, l\u2019influence des r\u00e9seaux sociaux \u2013 comme TikTok ou Instagram \u2013 sur les pratiques de consommations des jeunes publics, et parmi eux d\u2019une proportion importante de mineurs, a \u00e9t\u00e9 <a href=\"https:\/\/www.generationsanstabac.org\/actualites\/utilisation-influenceurs-instagram-promotion-vapotage\/\">mise en \u00e9vidence<\/a>. Les influenceurs des r\u00e9seaux sociaux ont \u00e9t\u00e9 maintes fois <a href=\"https:\/\/www.generationsanstabac.org\/actualites\/grande-bretagne-la-hausse-du-vapotage-chez-les-adolescents-liee-aux-puffs-et-aux-reseaux-sociaux\/\">point\u00e9s<\/a> pour les infractions commises en mati\u00e8re de produits du tabac, du vapotage et de la nicotine.<\/p>\n<p style=\"text-align: justify;\">Les industriels du tabac ont en effet fait partie des toutes premi\u00e8res entreprises \u00e0 s\u2019emparer de ces nouveaux m\u00e9dias pour promouvoir leurs produits. Interdite de publicit\u00e9s dans la plupart des pays, l\u2019industrie du tabac a depuis plusieurs d\u00e9cennies explor\u00e9 toutes les mani\u00e8res d\u2019exercer des formes d\u00e9tourn\u00e9es de publicit\u00e9, que ce soit en lan\u00e7ant des marques de v\u00eatements ou en sponsorisant des \u00e9v\u00e8nements sportifs et d\u2019aventure. La consommation de cigarettes fum\u00e9es tendant \u00e0 d\u00e9cro\u00eetre, les multinationales du tabac se sont engag\u00e9es dans un processus de diversification et ont multipli\u00e9 les nouveaux produits. Pour promouvoir ces derniers, elles ont activ\u00e9 tous les supports de communication habituels et se sont rapidement tourn\u00e9es vers les r\u00e9seaux sociaux pour recruter de jeunes consommateurs. Elles ont notamment fait la publicit\u00e9 et la promotion de produits de vapotage, mais aussi des dispositifs de tabac chauff\u00e9 et des produits de la nicotine oraux (sachets de nicotine, gommes nicotin\u00e9es, \u00ab losanges \u00bb).<\/p>\n<h2 style=\"text-align: justify;\"><strong>Les puffs, exemple de promotion par les r\u00e9seaux sociaux<\/strong><\/h2>\n<p style=\"text-align: justify;\">Les industriels du vapotage ind\u00e9pendants ont de leur c\u00f4t\u00e9 repris et imit\u00e9 tous les proc\u00e9d\u00e9s d\u00e9ploy\u00e9s par les industriels du tabac sur les r\u00e9seaux sociaux. Qu\u2019il s\u2019agisse de cigarettes \u00e9lectroniques classiques, de syst\u00e8mes avec pods (cartouches) ou plus r\u00e9cemment de cigarettes \u00e9lectroniques jetables (\u00ab puffs \u00bb), de nombreux industriels ont ainsi financ\u00e9 ou pourvu mat\u00e9riellement des influenceurs des r\u00e9seaux sociaux, parfois mineurs.<\/p>\n<p style=\"text-align: justify;\">Le succ\u00e8s des <a href=\"https:\/\/www.generationsanstabac.org\/article\/puffs-risque-epidemie-pediatrique\/\">puffs<\/a>, en particulier, a \u00e9t\u00e9 fortement imput\u00e9 \u00e0 l\u2019activit\u00e9 des fabricants sur les r\u00e9seaux sociaux. Plusieurs alertes avaient \u00e9t\u00e9 lanc\u00e9es \u00e0 ce sujet fin 2021 par les acteurs associatifs, qui r\u00e9clamaient un meilleur encadrement juridique de ces pratiques commerciales et avaient retenu l\u2019attention de certains \u00e9lus. En <a href=\"https:\/\/www.generationsanstabac.org\/actualites\/succes-puffs-adolescents-inquiete-elus-et-professionnels-de-sante\/\">f\u00e9vrier 2022<\/a>, la d\u00e9put\u00e9e Sophie M\u00e9tadier (UDI) a ainsi interpell\u00e9 le gouvernement pour rappeler aux fabricants et aux influenceurs les sanctions encourues en cas de publicit\u00e9 ou de promotion de ces produits sur les r\u00e9seaux sociaux. Un an plus tard, la l\u00e9gislation sur ce secteur d\u2019activit\u00e9 est \u00e0 pr\u00e9sent clarifi\u00e9e.<\/p>\n<p style=\"text-align: justify;\"><strong>Mots-cl\u00e9s : R\u00e9seaux sociaux, influenceurs, loi Evin, puffs.<\/strong><\/p>\n<p style=\"text-align: justify;\"><strong><a href=\"https:\/\/www.generationsanstabac.org\/\">\u00a9G\u00e9n\u00e9ration Sans Tabac<\/a><\/strong><\/p>\n<p style=\"text-align: right;\"><em><strong>MF<\/strong><\/em><\/p>\n<p style=\"text-align: justify;\"><a href=\"#_ftnref1\" name=\"_ftn1\">[1]<\/a> Faure J, <a href=\"https:\/\/www.tf1info.fr\/politique\/les-influenceurs-bientot-empeches-de-promouvoir-boissons-sucrees-voyages-ou-consommation-de-viande-selon-un-texte-examine-par-les-deputes-a-assemblee-2252372.html\"><em>Les influenceurs bient\u00f4t emp\u00each\u00e9s de promouvoir boissons sucr\u00e9es, voyages ou consommation de viande ?,<\/em><\/a> TF1 Info, publi\u00e9 le 28 mars 2023, consult\u00e9 le 31 mars 2023.<\/p>\n<p style=\"text-align: justify;\"><a href=\"#_ftnref2\" name=\"_ftn2\">[2]<\/a> <a href=\"https:\/\/www.assemblee-nationale.fr\/dyn\/16\/textes\/l16b1006_texte-adopte-commission#D_Article_2_A\"><em>Proposition de loi visant \u00e0 lutter contre les arnaques et les d\u00e9rives des influenceurs sur les r\u00e9seaux sociaux, n\u00b01006<\/em><\/a>, Assembl\u00e9e Nationale, enregistr\u00e9e le 22 mars 2023, consult\u00e9e le 31 mars 2023.<\/p>\n<p style=\"text-align: justify;\"><a href=\"#_ftnref3\" name=\"_ftn3\">[3]<\/a> <a href=\"https:\/\/www.lemondedutabac.com\/loi-evin-quid-des-influenceurs-et-de-lalcool\/\"><em>Loi \u00c9vin : quid des influenceurs et de l\u2019alcool ?<\/em><\/a>, Le Monde du Tabac, publi\u00e9 le 31 mars 2023, consult\u00e9 le jour m\u00eame.<\/p>\n<p style=\"text-align: justify;\"><a href=\"#_ftnref4\" name=\"_ftn4\">[4]<\/a> <a href=\"https:\/\/www.assemblee-nationale.fr\/dyn\/16\/amendements\/1006\/AN\/96\"><em>Amendement n\u00b096, D\u00e9pos\u00e9 le vendredi 24 mars 2023<\/em><\/a>, Assembl\u00e9e Nationale, consult\u00e9 le 31 mars 2023.<\/p>\n<p style=\"text-align: justify;\"><strong><a href=\"http:\/\/www.cnct.fr\/\" target=\"_blank\" rel=\"noopener noreferrer\">Comit\u00e9 national contre le tabagisme |<\/a><\/strong><\/p>\n","protected":false},"excerpt":{"rendered":"<p>La loi sur les influenceurs a \u00e9t\u00e9 compl\u00e9t\u00e9e par des r\u00e9f\u00e9rences \u00e0 la loi Evin qui interdit la publicit\u00e9 pour le tabac et le vapotage.<\/p>\n","protected":false},"featured_media":11480,"template":"","tags":[],"thematique":[502,516],"class_list":["post-20991","actualites","type-actualites","status-publish","has-post-thumbnail","hentry","thematique-justice","thematique-nouveaux-produits"],"acf":[],"_links":{"self":[{"href":"https:\/\/www.generationsanstabac.org\/fr\/wp-json\/wp\/v2\/actualites\/20991","targetHints":{"allow":["GET"]}}],"collection":[{"href":"https:\/\/www.generationsanstabac.org\/fr\/wp-json\/wp\/v2\/actualites"}],"about":[{"href":"https:\/\/www.generationsanstabac.org\/fr\/wp-json\/wp\/v2\/types\/actualites"}],"version-history":[{"count":0,"href":"https:\/\/www.generationsanstabac.org\/fr\/wp-json\/wp\/v2\/actualites\/20991\/revisions"}],"wp:featuredmedia":[{"embeddable":true,"href":"https:\/\/www.generationsanstabac.org\/fr\/wp-json\/wp\/v2\/media\/11480"}],"wp:attachment":[{"href":"https:\/\/www.generationsanstabac.org\/fr\/wp-json\/wp\/v2\/media?parent=20991"}],"wp:term":[{"taxonomy":"post_tag","embeddable":true,"href":"https:\/\/www.generationsanstabac.org\/fr\/wp-json\/wp\/v2\/tags?post=20991"},{"taxonomy":"thematique","embeddable":true,"href":"https:\/\/www.generationsanstabac.org\/fr\/wp-json\/wp\/v2\/thematique?post=20991"}],"curies":[{"name":"wp","href":"https:\/\/api.w.org\/{rel}","templated":true}]}}