{"id":20989,"date":"2023-03-31T07:52:59","date_gmt":"2023-03-31T05:52:59","guid":{"rendered":"https:\/\/www.generationsanstabac.org\/actualites\/determinants-commerciaux-de-la-sante-the-lancet-lance-une-nouvelle-revue\/"},"modified":"2023-03-31T07:52:59","modified_gmt":"2023-03-31T05:52:59","slug":"determinants-commerciaux-de-la-sante-the-lancet-lance-une-nouvelle-revue","status":"publish","type":"actualites","link":"https:\/\/www.generationsanstabac.org\/fr\/actualites\/determinants-commerciaux-de-la-sante-the-lancet-lance-une-nouvelle-revue\/","title":{"rendered":"D\u00e9terminants commerciaux de la sant\u00e9 : The Lancet lance une nouvelle revue"},"content":{"rendered":"<p style=\"text-align: justify;\"><em>La revue The Lancet a lanc\u00e9 mardi 28 mars un <\/em><em>s\u00e9minaire pour le lancement de la nouvelle revue sur les d\u00e9terminants commerciaux de la sant\u00e9, qui vise \u00e0 comprendre le r\u00f4le des acteurs commerciaux sur la sant\u00e9 publique, et des solutions disponibles pour r\u00e9duire l\u2019impact n\u00e9gatif que peuvent avoir ces entreprises sur la sant\u00e9 humaine. <\/em><\/p>\n<p style=\"text-align: justify;\">Les d\u00e9terminants commerciaux de la sant\u00e9 sont d\u00e9finis comme les syst\u00e8mes et les pratiques par lesquels les acteurs commerciaux influencent les niveaux de sant\u00e9 et d\u2019\u00e9quit\u00e9 au sein d\u2019une population. S\u2019int\u00e9resser aux d\u00e9terminants commerciaux de la sant\u00e9 revient donc \u00e0 chercher \u00e0 comprendre les mani\u00e8res prot\u00e9iformes et complexes que les acteurs commerciaux, par leur activit\u00e9, peuvent avoir un impact sur la sant\u00e9 publique, et sur l\u2019\u00e9galit\u00e9 face \u00e0 la sant\u00e9.<\/p>\n<h2 style=\"text-align: justify;\"><strong>Sant\u00e9 publique et logique de profits : l\u2019exemple du Covid-19<\/strong><\/h2>\n<p style=\"text-align: justify;\">Les int\u00e9r\u00eats de la sant\u00e9 publique et ceux du secteur priv\u00e9 peuvent parfois \u00eatre concurrents, comme l\u2019a soulign\u00e9 une lettre ouverte sign\u00e9e par plus de 200 personnes dont Ban Ki-moon, l\u2019ancien secr\u00e9taire g\u00e9n\u00e9ral de l\u2019ONU. En effet, lors de la pand\u00e9mie de COVID-19, la vente de vaccins, la logique de profit conduisant les soci\u00e9t\u00e9s pharmaceutiques \u00e0 vendre les vaccins et les tests aux plus offrants ont renforc\u00e9 les in\u00e9galit\u00e9s sanitaires entre les populations riches et les populations pauvres, alourdissant le bilan humain de la pand\u00e9mie d\u2019un million de morts suppl\u00e9mentaires.<\/p>\n<h2 style=\"text-align: justify;\"><strong>Comprendre la situation sanitaire au-del\u00e0 de la responsabilit\u00e9 individuelle<\/strong><\/h2>\n<p style=\"text-align: justify;\">De la m\u00eame mani\u00e8re, les industries du tabac, de l\u2019alcool, de l\u2019\u00e9nergie fossile et de l\u2019alimentation transform\u00e9e sont \u00e0 celles seules \u00e0 l\u2019origine d\u2019au moins un tiers des d\u00e9c\u00e8s dans le monde. Le d\u00e9veloppement de maladies non transmissibles, \u00e0 l\u2019instar du cancer ou du diab\u00e8te sont en partie imputables \u00e0 des changements de modes de vie des populations, des \u00e9volutions dans la consommation, encourag\u00e9es par les industries eux-m\u00eames. Alors que les grandes entreprises et les acteurs priv\u00e9s ont tendance \u00e0 se placer du seul point de vue de la responsabilit\u00e9 individuelle, la notion de d\u00e9terminant commerciaux s\u2019attache ainsi \u00e0 renverser le paradigme, en pointant la responsabilit\u00e9 de ces acteurs. Par exemple, les huit millions de morts provoqu\u00e9s par le tabagisme ne peuvent pas uniquement s\u2019expliquer par des comportements individuels, mais davantage par les strat\u00e9gies d\u00e9ploy\u00e9es par les fabricants pour encourager la consommation de leurs produits, faisant du tabagisme une \u00e9pid\u00e9mie industrielle. Ainsi les pratiques de lobbying ou les strat\u00e9gies publicitaires entrent dans cette notion de d\u00e9terminants commerciaux.<\/p>\n<h2 style=\"text-align: justify;\"><strong>Une refondation du mod\u00e8le \u00e9conomique et des modes de gouvernance<\/strong><\/h2>\n<p style=\"text-align: justify;\">La revue appelle ainsi \u00e0 repenser le progr\u00e8s social, l\u2019\u00e9conomie, la structuration du capitalisme contemporain et le r\u00f4le des acteurs priv\u00e9s. Cette transformation implique notamment la primeur de l\u2019int\u00e9r\u00eat g\u00e9n\u00e9ral, de la durabilit\u00e9 environnementale, des droits humains, de la sant\u00e9, ainsi qu\u2019une profonde mutation des modes de gouvernance, y compris chez les acteurs commerciaux, tenus responsables d\u2019objectifs de sant\u00e9, d\u2019environnement et de d\u00e9veloppement durable. Le s\u00e9minaire a rappel\u00e9 la n\u00e9cessit\u00e9 de l\u2019implication des gouvernements, des organisations internationales, du monde de la recherche, et de la soci\u00e9t\u00e9 civile. Il s\u2019agit ainsi pour les acteurs commerciaux qu&rsquo;ils de modifier leurs mod\u00e8les de profit \u00e0 tout prix, et qu\u2019ils d\u00e9veloppent de nouveaux modes de financements, de nouveaux <em>business model<\/em>, respectueux de l\u2019environnement, des besoins fondamentaux de la soci\u00e9t\u00e9 et des individus, et soucieux du bon respect des r\u00e9glementations.<\/p>\n<p style=\"text-align: justify;\">Toutefois, si certaines compagnies peuvent avoir un impact tr\u00e8s positif sur la sant\u00e9, et doivent \u00eatre associ\u00e9es \u00e0 ce changement de paradigme, l\u2019industrie du tabac ne peut en faire partie, comme le rappelle l\u2019Organisation mondiale de la sant\u00e9, qui postule l\u2019existence d\u2019un <em>\u00ab conflit fondamental et irr\u00e9conciliable entre les int\u00e9r\u00eats de l\u2019industrie du tabac et ceux de la sant\u00e9 publique<\/em> \u00bb.<\/p>\n<p><strong>Mots-cl\u00e9s : D\u00e9terminants commerciaux, The Lancet<br \/>\n<\/strong><\/p>\n<p><strong><a href=\"https:\/\/www.generationsanstabac.org\/\">\u00a9G\u00e9n\u00e9ration Sans Tabac<\/a><\/strong><\/p>\n<p style=\"text-align: right;\"><em><strong>FT<\/strong><\/em><\/p>\n<p><strong><a href=\"http:\/\/www.cnct.fr\/\" target=\"_blank\" rel=\"noopener noreferrer\">Comit\u00e9 national contre le tabagisme |<\/a><\/strong><\/p>\n","protected":false},"excerpt":{"rendered":"<p>La revue The Lancet a lanc\u00e9 mardi 28 mars un un s\u00e9minaire pour le lancement de la nouvelle revue sur les d\u00e9terminants commerciaux de la sant\u00e9<\/p>\n","protected":false},"featured_media":11476,"template":"","tags":[],"thematique":[491,474],"class_list":["post-20989","actualites","type-actualites","status-publish","has-post-thumbnail","hentry","thematique-politiques-publiques","thematique-sante"],"acf":[],"_links":{"self":[{"href":"https:\/\/www.generationsanstabac.org\/fr\/wp-json\/wp\/v2\/actualites\/20989","targetHints":{"allow":["GET"]}}],"collection":[{"href":"https:\/\/www.generationsanstabac.org\/fr\/wp-json\/wp\/v2\/actualites"}],"about":[{"href":"https:\/\/www.generationsanstabac.org\/fr\/wp-json\/wp\/v2\/types\/actualites"}],"version-history":[{"count":0,"href":"https:\/\/www.generationsanstabac.org\/fr\/wp-json\/wp\/v2\/actualites\/20989\/revisions"}],"wp:featuredmedia":[{"embeddable":true,"href":"https:\/\/www.generationsanstabac.org\/fr\/wp-json\/wp\/v2\/media\/11476"}],"wp:attachment":[{"href":"https:\/\/www.generationsanstabac.org\/fr\/wp-json\/wp\/v2\/media?parent=20989"}],"wp:term":[{"taxonomy":"post_tag","embeddable":true,"href":"https:\/\/www.generationsanstabac.org\/fr\/wp-json\/wp\/v2\/tags?post=20989"},{"taxonomy":"thematique","embeddable":true,"href":"https:\/\/www.generationsanstabac.org\/fr\/wp-json\/wp\/v2\/thematique?post=20989"}],"curies":[{"name":"wp","href":"https:\/\/api.w.org\/{rel}","templated":true}]}}