{"id":20984,"date":"2023-03-30T08:00:39","date_gmt":"2023-03-30T06:00:39","guid":{"rendered":"https:\/\/www.generationsanstabac.org\/actualites\/le-tabac-chauffe-ne-releve-pas-de-la-reduction-des-risques-selon-la-mildeca\/"},"modified":"2023-03-30T08:00:39","modified_gmt":"2023-03-30T06:00:39","slug":"le-tabac-chauffe-ne-releve-pas-de-la-reduction-des-risques-selon-la-mildeca","status":"publish","type":"actualites","link":"https:\/\/www.generationsanstabac.org\/fr\/actualites\/le-tabac-chauffe-ne-releve-pas-de-la-reduction-des-risques-selon-la-mildeca\/","title":{"rendered":"Le tabac chauff\u00e9 ne rel\u00e8ve pas de la r\u00e9duction des risques, selon la MILDECA"},"content":{"rendered":"<p style=\"text-align: justify;\"><em>La Mission interminist\u00e9rielle de lutte contre les drogues et les conduites addictives (MILDECA) vient de publier sa Strat\u00e9gie interminist\u00e9rielle de mobilisation contre les conduites addictives 2023-2027, qui accorde une large place \u00e0 la protection des mineurs vis-\u00e0-vis des ventes de tabac, d\u2019alcool et de jeux d\u2019argent. Au sujet de la r\u00e9duction des risques, ce document exprime nettement que les dispositifs de tabac chauff\u00e9 ne sauraient constituer des produits adapt\u00e9s \u00e0 la r\u00e9duction des risques en tabacologie, un argument que les industriels n\u2019h\u00e9sitent pas \u00e0 brandir. <\/em><\/p>\n<p style=\"text-align: justify;\">Premi\u00e8re cause de mortalit\u00e9 \u00e9vitable en France avec 75 000 d\u00e9c\u00e8s par an, le tabagisme figure parmi les sujets majeurs de mobilisation de la Strat\u00e9gie interminist\u00e9rielle de mobilisation contre les conduites addictives 2023-2027. Le th\u00e8me du tabac y est abord\u00e9 sous plusieurs facettes, qu\u2019il s\u2019agisse de vente aux mineurs, de marketing social ou de r\u00e9duction des risques<a href=\"#_ftn1\" name=\"_ftnref1\">[1]<\/a>. L\u2019objectif d\u2019une G\u00e9n\u00e9ration sans tabac en 2032, soit moins de 5 % de fumeurs chez les jeunes, est quant \u00e0 lui r\u00e9affirm\u00e9.<\/p>\n<h2 style=\"text-align: justify;\"><strong>Faire respecter l\u2019interdiction de vente aux mineurs <\/strong><\/h2>\n<p style=\"text-align: justify;\">C\u2019est peut-\u00eatre sur le th\u00e8me de la protection des mineurs que cette strat\u00e9gie 2023-2027 marquera les esprits. Constatant, \u00e9tudes clients-myst\u00e8res \u00e0 l\u2019appui, que <a href=\"https:\/\/www.generationsanstabac.org\/actualites\/les-buralistes-ne-respectent-pas-linterdiction-de-vente-de-tabac-aux-mineurs-en-france\/\">les deux tiers<\/a> des buralistes vendent du tabac aux mineurs et que 95 % des mineurs fumeurs s\u2019approvisionnent dans le circuit l\u00e9gal des buralistes, la MILDECA propose de jouer sur ce levier pour parvenir \u00e0 une r\u00e9duction significative du tabagisme chez les jeunes. Les produits de vapotage ne sont pas directement \u00e9voqu\u00e9s, mais on peut supposer que leur vente \u00e0 des mineurs devrait conna\u00eetre les m\u00eames dispositions.<\/p>\n<p style=\"text-align: justify;\">Pour cela, la MILDECA pr\u00e9conise non seulement un renforcement important de la formation des buralistes, mais envisage \u00e9galement de faire respecter l\u2019interdiction de vente aux mineurs <em>\u00ab par un dispositif de contr\u00f4le continu et dissuasif, formalis\u00e9 par un protocole interminist\u00e9riel \u00bb<\/em>. Les contr\u00f4les sont aujourd\u2019hui quasi-inexistants, puisque seulement 24 contraventions ont \u00e9t\u00e9 dress\u00e9es pour des infractions de vente de tabac aux mineurs en 2018<a href=\"#_ftn2\" name=\"_ftnref2\">[2]<\/a>. Les buralistes ne risquent ainsi d\u2019\u00eatre contr\u00f4l\u00e9s qu\u2019une fois par si\u00e8cle pour ce type d\u2019infraction. Le respect de cette interdiction fondamentale constituerait un pendant aux nombreuses mesures de soutien aux buralistes et s\u2019effectuerait <em>\u00ab en application du protocole d\u2019accord sur l\u2019accompagnement du r\u00e9seau des buralistes 2023-2027 \u00bb<\/em> qui leur accorde de substantiels avantages.<\/p>\n<h2 style=\"text-align: justify;\"><strong>Valorisation de l\u2019op\u00e9ration de marketing social \u00ab Mois sans tabac \u00bb<\/strong><\/h2>\n<p style=\"text-align: justify;\">Les atouts du marketing social sont nettement mis en avant dans cette Strat\u00e9gie 2023-2027. Le d\u00e9fi collectif du dispositif \u00ab Mois sans tabac \u00bb devrait ainsi \u00eatre renouvel\u00e9 chaque ann\u00e9e, mais l\u2019initiative \u00ab Dry January \u00bb, son \u00e9quivalent pour l\u2019alcool, ne retient toujours pas l\u2019attention des pouvoirs publics. La notion de d\u00e9normalisation \u2013 issue de la lutte contre le tabagisme et qui consiste \u00e0 ne plus exhiber les consommations pour \u00e9viter l\u2019effet incitatif \u2013 est \u00e9galement mise \u00e0 l\u2019honneur avec la multiplication des espaces sans tabac, ce principe pouvant \u00eatre d\u00e9clin\u00e9 pour toutes les substances psychoactives.<\/p>\n<p style=\"text-align: justify;\">Abordant le sujet de la r\u00e9duction des risques et des dommages (RDRD) li\u00e9s au tabac, la MILDECA \u00e9nonce clairement que le tabac chauff\u00e9 ne saurait s\u2019inscrire dans cette logique. Elle pr\u00e9cise m\u00eame que <em>\u00ab le tabac \u00e0 chauffer ne doit en aucun cas \u00eatre une aide au sevrage tabagique, les substances inhal\u00e9es lors de son utilisation \u00e9tant les m\u00eames que celles dans le tabac classique, m\u00eame si les concentrations de substances toxiques sont moindres que dans le tabac fum\u00e9. \u00bb <\/em>Une pr\u00e9cision de taille, qui invalide le discours des industriels du tabac au sujet du tabac chauff\u00e9. Aux Etats-Unis, la Food and Drug Administration (FDA) a accord\u00e9 au tabac chauff\u00e9 le statut de \u00ab produit \u00e0 risque modifi\u00e9 \u00bb, mais les industriels du tabac persistent, notamment en Europe, \u00e0 se r\u00e9clamer de la RDRD, un abus de langage qui m\u00e9ritait d\u2019\u00eatre clarifi\u00e9.<\/p>\n<p style=\"text-align: justify;\"><strong>Mots-cl\u00e9s : MILDECA, Strat\u00e9gie 2023-2027, vente aux mineurs, tabac chauff\u00e9.<\/strong><\/p>\n<p><strong><a href=\"https:\/\/www.generationsanstabac.org\/\">\u00a9G\u00e9n\u00e9ration Sans Tabac<\/a><\/strong><\/p>\n<p style=\"text-align: right;\"><em><strong>MF<\/strong><\/em><\/p>\n<p style=\"text-align: justify;\"><a href=\"#_ftnref1\" name=\"_ftn1\">[1]<\/a> MILDECA, <a href=\"https:\/\/www.drogues.gouv.fr\/sites\/default\/files\/2023-03\/SIMCA%202023-2027_0.pdf\"><em>Strat\u00e9gie interminist\u00e9rielle de mobilisation contre les conduites addictives 2023-2027<\/em><\/a>, mars 2023, 56 p.<\/p>\n<p style=\"text-align: justify;\"><a href=\"#_ftnref2\" name=\"_ftn2\">[2]<\/a> <a href=\"https:\/\/www.budget.gouv.fr\/documentation\/documents-budgetaires\/exercice-2021\/le-projet-de-loi-de-finances-et-les-documents-annexes-pour-2021\/jaunes-budgetaires-2021\"><em>Pre\u0301vention en sante\u0301, Annexe au projet de loi de finances pour 2021<\/em><\/a>, Minist\u00e8re du Budget.<\/p>\n<p><strong><a href=\"http:\/\/www.cnct.fr\/\" target=\"_blank\" rel=\"noopener noreferrer\">Comit\u00e9 national contre le tabagisme |<\/a><\/strong><\/p>\n","protected":false},"excerpt":{"rendered":"<p>La MILDECA explique que les dispositifs de tabac chauff\u00e9 ne sauraient constituer des produits adapt\u00e9s \u00e0 la r\u00e9duction des risques.<\/p>\n","protected":false},"featured_media":10382,"template":"","tags":[],"thematique":[491,474],"class_list":["post-20984","actualites","type-actualites","status-publish","has-post-thumbnail","hentry","thematique-politiques-publiques","thematique-sante"],"acf":[],"_links":{"self":[{"href":"https:\/\/www.generationsanstabac.org\/fr\/wp-json\/wp\/v2\/actualites\/20984","targetHints":{"allow":["GET"]}}],"collection":[{"href":"https:\/\/www.generationsanstabac.org\/fr\/wp-json\/wp\/v2\/actualites"}],"about":[{"href":"https:\/\/www.generationsanstabac.org\/fr\/wp-json\/wp\/v2\/types\/actualites"}],"version-history":[{"count":0,"href":"https:\/\/www.generationsanstabac.org\/fr\/wp-json\/wp\/v2\/actualites\/20984\/revisions"}],"wp:featuredmedia":[{"embeddable":true,"href":"https:\/\/www.generationsanstabac.org\/fr\/wp-json\/wp\/v2\/media\/10382"}],"wp:attachment":[{"href":"https:\/\/www.generationsanstabac.org\/fr\/wp-json\/wp\/v2\/media?parent=20984"}],"wp:term":[{"taxonomy":"post_tag","embeddable":true,"href":"https:\/\/www.generationsanstabac.org\/fr\/wp-json\/wp\/v2\/tags?post=20984"},{"taxonomy":"thematique","embeddable":true,"href":"https:\/\/www.generationsanstabac.org\/fr\/wp-json\/wp\/v2\/thematique?post=20984"}],"curies":[{"name":"wp","href":"https:\/\/api.w.org\/{rel}","templated":true}]}}