{"id":20981,"date":"2023-03-27T08:00:09","date_gmt":"2023-03-27T06:00:09","guid":{"rendered":"https:\/\/www.generationsanstabac.org\/actualites\/le-tabagisme-des-amerindiens-entre-trauma-et-approche-traditionnelle\/"},"modified":"2023-03-27T08:00:09","modified_gmt":"2023-03-27T06:00:09","slug":"le-tabagisme-des-amerindiens-entre-trauma-et-approche-traditionnelle","status":"publish","type":"actualites","link":"https:\/\/www.generationsanstabac.org\/fr\/actualites\/le-tabagisme-des-amerindiens-entre-trauma-et-approche-traditionnelle\/","title":{"rendered":"Le tabagisme des Am\u00e9rindiens, entre trauma et approche traditionnelle"},"content":{"rendered":"<p style=\"text-align: justify;\"><em>Au Canada, le tabagisme et le vapotage sont nettement plus r\u00e9pandus chez les Am\u00e9rindiens qu\u2019en population g\u00e9n\u00e9rale. Un m\u00e9decin am\u00e9rindien pointe la part de souffrance psychique dans cette addiction, li\u00e9e \u00e0 de multiples traumas, et propose d\u2019allier traitements conventionnels et accompagnement sp\u00e9cifique \u00e0 cette population.<\/em><\/p>\n<p style=\"text-align: justify;\">Chez les Am\u00e9rindiens du Canada, avec une pr\u00e9valence globale de 53 % en 2018,  le tabagisme est en moyenne de 2 \u00e0 5 fois plus \u00e9lev\u00e9 que chez les individus non-indig\u00e8nes (15 %). Les Am\u00e9rindiens vivant en r\u00e9serve affichent des pr\u00e9valences l\u00e9g\u00e8rement sup\u00e9rieures \u00e0 ceux n\u2019habitant pas ces r\u00e9serves. Chez les jeunes Am\u00e9rindiens, cette pr\u00e9valence tabagique est en baisse r\u00e9guli\u00e8re, mais reste plus de trois fois sup\u00e9rieure \u00e0 celles des jeunes en population g\u00e9n\u00e9rale (33 % contre 8 %, en 2018, pour les usages quotidiens et occasionnels)<a href=\"#_ftn1\" name=\"_ftnref1\">[1]<\/a>. Les donn\u00e9es sont cependant rares et surtout collect\u00e9es au niveau provincial.<\/p>\n<p style=\"text-align: justify;\">Un reportage de CBC Canada s\u2019est pench\u00e9 sur le tabagisme am\u00e9rindien et ses sp\u00e9cificit\u00e9s. Il donne notamment la parole au Dr James Makokis, lui-m\u00eame membre de la nation Cree de Saddle Lake, en Alberta.<\/p>\n<h2 style=\"text-align: justify;\"><strong>De l\u2019usage traditionnel \u00e0 l\u2019usage post-traumatique <\/strong><\/h2>\n<p style=\"text-align: justify;\">Pour le Dr Makokis, l\u2019usage de tabac chez les populations natives doit \u00eatre trait\u00e9 avec respect, ce que reconna\u00eet \u00e9galement Health Canada. Dans ces communaut\u00e9s, le tabac est en effet une plante sacr\u00e9e, traditionnellement consid\u00e9r\u00e9e comme m\u00e9dicinale et utilis\u00e9e dans les pri\u00e8res et pour certains rites<a href=\"#_ftn2\" name=\"_ftnref2\">[2]<\/a>. Dans ces circonstances, le tabac n\u2019est inhal\u00e9 que de fa\u00e7on minimale, cet usage \u00e9tant estim\u00e9 tr\u00e8s distinct de celui du \u00ab tabac commercial \u00bb, d\u00e9consid\u00e9r\u00e9 car il r\u00e9pond davantage \u00e0 un comportement addictif.<\/p>\n<p style=\"text-align: justify;\"><em>\u00ab Quand on regarde le nombre \u00e9norme de traumas que les peuples indig\u00e8nes ont v\u00e9cus \u00e0 travers la violence coloniale, nous savons qu\u2019ils sont d\u2019autant plus pr\u00e9dispos\u00e9s \u00e0 r\u00e9guler leurs \u00e9motions\u2026 par le m\u00e9susage de substances, qu\u2019il s\u2019agisse d\u2019alcool ou de drogues \u00bb<\/em>, analyse le Dr Makokis. Des traumatismes qui, comme d\u2019autres fragilit\u00e9s psychologiques, conduisent tout autant \u00e0 l\u2019usage chronique de tabac. Ces traumatismes peuvent \u00eatre historiques, allant de l\u2019extermination de ces peuples \u00e0 leur cantonnement dans des r\u00e9serves, mais aussi plus r\u00e9cents, comme l\u2019ont montr\u00e9 deux vastes scandales de placements forc\u00e9s d\u2019enfants am\u00e9rindiens, des ann\u00e9es 1960 jusqu\u2019\u00e0 tr\u00e8s r\u00e9cemment<a href=\"#_ftn3\" name=\"_ftnref3\">[3]<\/a>.<\/p>\n<h2 style=\"text-align: justify;\"><strong>Un accompagnement au sevrage tabagique adapt\u00e9<\/strong><\/h2>\n<p style=\"text-align: justify;\">Les sp\u00e9cificit\u00e9s des populations am\u00e9rindiennes exigent donc des approches plus adapt\u00e9es du traitement du tabagisme. Le Dr Makokis indique ainsi combiner des traitements m\u00e9dicaux conventionnels avec des \u00e9l\u00e9ments de la culture traditionnelle. Les param\u00e8tres identitaires, tels que la langue traditionnelle, les c\u00e9r\u00e9monies et la spiritualit\u00e9 sont mobilis\u00e9s en tant que \u00ab facteurs protecteurs \u00bb. Le Dr Makokis attire l\u2019attention sur le tabagisme des adultes et des jeunes seniors, plus touch\u00e9s par le tabagisme, ce qui risque de priver la communaut\u00e9 de toute une g\u00e9n\u00e9ration de personnes \u00e2g\u00e9es, traditionnellement d\u00e9positaires de la transmission culturelle.<\/p>\n<p style=\"text-align: justify;\">Comme pour les autres populations indig\u00e8nes inuite et m\u00e9tisse, ces pr\u00e9ceptes et la n\u00e9cessit\u00e9 de d\u00e9velopper des approches th\u00e9rapeutiques adapt\u00e9es, sont l\u2019un des axes de la Strat\u00e9gie Tabac du Canada 2020-2025<a href=\"#_ftn4\" name=\"_ftnref4\">[4]<\/a>. Celle-ci pr\u00e9voit notamment le co-d\u00e9veloppement, avec les repr\u00e9sentants des groupes indig\u00e8nes, de strat\u00e9gies sp\u00e9cifiques pour ces populations en mati\u00e8re de tabagisme<a href=\"#_ftn5\" name=\"_ftnref5\">[5]<\/a>.<\/p>\n<p style=\"text-align: justify;\">Si les jeunes Am\u00e9rindiens tendent \u00e0 moins fumer que leurs a\u00een\u00e9s, ils sont aujourd\u2019hui davantage adeptes du vapotage que les jeunes non-indig\u00e8nes (31 % contre 20 %, pour un usage dans les 30 derniers jours). Ceci  exigerait de la m\u00eame mani\u00e8re des programmes d\u2019intervention sp\u00e9cifiques, \u00e0 adapter en fonction des g\u00e9n\u00e9rations et de leurs modes de consommation.<\/p>\n<p style=\"text-align: justify;\"><strong>Mots-cl\u00e9s : Am\u00e9rindiens, Canada<\/strong><\/p>\n<p><strong><a href=\"https:\/\/www.generationsanstabac.org\/\">\u00a9G\u00e9n\u00e9ration Sans Tabac<\/a><\/strong><\/p>\n<p style=\"text-align: right;\"><em><strong>MF<\/strong><\/em><\/p>\n<p style=\"text-align: justify;\">Schwientek S, <a href=\"https:\/\/www.cbc.ca\/news\/indigenous\/tobacco-smoking-indigenous-health-1.6779076\"><em>Improve health of Indigenous people and culture by decolonizing tobacco, says Cree doctor<\/em><\/a>, CBC Canada, publi\u00e9 le 18 mars 2023, consult\u00e9 le 21 mars 2023.<\/p>\n<p style=\"text-align: justify;\"><a href=\"#_ftnref1\" name=\"_ftn1\">[1]<\/a> Alberta Health Service, <a href=\"https:\/\/www.albertahealthservices.ca\/assets\/info\/trp\/if-trp-tobacco-information-series-indigenous-people-in-canada-and-tobacco.pdf\"><em>Indigenous People in Canada and Tobacco<\/em><\/a>, Tobacco, Vaping and Cannabis Information Series, novembre 2022, 6 p.<\/p>\n<p style=\"text-align: justify;\"><a href=\"#_ftnref2\" name=\"_ftn2\">[2]<\/a> First Nations Health Authority, <a href=\"https:\/\/www.fnha.ca\/wellness\/wellness-for-first-nations\/wellness-streams\/respecting-tobacco\"><em>Respecting Tobacco<\/em><\/a>, consult\u00e9 le 21 mars 2023.<\/p>\n<p style=\"text-align: justify;\"><a href=\"#_ftnref3\" name=\"_ftn3\">[3]<\/a> <a href=\"https:\/\/libguides.kpu.ca\/indigenous\/sixtiesscoop\"><em>Sixties Scoop Millennium Scoop: Overview<\/em><\/a>, Indigenous Studies, KPU, consult\u00e9 le 21 mars 2023.<\/p>\n<p style=\"text-align: justify;\"><a href=\"#_ftnref4\" name=\"_ftn4\">[4]<\/a> Government of Canada, <a href=\"https:\/\/www.canada.ca\/en\/health-canada\/services\/publications\/healthy-living\/canada-tobacco-strategy.html\">Canada&rsquo;s Tobacco Strategy<\/a>, mis \u00e0 jour le 19 d\u00e9cembre 2022, consult\u00e9 le 21 mars 2023.<\/p>\n<p style=\"text-align: justify;\"><a href=\"#_ftnref5\" name=\"_ftn5\">[5]<\/a> Canadian Partnership Against Cancer, <a href=\"https:\/\/s22457.pcdn.co\/wp-content\/uploads\/2019\/05\/Smoking-Cessation-Program-Scan_Indigenous_2019_EN.pdf\"><em>Leading practices in first nations, inuit, and me\u0301tis smoking cessation<\/em><\/a>, avril 2019, 31 p.<\/p>\n<p><strong><a href=\"http:\/\/www.cnct.fr\/\" target=\"_blank\" rel=\"noopener noreferrer\">Comit\u00e9 national contre le tabagisme |<\/a><\/strong><\/p>\n","protected":false},"excerpt":{"rendered":"<p>Au Canada, le tabagisme et le vapotage sont nettement plus r\u00e9pandus chez les Am\u00e9rindiens, avec une part de souffrance psychique importante.<\/p>\n","protected":false},"featured_media":19681,"template":"","tags":[],"thematique":[474],"class_list":["post-20981","actualites","type-actualites","status-publish","has-post-thumbnail","hentry","thematique-sante"],"acf":[],"_links":{"self":[{"href":"https:\/\/www.generationsanstabac.org\/fr\/wp-json\/wp\/v2\/actualites\/20981","targetHints":{"allow":["GET"]}}],"collection":[{"href":"https:\/\/www.generationsanstabac.org\/fr\/wp-json\/wp\/v2\/actualites"}],"about":[{"href":"https:\/\/www.generationsanstabac.org\/fr\/wp-json\/wp\/v2\/types\/actualites"}],"version-history":[{"count":0,"href":"https:\/\/www.generationsanstabac.org\/fr\/wp-json\/wp\/v2\/actualites\/20981\/revisions"}],"wp:featuredmedia":[{"embeddable":true,"href":"https:\/\/www.generationsanstabac.org\/fr\/wp-json\/wp\/v2\/media\/19681"}],"wp:attachment":[{"href":"https:\/\/www.generationsanstabac.org\/fr\/wp-json\/wp\/v2\/media?parent=20981"}],"wp:term":[{"taxonomy":"post_tag","embeddable":true,"href":"https:\/\/www.generationsanstabac.org\/fr\/wp-json\/wp\/v2\/tags?post=20981"},{"taxonomy":"thematique","embeddable":true,"href":"https:\/\/www.generationsanstabac.org\/fr\/wp-json\/wp\/v2\/thematique?post=20981"}],"curies":[{"name":"wp","href":"https:\/\/api.w.org\/{rel}","templated":true}]}}