{"id":20978,"date":"2023-03-25T09:00:16","date_gmt":"2023-03-25T08:00:16","guid":{"rendered":"https:\/\/www.generationsanstabac.org\/actualites\/quebec-forte-consommation-de-cigarettes-electroniques-chez-les-adolescents-non-fumeurs\/"},"modified":"2023-03-25T09:00:16","modified_gmt":"2023-03-25T08:00:16","slug":"quebec-forte-consommation-de-cigarettes-electroniques-chez-les-adolescents-non-fumeurs","status":"publish","type":"actualites","link":"https:\/\/www.generationsanstabac.org\/fr\/actualites\/quebec-forte-consommation-de-cigarettes-electroniques-chez-les-adolescents-non-fumeurs\/","title":{"rendered":"Qu\u00e9bec : forte consommation de cigarettes \u00e9lectroniques chez les adolescents non-fumeurs"},"content":{"rendered":"<p style=\"text-align: justify;\"><em>Appuy\u00e9s par des donn\u00e9es r\u00e9centes publi\u00e9es par Statistique Canada, plusieurs groupes de sant\u00e9 du Qu\u00e9bec r\u00e9v\u00e8lent une analyse sur les cons\u00e9quences du vapotage sur la sant\u00e9. Ils alertent notamment sur les risques d\u2019addiction aupr\u00e8s des adolescents.<\/em><\/p>\n<p style=\"text-align: justify;\">Regroup\u00e9s sous l\u2019\u00e9gide de la Coalition Qu\u00e9b\u00e9coise pour le Contr\u00f4le du Tabac (CQCT), des chercheurs ont obtenu des donn\u00e9es de l\u2019Enqu\u00eate sur la sant\u00e9 men\u00e9e par Statistique Canada<a href=\"#_ftn1\" name=\"_ftnref1\">[1]<\/a>, \u00e0 laquelle ont particip\u00e9 7350 r\u00e9pondants dans la province francophone du Qu\u00e9bec. Leur constat est clair : depuis la mise en vente libre des produits de vapotage contenant de la nicotine, la proportion de Qu\u00e9b\u00e9cois non-fumeurs qui en consomme a augment\u00e9 de 111% entre 2017 et 2021.<\/p>\n<h2 style=\"text-align: justify;\"><strong>Les adolescents comme c\u0153ur de cible<\/strong><\/h2>\n<p style=\"text-align: justify;\">Public particuli\u00e8rement touch\u00e9 par l\u2019industrie du vapotage : les adolescents. Selon les chiffres obtenus par la CQCT, 86% des non-fumeurs qui commencent \u00e0 consommer des cigarettes \u00e9lectroniques sont \u00e2g\u00e9s de 12 \u00e0 24 ans. Sur la p\u00e9riode 2017-2021 au Qu\u00e9bec, 100 810 non-fumeurs de tabac de cette tranche d\u2019\u00e2ge ont commenc\u00e9 la cigarette \u00e9lectronique. Toujours selon Statistique Canada, ces chiffres sont quatre fois plus \u00e9lev\u00e9s chez les 12-24 ans que chez les personnes de plus de 25 ans.<\/p>\n<p style=\"text-align: justify;\">\u00ab Les donn\u00e9es sont claires. La commercialisation des cigarettes \u00e9lectroniques a caus\u00e9 plus de torts que d\u2019avantages et ce sont les adolescents et jeunes adultes qui en sont les grands perdants, \u00bb explique Flory Doucas, porte-parole de la CQCT dans un communiqu\u00e9<a href=\"#_ftn2\" name=\"_ftnref2\">[2]<\/a>. En fait, entre 2017 et 2021, pour quatre anciens fumeurs additionnels qui vapotent, il y a cinq vapoteurs additionnels qui n\u2019\u00e9taient pas des fumeurs. \u00ab C\u2019est pourquoi selon elle que le Qu\u00e9bec se retrouve avec 100 810 jeunes vapoteurs, sans que ceux-ci n\u2019aient \u00e9t\u00e9 fumeurs auparavant \u00bb indique le communiqu\u00e9 de la Coalition.<\/p>\n<p style=\"text-align: justify;\">La CQCT s\u2019attaque \u00e9galement aux arguments des d\u00e9fenseurs de la cigarette \u00e9lectronique sur le fait que ce soit un produit efficace pour permettre d\u2019arr\u00eater de fumer. Selon plusieurs indicateurs pr\u00e9sents dans l\u2019analyse, la cigarette \u00e9lectronique a un impact quasiment marginal sur le taux d\u2019arr\u00eat du tabagisme. 91% des 12-24 ans fumeurs affirment notamment que le vapotage ne leur permet pas de sortir du tabagisme.<\/p>\n<h2 style=\"text-align: justify;\"><strong>L\u2019industrie du vapotage dans le viseur du gouvernement qu\u00e9b\u00e9cois<\/strong><\/h2>\n<p style=\"text-align: justify;\">Ces r\u00e9v\u00e9lations de la CQCT s\u2019inscrivent dans un contexte de tensions politiques li\u00e9es \u00e0 l\u2019industrie de la cigarette \u00e9lectronique au Qu\u00e9bec. Elles font suite \u00e0 l\u2019enqu\u00eate de l\u2019Institut National de Sant\u00e9 Publique du Qu\u00e9bec (INSPQ) d\u2019octobre 2022 sur la consommation des produits de vapotage en 2020<a href=\"#_ftn3\" name=\"_ftnref3\">[3]<\/a>. L\u2019institut r\u00e9v\u00e9lait que la pr\u00e9valence du vapotage \u00e9tait nettement plus \u00e9lev\u00e9e chez les adolescents (18%) que chez les 25 ans et plus (2%). En termes de nicotine, l\u2019\u00e9tude prouve que 43% des vapoteurs consomment des liquides dont la concentration de nicotine exc\u00e8de 20mg\/ml, avec un pic de 63% chez les 15-24 ans.<\/p>\n<p style=\"text-align: justify;\">Face \u00e0 ces chiffres, le gouvernement qu\u00e9b\u00e9cois a d\u00e9cid\u00e9 d\u2019agir. D\u00e8s d\u00e9cembre 2022, il avait d\u00e9j\u00e0 s\u00e9vi contre les produits du vapotage en annon\u00e7ant doubler leur taxe \u00e0 partir de l\u2019automne 2023. Au d\u00e9but du mois de mars 2023, un projet d\u2019interdiction des ar\u00f4mes a \u00e9t\u00e9 remis au ministre de la Sant\u00e9, dont l\u2019adoption est pr\u00e9vue dans les prochaines semaines<a href=\"#_ftn4\" name=\"_ftnref4\">[4]<\/a>. Une telle mesure a d\u00e9j\u00e0 \u00e9t\u00e9 prise en Nouvelle-Ecosse en 2020 avec succ\u00e8s<a href=\"#_ftn5\" name=\"_ftnref5\">[5]<\/a>.<\/p>\n<p style=\"text-align: justify;\"><strong>Mots cl\u00e9s : Qu\u00e9bec, Vapotage, Adolescents, Etude, Sant\u00e9, Cigarettes \u00c9lectroniques.<\/strong><\/p>\n<p style=\"text-align: justify;\"><strong><a href=\"https:\/\/www.generationsanstabac.org\/\">\u00a9G\u00e9n\u00e9ration Sans Tabac<\/a><\/strong><\/p>\n<p style=\"text-align: right;\"><em><strong>HD<\/strong><\/em><\/p>\n<p style=\"text-align: justify;\"><a href=\"#_ftnref1\" name=\"_ftn1\">[1]<\/a> <a href=\"https:\/\/cqct.qc.ca\/Documents_docs\/DOCU_2023\/STAT_23_03_16_ESCC_2021_Vapotage_GroupeDAnalyse.pdf\">Enqu\u00eate sur la Sant\u00e9 dans les Collectivit\u00e9s Canadiennes<\/a>, Statistique Canada, 2023, consult\u00e9 le 21 mars 2023<\/p>\n<p style=\"text-align: justify;\"><a href=\"#_ftnref2\" name=\"_ftn2\">[2]<\/a> Communiqu\u00e9 de presse, <a href=\"https:\/\/cqct.qc.ca\/Communiques_docs\/2023\/PRSS_23_03_20_StatistiquesVapotage_ESCC_QC.pdf\">De nouvelles statistiques montrent que les jeunes sont les grands perdants de la vente libre des produits de vapotage aromatis\u00e9s<\/a>, Coalition Qu\u00e9b\u00e9coise pour le Contr\u00f4le du Tabac, publi\u00e9 le 20 mars 2023, consult\u00e9 le 21 mars 2023<\/p>\n<p style=\"text-align: justify;\"><a href=\"#_ftnref3\" name=\"_ftn3\">[3]<\/a> <a href=\"https:\/\/www.inspq.qc.ca\/sites\/default\/files\/publications\/3247-vapotage-quebecois-2020.pdf\">Le vapotage chez les Qu\u00e9b\u00e9cois : donn\u00e9es de l\u2019Enqu\u00eate qu\u00e9b\u00e9coise sur le tabac et les produits de vapotage 2020<\/a>, INSPQ, Octobre 2022<\/p>\n<p style=\"text-align: justify;\"><a href=\"#_ftnref4\" name=\"_ftn4\">[4]<\/a> <a href=\"https:\/\/www.generationsanstabac.org\/actualites\/le-quebec-envisage-dinterdire-les-aromes-dans-les-produits-du-vapotage\/\">Le Qu\u00e9bec envisage d\u2019interdire les ar\u00f4mes dans les produits du vapotage<\/a>, G\u00e9n\u00e9ration Sans Tabac, publi\u00e9 le 8 mars 2023<\/p>\n<p style=\"text-align: justify;\"><a href=\"#_ftnref5\" name=\"_ftn5\">[5]<\/a> <a href=\"https:\/\/cqct.qc.ca\/Documents_docs\/DOCU_2023\/STAT_23_03_13_ESCC_NouvelleEcosse_EvolutionTabagisme_18_21.pdf\">Evolution du Tabagisme en Nouvelle-Ecosse<\/a>, Statistique Canada, publi\u00e9 le 13 mars 2023, consult\u00e9 le 21 mars 2023<\/p>\n<p><span style=\"color: #999999;\"><strong><a style=\"color: #999999;\" href=\"http:\/\/www.cnct.fr\/\" target=\"_blank\" rel=\"noopener noreferrer\">Comit\u00e9 national contre le tabagisme |<\/a><\/strong><\/span><\/p>\n","protected":false},"excerpt":{"rendered":"<p>Appuy\u00e9s par des donn\u00e9es r\u00e9centes, plusieurs groupes de sant\u00e9 du Qu\u00e9bec r\u00e9v\u00e8lent une analyse sur les cons\u00e9quences du vapotage sur la sant\u00e9.<\/p>\n","protected":false},"featured_media":11459,"template":"","tags":[],"thematique":[516,491],"class_list":["post-20978","actualites","type-actualites","status-publish","has-post-thumbnail","hentry","thematique-nouveaux-produits","thematique-politiques-publiques"],"acf":[],"_links":{"self":[{"href":"https:\/\/www.generationsanstabac.org\/fr\/wp-json\/wp\/v2\/actualites\/20978","targetHints":{"allow":["GET"]}}],"collection":[{"href":"https:\/\/www.generationsanstabac.org\/fr\/wp-json\/wp\/v2\/actualites"}],"about":[{"href":"https:\/\/www.generationsanstabac.org\/fr\/wp-json\/wp\/v2\/types\/actualites"}],"version-history":[{"count":0,"href":"https:\/\/www.generationsanstabac.org\/fr\/wp-json\/wp\/v2\/actualites\/20978\/revisions"}],"wp:featuredmedia":[{"embeddable":true,"href":"https:\/\/www.generationsanstabac.org\/fr\/wp-json\/wp\/v2\/media\/11459"}],"wp:attachment":[{"href":"https:\/\/www.generationsanstabac.org\/fr\/wp-json\/wp\/v2\/media?parent=20978"}],"wp:term":[{"taxonomy":"post_tag","embeddable":true,"href":"https:\/\/www.generationsanstabac.org\/fr\/wp-json\/wp\/v2\/tags?post=20978"},{"taxonomy":"thematique","embeddable":true,"href":"https:\/\/www.generationsanstabac.org\/fr\/wp-json\/wp\/v2\/thematique?post=20978"}],"curies":[{"name":"wp","href":"https:\/\/api.w.org\/{rel}","templated":true}]}}