{"id":20973,"date":"2023-03-21T09:00:10","date_gmt":"2023-03-21T08:00:10","guid":{"rendered":"https:\/\/www.generationsanstabac.org\/actualites\/loffre-de-cigarettes-electroniques-multipliee-par-4-en-un-an-aux-etats-unis\/"},"modified":"2023-03-21T09:00:10","modified_gmt":"2023-03-21T08:00:10","slug":"loffre-de-cigarettes-electroniques-multipliee-par-4-en-un-an-aux-etats-unis","status":"publish","type":"actualites","link":"https:\/\/www.generationsanstabac.org\/fr\/actualites\/loffre-de-cigarettes-electroniques-multipliee-par-4-en-un-an-aux-etats-unis\/","title":{"rendered":"L\u2019offre de cigarettes \u00e9lectroniques multipli\u00e9e par 4 en un an aux Etats-Unis"},"content":{"rendered":"<p style=\"text-align: justify;\"><em>L\u2019analyse des ventes au d\u00e9tail par Truth Initiative indique que le nombre de cigarettes \u00e9lectroniques mises sur le march\u00e9 aux Etats-Unis a fortement augment\u00e9 entre juin 2021 et juin 2022, au m\u00e9pris des autorisations pr\u00e9alables r\u00e9glementaires. <\/em><\/p>\n<p style=\"text-align: justify;\">Se basant sur les estimations de vente au d\u00e9tail produites par NielsenIQ \u00e0 partir du nombre de codes-barres uniques appos\u00e9s sur les conditionnements, l\u2019organisation Truth Initiative a recens\u00e9 le nombre de marques de cigarettes \u00e9lectroniques lanc\u00e9es sur le march\u00e9 \u00e9tasunien<a href=\"#_ftn1\" name=\"_ftnref1\">[1]<\/a>. Ce nombre a ainsi bondi de 453 en juin 2021 \u00e0 2 023 en juin 2022, soit une augmentation de 446 % en une seule ann\u00e9e.<\/p>\n<p style=\"text-align: justify;\"><img fetchpriority=\"high\" decoding=\"async\" class=\"aligncenter wp-image-5874\" src=\"https:\/\/www.generationsanstabac.org\/wp-content\/uploads\/2024\/07\/Graph-USA-cigarettes-electroniques.png\" alt=\"\" width=\"454\" height=\"226\" \/><\/p>\n<p style=\"text-align: justify;\">Source : Truth Initiative<\/p>\n<p style=\"text-align: justify;\">La plupart de ces produits ont \u00e9t\u00e9 introduits sur le march\u00e9 sans demande de pr\u00e9-commercialisation (PMTA) aupr\u00e8s de la <em>Food and Drug Administration<\/em> (FDA) qui, malgr\u00e9 ses efforts, peine \u00e0 rattraper son retard sur leur examen. La courbe des ventes obtenue permet d\u2019observer que nombre de ces produits ont \u00e9t\u00e9 introduits avant et juste apr\u00e8s la date de l\u2019\u00e9ch\u00e9ance fix\u00e9e par la FDA pour d\u00e9poser des demandes de pr\u00e9-commercialisation, en septembre 2022. L\u2019arriv\u00e9e massive de nouveaux produits a aussi pour cons\u00e9quence de submerger un peu plus la FDA dans ses missions de contr\u00f4le.<\/p>\n<h2 style=\"text-align: justify;\"><strong>Riposte tr\u00e8s progressive de la FDA sur les cigarettes \u00e9lectroniques<\/strong><\/h2>\n<p style=\"text-align: justify;\">Sous la pression des acteurs de sant\u00e9 publique, la FDA a significativement renforc\u00e9 ses efforts de traitement des demandes de pr\u00e9-commercialisation en 2022 et a accru le nombre d\u2019avertissements adress\u00e9s aux producteurs en situation irr\u00e9guli\u00e8re. N\u2019\u00e9tant pas apte \u00e0 engager directement des poursuites judiciaires, elle a transmis en octobre 2022 au Minist\u00e8re de la justice, <em>Department of Justice<\/em> (DOJ) plusieurs dossiers en vue de poursuites p\u00e9nales. Des sanctions p\u00e9cuniaires ont \u00e9galement \u00e9t\u00e9 prises en janvier 2023 contre quatre fabricants. La grande majorit\u00e9 des produits en circulation, dont ceux des marques les plus vendues, restent pourtant en attente de traitement, seules une trentaine de cigarettes \u00e9lectroniques ayant re\u00e7u d\u2019une autorisation formelle.<\/p>\n<p style=\"text-align: justify;\">La FDA a cependant annonc\u00e9, le 24 f\u00e9vrier dernier, un <a href=\"https:\/\/www.generationsanstabac.org\/actualites\/fda-presente-orientations-tabac-nicotine\/\">plan d\u2019action strat\u00e9gique<\/a> sur cinq ans pour d\u00e9cembre 2023 qui devrait lui permettre de reprendre la main sur ce march\u00e9 d\u00e9brid\u00e9. Un march\u00e9 actuellement domin\u00e9 par Vuse (distribu\u00e9 dans le pays par RJ Reynolds), mais qui pourrait se r\u00e9organiser avec la <a href=\"https:\/\/www.generationsanstabac.org\/actualites\/avec-njoy-altria-retente-sa-chance-sur-les-cigarettes-elecroniques\/\">r\u00e9cente acquisition<\/a> de NJOY par Altria, marque qui va b\u00e9n\u00e9ficier des r\u00e9seaux et de la force de frappe commerciale d\u2019Altria sur le terrain.<\/p>\n<p style=\"text-align: justify;\"><strong>Mots-cl\u00e9s : cigarette \u00e9lectronique, FDA, PMTA, Altria.<\/strong><\/p>\n<p style=\"text-align: justify;\"><strong><a href=\"https:\/\/www.generationsanstabac.org\/\">\u00a9G\u00e9n\u00e9ration Sans Tabac<\/a><\/strong><\/p>\n<p style=\"text-align: right;\"><em><strong>MF<\/strong><\/em><\/p>\n<p style=\"text-align: justify;\"><a href=\"#_ftnref1\" name=\"_ftn1\">[1]<\/a> Truth Initiative, <a href=\"https:\/\/truthinitiative.org\/research-resources\/emerging-tobacco-products\/e-cigarette-products-sold-market-quadruple-just-one\"><em>E-cigarette products sold on the market quadruple in just one year<\/em><\/a>, publi\u00e9 le 15 mars 2023, consult\u00e9 le 16 mars 2023.<\/p>\n<p style=\"text-align: justify;\"><span style=\"color: #999999;\"><strong><a style=\"color: #999999;\" href=\"http:\/\/www.cnct.fr\/\" target=\"_blank\" rel=\"noopener noreferrer\">Comit\u00e9 national contre le tabagisme |<\/a><\/strong><\/span><\/p>\n","protected":false},"excerpt":{"rendered":"<p>La vente de cigarettes \u00e9lectroniques a fortement augment\u00e9 entre 2021 et 2022 aux Etats-Unis, au m\u00e9pris des autorisations r\u00e9glementaires.<\/p>\n","protected":false},"featured_media":19544,"template":"","tags":[],"thematique":[502,516],"class_list":["post-20973","actualites","type-actualites","status-publish","has-post-thumbnail","hentry","thematique-justice","thematique-nouveaux-produits"],"acf":[],"_links":{"self":[{"href":"https:\/\/www.generationsanstabac.org\/fr\/wp-json\/wp\/v2\/actualites\/20973","targetHints":{"allow":["GET"]}}],"collection":[{"href":"https:\/\/www.generationsanstabac.org\/fr\/wp-json\/wp\/v2\/actualites"}],"about":[{"href":"https:\/\/www.generationsanstabac.org\/fr\/wp-json\/wp\/v2\/types\/actualites"}],"version-history":[{"count":0,"href":"https:\/\/www.generationsanstabac.org\/fr\/wp-json\/wp\/v2\/actualites\/20973\/revisions"}],"wp:featuredmedia":[{"embeddable":true,"href":"https:\/\/www.generationsanstabac.org\/fr\/wp-json\/wp\/v2\/media\/19544"}],"wp:attachment":[{"href":"https:\/\/www.generationsanstabac.org\/fr\/wp-json\/wp\/v2\/media?parent=20973"}],"wp:term":[{"taxonomy":"post_tag","embeddable":true,"href":"https:\/\/www.generationsanstabac.org\/fr\/wp-json\/wp\/v2\/tags?post=20973"},{"taxonomy":"thematique","embeddable":true,"href":"https:\/\/www.generationsanstabac.org\/fr\/wp-json\/wp\/v2\/thematique?post=20973"}],"curies":[{"name":"wp","href":"https:\/\/api.w.org\/{rel}","templated":true}]}}