{"id":20969,"date":"2023-03-20T09:00:07","date_gmt":"2023-03-20T08:00:07","guid":{"rendered":"https:\/\/www.generationsanstabac.org\/actualites\/le-sultanat-oman-adopte-le-paquet-neutre-pour-les-produits-du-tabac\/"},"modified":"2023-03-20T09:00:07","modified_gmt":"2023-03-20T08:00:07","slug":"le-sultanat-oman-adopte-le-paquet-neutre-pour-les-produits-du-tabac","status":"publish","type":"actualites","link":"https:\/\/www.generationsanstabac.org\/fr\/actualites\/le-sultanat-oman-adopte-le-paquet-neutre-pour-les-produits-du-tabac\/","title":{"rendered":"Le sultanat d\u2019Oman adopte le paquet neutre pour les produits du tabac"},"content":{"rendered":"<p style=\"text-align: justify;\"><em>L\u2019Organisation Mondiale de la Sant\u00e9 (OMS) a f\u00e9licit\u00e9 le sultanat pour le d\u00e9ploiement de cette mesure phare. Oman devient ainsi le deuxi\u00e8me pays de la p\u00e9ninsule arabique \u00e0 adopter le paquet neutre, apr\u00e8s l\u2019Arabie Saoudite. <\/em><\/p>\n<p style=\"text-align: justify;\">Le sultanat d\u2019Oman, qui comptait 7,7 % de fumeurs \u2013 essentiellement masculins \u2013 dont 6,5 % de fumeurs quotidiens en 2017<a href=\"#_ftn1\" name=\"_ftnref1\">[1]<\/a>, a l\u2019intention de r\u00e9duire de 30 % cette pr\u00e9valence tabagique d\u2019ici 2025<a href=\"#_ftn2\" name=\"_ftnref2\">[2]<\/a>. C\u2019est dans cet esprit, et notamment pour dissuader les jeunes d\u2019entrer dans le tabagisme, que ce pays vient de mettre en place le paquet neutre standardis\u00e9 pour les produits du tabac.<\/p>\n<p style=\"text-align: justify;\">La mesure a \u00e9t\u00e9 \u00e9dict\u00e9e le 14 f\u00e9vrier 2023 par le minist\u00e8re du Commerce, de l\u2019industrie et de la promotion de l\u2019investissement, sur une proposition du minist\u00e8re de la Sant\u00e9 et du Comit\u00e9 national pour le contr\u00f4le du tabac. Elle doit \u00eatre appliqu\u00e9e dans un d\u00e9lai de six mois. Le bureau de l\u2019OMS pour l\u2019Est m\u00e9diterran\u00e9en a salu\u00e9 l\u2019adoption de cette mesure <em>\u00ab importante et pionni\u00e8re \u00bb<\/em>, Oman \u00e9tant, apr\u00e8s l\u2019Arabie Saoudite, le deuxi\u00e8me pays de la r\u00e9gion \u00e0 la mettre en \u0153uvre.<\/p>\n<h2 style=\"text-align: justify;\"><strong>Une mesure promue par la CCLAT<\/strong><\/h2>\n<p style=\"text-align: justify;\">Le sultanat d\u2019Oman se met ainsi en accord avec deux articles fondamentaux de la Convention cadre de l\u2019OMS pour la lutte antitabac (<a href=\"https:\/\/apps.who.int\/iris\/bitstream\/handle\/10665\/42812\/9242591017.pdf\">CCLAT<\/a>), qu\u2019il a ratifi\u00e9e d\u00e8s 2005 : l\u2019article 11 de la CCLAT qui porte ainsi express\u00e9ment sur les conditionnements et l\u2019\u00e9tiquetage  (mentions,  avertissements sanitaires) \u00e0 apposer sur les produits du tabac, et l\u2019article 13 relatif \u00e0 l\u2019interdiction de la publicit\u00e9 et de la promotion. Les directives d\u2019application de ces deux articles int\u00e8grent en effet de mani\u00e8re explicite l\u2019introduction de cette mesure. Les \u00e9tudes scientifiques soulignent que le paquet neutre renforce par ailleurs d\u2019autres dispositions du trait\u00e9 en mettant mieux en exergue les informations sur la toxicit\u00e9 des produits, en pr\u00e9venant l\u2019entr\u00e9e dans le tabagisme des jeunes et en contribuant \u00e0 <a href=\"https:\/\/www.generationsanstabac.org\/actualites\/quelle-efficacite-a-eu-le-paquet-neutre-en-france\/\">l\u2019arr\u00eat du tabac<\/a>.<\/p>\n<p style=\"text-align: justify;\">L\u2019OMS a publi\u00e9 sur le sujet un guide complet de conseils afin d\u2019implanter cette mesure<a href=\"#_ftn3\" name=\"_ftnref3\">[3]<\/a>. Depuis que cette mesure a \u00e9t\u00e9 mise en place en Australie en 2012, 19 autres pays<a href=\"#_ftn4\" name=\"_ftnref4\">[4]<\/a> l\u2019ont <a href=\"https:\/\/www.generationsanstabac.org\/actualites\/le-myanmar-adoptera-le-paquet-neutre-en-2022\/\">adopt\u00e9e<\/a> et plusieurs autres l\u2019envisagent ou <a href=\"https:\/\/www.generationsanstabac.org\/actualites\/cote-d-ivoire-premier-pays-africain-instaurer-le-paquet-neutre\/\">la pr\u00e9parent<\/a><a href=\"#_ftn5\" name=\"_ftnref5\">[5]<\/a>.<\/p>\n<p style=\"text-align: justify;\"><strong>Mots-cl\u00e9s : Oman, paquet neutre, CCLAT, MPOWER.<\/strong><\/p>\n<p style=\"text-align: justify;\"><strong><a href=\"https:\/\/www.generationsanstabac.org\/\">\u00a9G\u00e9n\u00e9ration Sans Tabac<\/a><\/strong><\/p>\n<p style=\"text-align: right;\"><em><strong>MF<\/strong><\/em><\/p>\n<hr \/>\n<p style=\"text-align: justify;\"><a href=\"#_ftnref1\" name=\"_ftn1\">[1]<\/a> WHO, <a href=\"https:\/\/untobaccocontrol.org\/impldb\/oman\/\"><em>FCTC report 2020, Oman<\/em><\/a>.<\/p>\n<p style=\"text-align: justify;\"><a href=\"#_ftnref2\" name=\"_ftn2\">[2]<\/a> <a href=\"https:\/\/www.muscatdaily.com\/2023\/03\/11\/oman-adopts-plain-packaging-for-tobacco-products\/\"><em>Oman adopts plain packaging for tobacco products<\/em><\/a>, Muscat Daily, publi\u00e9 le 11 mars 2023, consult\u00e9 le 14 mars 2023.<\/p>\n<p style=\"text-align: justify;\"><a href=\"#_ftnref3\" name=\"_ftn3\">[3]<\/a> WHO, <a href=\"https:\/\/www.who.int\/publications\/i\/item\/9789241565226\"><em>Plain packaging of tobacco products: evidence, design and implementation<\/em><\/a>, 2016, 44 p.<\/p>\n<p style=\"text-align: justify;\"><a href=\"#_ftnref4\" name=\"_ftn4\">[4]<\/a> Par ordre chronologique : Australie, France, Royaume-Uni, Nouvelle-Z\u00e9lande, Norv\u00e8ge, Irlande, Tha\u00eflande, Uruguay, Arabie Saoudite, Slov\u00e9nie, Turquie, Isra\u00ebl, Canada, Singapour, Belgique, Pays-Bas, Hongrie, Danemark, Myanmar.<\/p>\n<p style=\"text-align: justify;\"><a href=\"#_ftnref5\" name=\"_ftn5\">[5]<\/a> FCTC, <a href=\"https:\/\/www.who.int\/publications\/i\/item\/9789240051607\"><em>Tobacco Plain Packaging, Global status 2021 update<\/em><\/a>, WHO, 2022, 54 p.<\/p>\n<p><span style=\"color: #999999;\"><strong><a style=\"color: #999999;\" href=\"http:\/\/www.cnct.fr\/\" target=\"_blank\" rel=\"noopener noreferrer\">Comit\u00e9 national contre le tabagisme |<\/a><\/strong><\/span><\/p>\n","protected":false},"excerpt":{"rendered":"<p>Le sultanat d&rsquo;Oman met en place le paquet neutre pour faire baisser le tabagisme, notamment chez les plus jeunes, dans le pays.<\/p>\n","protected":false},"featured_media":10393,"template":"","tags":[],"thematique":[502],"class_list":["post-20969","actualites","type-actualites","status-publish","has-post-thumbnail","hentry","thematique-justice"],"acf":[],"_links":{"self":[{"href":"https:\/\/www.generationsanstabac.org\/fr\/wp-json\/wp\/v2\/actualites\/20969","targetHints":{"allow":["GET"]}}],"collection":[{"href":"https:\/\/www.generationsanstabac.org\/fr\/wp-json\/wp\/v2\/actualites"}],"about":[{"href":"https:\/\/www.generationsanstabac.org\/fr\/wp-json\/wp\/v2\/types\/actualites"}],"version-history":[{"count":0,"href":"https:\/\/www.generationsanstabac.org\/fr\/wp-json\/wp\/v2\/actualites\/20969\/revisions"}],"wp:featuredmedia":[{"embeddable":true,"href":"https:\/\/www.generationsanstabac.org\/fr\/wp-json\/wp\/v2\/media\/10393"}],"wp:attachment":[{"href":"https:\/\/www.generationsanstabac.org\/fr\/wp-json\/wp\/v2\/media?parent=20969"}],"wp:term":[{"taxonomy":"post_tag","embeddable":true,"href":"https:\/\/www.generationsanstabac.org\/fr\/wp-json\/wp\/v2\/tags?post=20969"},{"taxonomy":"thematique","embeddable":true,"href":"https:\/\/www.generationsanstabac.org\/fr\/wp-json\/wp\/v2\/thematique?post=20969"}],"curies":[{"name":"wp","href":"https:\/\/api.w.org\/{rel}","templated":true}]}}