{"id":20968,"date":"2023-03-14T12:59:07","date_gmt":"2023-03-14T11:59:07","guid":{"rendered":"https:\/\/www.generationsanstabac.org\/actualites\/les-jeunes-reduisent-leur-usage-de-tabac-et-augmentent-celui-des-cigarettes-electroniques\/"},"modified":"2023-03-14T12:59:07","modified_gmt":"2023-03-14T11:59:07","slug":"les-jeunes-reduisent-leur-usage-de-tabac-et-augmentent-celui-des-cigarettes-electroniques","status":"publish","type":"actualites","link":"https:\/\/www.generationsanstabac.org\/fr\/actualites\/les-jeunes-reduisent-leur-usage-de-tabac-et-augmentent-celui-des-cigarettes-electroniques\/","title":{"rendered":"En France, les jeunes r\u00e9duisent leur usage de tabac et augmentent celui des cigarettes \u00e9lectroniques"},"content":{"rendered":"<p style=\"text-align: justify;\"><em>L\u2019enqu\u00eate ESCAPAD 2022 indique que les jeunes Fran\u00e7ais consomment moins de tabac, d\u2019alcool et de cannabis, mais montre une forte progression de l\u2019usage des cigarettes \u00e9lectroniques, en particulier chez les filles. <\/em><\/p>\n<p style=\"text-align: justify;\">Pour sa neuvi\u00e8me \u00e9dition depuis 2000, l\u2019enqu\u00eate ESCAPAD \u00e9value les consommations des jeunes de 17 ans lors de la Journ\u00e9e d\u00e9fense et citoyennet\u00e9 (JDC). Un \u00e9chantillon de 23 701 jeunes de 17 ans a ainsi \u00e9t\u00e9 interrog\u00e9 en mars 2022 sur les consommations de tabac, de cigarettes \u00e9lectroniques, d\u2019alcool et de drogues illicites <a href=\"#_ftn1\" name=\"_ftnref1\">[1]<\/a>. Le contexte de la crise sanitaire de 2020 s\u2019est toutefois ressenti dans les donn\u00e9es de sant\u00e9 et de sant\u00e9 mentale \u00e9galement recueillies \u00e0 cette occasion.<\/p>\n<h2 style=\"text-align: justify;\"><strong>Forte baisse du tabagisme, essor des cigarettes \u00e9lectroniques<\/strong><\/h2>\n<p style=\"text-align: justify;\">Si l\u2019ensemble des consommations de substances psychoactives (SPA) est en baisse en comparaison de l\u2019enqu\u00eate de 2017, la baisse la plus importante observ\u00e9e concerne les produits du tabac. L\u2019exp\u00e9rimentation au cours de la vie chute de 13 points (46,5 % contre 59 % en 2017 et 77,6 % en 2000), tandis que l\u2019usage quotidien se r\u00e9duit de 10 points (15,6 % contre 25,1 % en 2017 et 41,1 % en 2000). Une tendance qui s\u2019observe aussi bien chez les gar\u00e7ons que chez les filles, m\u00eame si les gar\u00e7ons continuent d\u2019\u00eatre plus nombreux chez les fumeurs quotidiens (17 % contre 14,2 %). L\u2019\u00e2ge moyen de l\u2019entr\u00e9e dans l\u2019usage quotidien est retard\u00e9 \u00e0 15,3 ans en 2022, contre 15,1 ans en 2017. Bien qu\u2019en baisse, l\u2019usage de tabac reste en France tr\u00e8s pr\u00e9sent chez les jeunes, en comparaison d\u2019autres pays \u00e0 haut revenu.<\/p>\n<p style=\"text-align: justify;\">L\u2019exp\u00e9rimentation de la chicha est elle aussi en r\u00e9gression, puisqu\u2019elle touche 33,3 % des jeunes en 2022 contre 49,9 % en 2017. L\u2019usage r\u00e9cent de chicha (dans le mois) concerne en majorit\u00e9 des gar\u00e7ons.<\/p>\n<p style=\"text-align: justify;\">L\u2019usage des cigarettes \u00e9lectroniques est en revanche en nette progression chez les jeunes. L\u2019usage quotidien a tripl\u00e9 entre 2017 et 2022, de 1,9 % \u00e0 6,2 %, tandis que l\u2019exp\u00e9rimentation est pass\u00e9e de 52,4 % \u00e0 56,9 %, d\u00e9passant celle du tabac. Les filles participent davantage \u00e0 cette tendance, l\u2019usage quotidien \u00e9tant chez elle multipli\u00e9 par six, de 0,9 % en 2017 \u00e0 6,3 % en 2022, et l\u2019usage r\u00e9cent progressant de 19 %. L\u2019exp\u00e9rimentation de cigarette \u00e9lectronique devient plus pr\u00e9coce, \u00e0 15 ans en 2022 contre 15,4 ans en 2017, mais reste de six mois plus tardive que celle des cigarettes fum\u00e9es. La proportion de vapoteurs exclusifs n\u2019ayant pas exp\u00e9riment\u00e9 le tabac passe de 14,6 % \u00e0 24,7 % en 2022 pour l\u2019exp\u00e9rimentation, et est plus que doubl\u00e9e, de 2,4 % en 2017 \u00e0 5,8 % en 2022, pour l\u2019usage quotidien. Les vapofumeurs restent cependant tr\u00e8s fr\u00e9quents chez les jeunes de 17 ans, 55,4 % des vapoteurs quotidiens \u00e9tant aussi fumeurs quotidiens de tabac.<\/p>\n<h2 style=\"text-align: justify;\"><strong>Baisse des consommations d\u2019alcool, de cannabis et de drogues illicites<\/strong><\/h2>\n<p style=\"text-align: justify;\">La consommation d\u2019alcool est en baisse sur tous les niveaux d\u2019usage. Filles comme gar\u00e7ons, un jeune de 17 ans sur 5 (19,4 %) n\u2019a jamais exp\u00e9riment\u00e9 l\u2019alcool, un chiffre en progression r\u00e9guli\u00e8re. Les alcoolisations ponctuelles importantes (plus de 5 unit\u00e9s d\u2019alcool par occasion) reste n\u00e9anmoins plus fr\u00e9quentes chez les gar\u00e7ons et se banalisent chez les usagers non r\u00e9guliers.<\/p>\n<p style=\"text-align: justify;\">En baisse depuis 2014, les diff\u00e9rents usages du cannabis sont tous en recul. L\u2019exp\u00e9rimentation r\u00e9gresse de 39,1 % en 2017 \u00e0 29,9 % en 2022, tandis que les usages r\u00e9guliers et quotidiens sont divis\u00e9s par deux. La plupart des consommateurs de cannabis ayant d\u00e9j\u00e0 exp\u00e9riment\u00e9 le tabac, le repli du cannabis pourrait provenir du d\u00e9sint\u00e9r\u00eat pour les produits du tabac. Bien qu\u2019encore marginale, l\u2019exp\u00e9rimentation de cannabis sans avoir exp\u00e9riment\u00e9 le tabac a cependant tripl\u00e9, passant de 1,8 % en 2017 \u00e0 6,2 % en 2022. L\u2019exp\u00e9rimentation de cannabidiol (CBD) a \u00e9t\u00e9 pour la premi\u00e8re fois recueillie et concerne 17,1 % des jeunes de 17 ans, dont 14 % dans les 12 derniers mois.<\/p>\n<p style=\"text-align: justify;\">Les exp\u00e9rimentations des autres drogues illicites sont toutes en baisse, de fa\u00e7on plus ou moins marqu\u00e9e. Les usages d\u00e9tourn\u00e9s de produits connaissent une hausse pour l\u2019exp\u00e9rimentation des poppers, et l\u2019exp\u00e9rimentation de protoxyde d\u2019azote (2,3 %) est pour la premi\u00e8re fois explor\u00e9e.<\/p>\n<h2 style=\"text-align: justify;\"><strong>Des tendances marqu\u00e9es par la crise sanitaire<\/strong><\/h2>\n<p style=\"text-align: justify;\">Bien qu\u2019encourageantes, en particulier sur la question du tabac, les tendances affich\u00e9es par cette enqu\u00eate devront \u00eatre confirm\u00e9es par les r\u00e9sultats de futures \u00e9tudes. Le contexte de l\u2019enqu\u00eate ESCAPAD 2022 a \u00e9t\u00e9 marqu\u00e9 par deux ans de crise sanitaire o\u00f9 les occasions de convivialit\u00e9, et donc d\u2019exp\u00e9rimentation de substances psychoactives, ont \u00e9t\u00e9 plus rares. La d\u00e9t\u00e9rioration des indicateurs de sant\u00e9 physique, plus sensible chez les filles, est aussi observ\u00e9e en mati\u00e8re de sant\u00e9 mentale, les pens\u00e9es suicidaires et les tentatives de suicide connaissant de fortes progressions. Autant de facteurs qui pourraient concourir \u00e0 de nouvelles augmentations des usages de SPA, mais ne semblent pour l\u2019instant pas enrayer la baisse du tabagisme chez les jeunes.<\/p>\n<p style=\"text-align: justify;\">Mots-cl\u00e9s : jeunes, ESCAPAD, chicha, cannabis, cigarettes \u00e9lectroniques, CBD.<\/p>\n<p><strong><a href=\"https:\/\/www.generationsanstabac.org\/\">\u00a9G\u00e9n\u00e9ration Sans Tabac<\/a><\/strong><\/p>\n<p style=\"text-align: right;\"><strong>MF<\/strong><\/p>\n<hr \/>\n<p><a href=\"#_ftnref1\" name=\"_ftn1\">[1]<\/a> OFDT, <a href=\"https:\/\/www.ofdt.fr\/publications\/collections\/tendances\/les-drogues-17-ans-analyse-de-lenquete-escapad-2022-tendances-155-mars-2022\/\"><em>Les drogues \u00e0 17 ans, Analyse de l\u2019enqu\u00eate ESCAPAD 2022<\/em><\/a>, Tendances n\u00b0155, mars 2023, 8 p.<\/p>\n<p><strong><a href=\"http:\/\/www.cnct.fr\/\" target=\"_blank\" rel=\"noopener noreferrer\">Comit\u00e9 national contre le tabagisme |<\/a><\/strong><\/p>\n","protected":false},"excerpt":{"rendered":"<p>L\u2019enqu\u00eate ESCAPAD 2022 indique que les jeunes Fran\u00e7ais consomment moins de tabac, mais montre une forte progression des cigarettes \u00e9lectroniques.<\/p>\n","protected":false},"featured_media":11446,"template":"","tags":[],"thematique":[474],"class_list":["post-20968","actualites","type-actualites","status-publish","has-post-thumbnail","hentry","thematique-sante"],"acf":[],"_links":{"self":[{"href":"https:\/\/www.generationsanstabac.org\/fr\/wp-json\/wp\/v2\/actualites\/20968","targetHints":{"allow":["GET"]}}],"collection":[{"href":"https:\/\/www.generationsanstabac.org\/fr\/wp-json\/wp\/v2\/actualites"}],"about":[{"href":"https:\/\/www.generationsanstabac.org\/fr\/wp-json\/wp\/v2\/types\/actualites"}],"version-history":[{"count":0,"href":"https:\/\/www.generationsanstabac.org\/fr\/wp-json\/wp\/v2\/actualites\/20968\/revisions"}],"wp:featuredmedia":[{"embeddable":true,"href":"https:\/\/www.generationsanstabac.org\/fr\/wp-json\/wp\/v2\/media\/11446"}],"wp:attachment":[{"href":"https:\/\/www.generationsanstabac.org\/fr\/wp-json\/wp\/v2\/media?parent=20968"}],"wp:term":[{"taxonomy":"post_tag","embeddable":true,"href":"https:\/\/www.generationsanstabac.org\/fr\/wp-json\/wp\/v2\/tags?post=20968"},{"taxonomy":"thematique","embeddable":true,"href":"https:\/\/www.generationsanstabac.org\/fr\/wp-json\/wp\/v2\/thematique?post=20968"}],"curies":[{"name":"wp","href":"https:\/\/api.w.org\/{rel}","templated":true}]}}