{"id":20967,"date":"2023-03-16T09:00:06","date_gmt":"2023-03-16T08:00:06","guid":{"rendered":"https:\/\/www.generationsanstabac.org\/actualites\/presentation-dun-programme-de-generation-sans-tabac-pour-le-luxembourg\/"},"modified":"2023-03-16T09:00:06","modified_gmt":"2023-03-16T08:00:06","slug":"presentation-dun-programme-de-generation-sans-tabac-pour-le-luxembourg","status":"publish","type":"actualites","link":"https:\/\/www.generationsanstabac.org\/fr\/actualites\/presentation-dun-programme-de-generation-sans-tabac-pour-le-luxembourg\/","title":{"rendered":"Pr\u00e9sentation d\u2019un programme de G\u00e9n\u00e9ration sans tabac pour le Luxembourg"},"content":{"rendered":"<p style=\"text-align: justify;\"><em>La Fondation Cancer du Luxembourg lance sa strat\u00e9gie de G\u00e9n\u00e9ration sans tabac pour parvenir \u00e0 moins de 5 % de fumeurs au Luxembourg en 2040. Six axes de mesures sont propos\u00e9s, la principale consistant \u00e0 augmenter significativement le prix du tabac. <\/em><\/p>\n<p style=\"text-align: justify;\">Lors d\u2019une conf\u00e9rence de presse, le 8 mars dernier, la directrice de la Fondation Cancer Luxembourg, Lucienne Thommes, a pr\u00e9sent\u00e9 la strat\u00e9gie G\u00e9n\u00e9ration sans tabac propos\u00e9e pour le Grand-Duch\u00e9. Soutenu par 36 acteurs de la sant\u00e9, de l\u2019\u00e9ducation, du sport et de la jeunesse, ce programme pr\u00e9voit six axes de mesures afin de parvenir \u00e0 moins de 5 % de fumeurs au Luxembourg en 2040<a href=\"#_ftn1\" name=\"_ftnref1\">[1]<\/a>. La pr\u00e9valence tabagique, rest\u00e9e autour de 21 % durant toute la d\u00e9cennie 2010, s\u2019est en effet subitement envol\u00e9e pour atteindre 27 % en 2019 et 28 % en 2021.<\/p>\n<h2 style=\"text-align: justify;\"><strong>Focus sur les augmentations des taxes sur les produits du tabac et de la nicotine <\/strong><\/h2>\n<p style=\"text-align: justify;\">Les six axes de mesures sugg\u00e9r\u00e9es se d\u00e9composent ainsi :<\/p>\n<ul style=\"text-align: justify;\">\n<li><strong>Augmenter significativement et annuellement le prix du tabac et de ses produits associe\u0301s.<\/strong> L\u2019augmentation du prix du tabac \u00e9tant reconnue comme le meilleur levier pour emp\u00eacher l\u2019entr\u00e9e des jeunes dans le tabagisme et inciter les fumeurs \u00e0 arr\u00eater de fumer, des augmentations annuelles d\u2019environ 10 % des droits d\u2019accises sont pr\u00e9conis\u00e9es pour les prochaines ann\u00e9es. L\u2019harmonisation des taxes entre les diff\u00e9rents produits du tabac et de la nicotine est \u00e9galement souhait\u00e9e.<\/li>\n<li><strong>Eviter l\u2019entre\u0301e des jeunes dans le tabagisme et mener re\u0301gulie\u0300rement des campagnes de pre\u0301vention.<\/strong> Au-del\u00e0 des campagnes de sensibilisation en direction des jeunes, le respect des interdictions de fumer et de vente de tabac aux mineurs m\u00e9riterait d\u2019\u00eatre mieux observ\u00e9.<\/li>\n<li><strong>Interdire toute forme de publicite\u0301 et de de\u0301tournement de publicite\u0301.<\/strong> L\u2019instauration d\u2019emballages neutres est pr\u00e9conis\u00e9e pour tous les produits du tabac et de la nicotine. L\u2019interdiction des \u00e9tals de paquets de cigarettes et autres produits du tabac de m\u00eame que l\u2019interdiction des autres publicit\u00e9s sur les lieux de vente et sur les r\u00e9seaux sociaux sont recommand\u00e9es pour compl\u00e9ter l\u2019interdiction g\u00e9n\u00e9rale de publicit\u00e9. L\u2019interdiction du parrainage et du m\u00e9c\u00e9nat n\u2019est envisag\u00e9e qu\u2019\u00e0 partir de 2030.<\/li>\n<li><strong>Re\u0301duire la disponibilite\u0301 des produits du tabac.<\/strong> Le retrait des distributeurs automatiques, qui repr\u00e9sentent environ 65 % des points de vente de cigarettes, est demand\u00e9 et serait soutenu par 80 % de la population. La mise en place d\u2019une licence pour la vente de produits du tabac permettrait de r\u00e9duire le nombre de points de vente.<\/li>\n<li><strong>Prote\u0301ger efficacement la population du tabagisme passif.<\/strong> L\u2019interdiction de fumer dans les lieux clos, qui n\u2019est appliqu\u00e9e que dans les caf\u00e9s et restaurants, gagnerait \u00e0 \u00eatre \u00e9tendue \u00e0 tous les lieux de travail. L\u2019extension des espaces ext\u00e9rieurs sans tabac est encourag\u00e9e, un label \u00ab commune anti-tabac \u00bb \u00e9tant d\u00e9cern\u00e9 par la Fondation Cancer. Dans les v\u00e9hicules priv\u00e9s, l\u2019interdiction de fumer en pr\u00e9sence d\u2019un mineur pourrait \u00eatre compl\u00e9t\u00e9e par celle de ne pas fumer en pr\u00e9sence d\u2019un non-fumeur. L\u2019interdiction de fumer dans les copropri\u00e9t\u00e9s et sur les terrasses des caf\u00e9s n\u2019est envisag\u00e9e qu\u2019\u00e0 partir de 2030.<\/li>\n<li><strong>Promouvoir l\u2019arre\u0302t du tabac et mettre en place un parcours d\u2019aide a\u0300 l\u2019arre\u0302t effectif.<\/strong> L\u2019encouragement des fumeurs au sevrage tabagique devrait \u00eatre appuy\u00e9 par un meilleur accompagnement dans le parcours de soins et par le remboursement des traitements nicotiniques de substitution. L\u2019id\u00e9e d\u2019un Mois sans tabac au Luxembourg pourrait \u00eatre mise en \u0153uvre.<\/li>\n<\/ul>\n<h2 style=\"text-align: justify;\"><strong>Le Luxembourg encore tr\u00e8s d\u00e9pendant des revenus du tabac<\/strong><\/h2>\n<p style=\"text-align: justify;\">Le programme de cette G\u00e9n\u00e9ration sans tabac n\u2019exprime pour l\u2019instant que les souhaits de la soci\u00e9t\u00e9 civile et des autorit\u00e9s de sant\u00e9, mais n\u2019est pas encore int\u00e9gr\u00e9 \u00e0 la politique gouvernementale. Si la Direction de la Sant\u00e9 s\u2019est prononc\u00e9e en faveur de ce projet, la ministre des Finances, Yuriko Backes, est plus attentive aux revenus fiscaux g\u00e9n\u00e9r\u00e9s par les ventes de tabac. <em>\u00ab Ce n\u2019est pas un secret que les accises constituent des revenus importants, c&rsquo;est une r\u00e9alit\u00e9 historique \u00bb<\/em>, avait d\u00e9clar\u00e9 Mme Backes en novembre 2022, les taxes sur le tabac constituant 5 % des revenus publics luxembourgeois<a href=\"#_ftn2\" name=\"_ftnref2\">[2]<\/a>. Lucienne Thommes consid\u00e8re sur ce point que la balance entre ce que rapportent les droits d\u2019accises et le co\u00fbt des seuls soins m\u00e9dicaux m\u00e9riterait d\u2019\u00eatre mieux renseign\u00e9e, \u00e0 l\u2019image des travaux r\u00e9alis\u00e9s en France par Pierre Kopp<a href=\"#_ftn3\" name=\"_ftnref3\">[3]<\/a>.<\/p>\n<p style=\"text-align: justify;\">Dans l\u2019\u00e9dition 2021 du Tobacco Control Scale, qui \u00e9value l\u2019avancement des mesures antitabac de 37 pays europ\u00e9ens, le Luxembourg a montr\u00e9 une relative progression, passant de la 34<sup>\u00e8me<\/sup> \u00e0 la 28<sup>\u00e8me<\/sup> place. Ce rapport pointe cependant les nettes insuffisances de ce pays, qui reste l\u2019un des moins bien class\u00e9s en Europe de l\u2019Ouest en mati\u00e8re de prix de vente (5,50 \u20ac pour un paquet de Marlboro en 2022, contre 15,40 \u20ac en Irlande) notamment au regard du niveau de vie des Luxembourgeois. Le Luxembourg est \u00e9galement accus\u00e9 de maintenir une faible taxation sur les produits du tabac pour attirer les achats transfrontaliers<a href=\"#_ftn4\" name=\"_ftnref4\">[4]<\/a>.<\/p>\n<p style=\"text-align: justify;\"><strong>Mots-cl\u00e9s : Luxembourg, Fondation Cancer, taxation, achats transfrontaliers, g\u00e9n\u00e9ration sans tabac<\/strong><\/p>\n<p><strong><a href=\"https:\/\/www.generationsanstabac.org\/\">\u00a9G\u00e9n\u00e9ration Sans Tabac<\/a><\/strong><\/p>\n<p style=\"text-align: right;\"><em><strong>MF<\/strong><\/em><\/p>\n<hr \/>\n<p style=\"text-align: justify;\"><a href=\"#_ftnref1\" name=\"_ftn1\">[1]<\/a> Fondation Cancer, <a href=\"https:\/\/www.generationsanstabac.lu\/_files\/ugd\/cc28ad_689f5a58af7e4c4eaf1399f239681d36.pdf\"><em>Strat\u00e9gie pour une Ge\u0301ne\u0301ration sans tabac au Luxembourg en 2040, Grandir sans fume\u0301e !<\/em><\/a>, 2023, 13 p.<\/p>\n<p style=\"text-align: justify;\"><a href=\"#_ftnref2\" name=\"_ftn2\">[2]<\/a> Mittelberger P, <a href=\"https:\/\/www.wort.lu\/fr\/luxembourg\/augmenter-le-prix-du-tabac-mesure-n-1-pour-proteger-les-jeunes-6408b60bde135b923639b782\"><em>Augmenter le prix du tabac, mesure n\u00b01 pour prot\u00e9ger les jeunes<\/em><\/a>, Virgule, publi\u00e9 le 8 mars 2023, consult\u00e9 le 10 mars 2023<strong>.<\/strong><\/p>\n<p style=\"text-align: justify;\"><a href=\"#_ftnref3\" name=\"_ftn3\">[3]<\/a> Kopp P, <em><a href=\"http:\/\/www.ofdt.fr\/BDD\/publications\/docs\/epfxpkvc.pdf\">Le co\u00fbt social des drogues en France<\/a><\/em>, OFDT, d\u00e9cembre 2015, 75 p.<\/p>\n<p style=\"text-align: justify;\"><a href=\"#_ftnref4\" name=\"_ftn4\">[4]<\/a> <a href=\"https:\/\/www.tobaccocontrolscale.org\/2021-edition\/\"><em>The Tobacco Control Scale 2021 in Europe<\/em><\/a>, 2022, 36 p.<\/p>\n<p><span style=\"color: #999999;\"><strong><a style=\"color: #999999;\" href=\"http:\/\/www.cnct.fr\/\" target=\"_blank\" rel=\"noopener noreferrer\">Comit\u00e9 national contre le tabagisme |<\/a><\/strong><\/span><\/p>\n","protected":false},"excerpt":{"rendered":"<p>La Fondation Cancer du Luxembourg lance sa strat\u00e9gie de G\u00e9n\u00e9ration sans tabac pour parvenir \u00e0 moins de 5 % de fumeurs au Luxembourg en 2040.<\/p>\n","protected":false},"featured_media":11444,"template":"","tags":[],"thematique":[491,474],"class_list":["post-20967","actualites","type-actualites","status-publish","has-post-thumbnail","hentry","thematique-politiques-publiques","thematique-sante"],"acf":[],"_links":{"self":[{"href":"https:\/\/www.generationsanstabac.org\/fr\/wp-json\/wp\/v2\/actualites\/20967","targetHints":{"allow":["GET"]}}],"collection":[{"href":"https:\/\/www.generationsanstabac.org\/fr\/wp-json\/wp\/v2\/actualites"}],"about":[{"href":"https:\/\/www.generationsanstabac.org\/fr\/wp-json\/wp\/v2\/types\/actualites"}],"version-history":[{"count":0,"href":"https:\/\/www.generationsanstabac.org\/fr\/wp-json\/wp\/v2\/actualites\/20967\/revisions"}],"wp:featuredmedia":[{"embeddable":true,"href":"https:\/\/www.generationsanstabac.org\/fr\/wp-json\/wp\/v2\/media\/11444"}],"wp:attachment":[{"href":"https:\/\/www.generationsanstabac.org\/fr\/wp-json\/wp\/v2\/media?parent=20967"}],"wp:term":[{"taxonomy":"post_tag","embeddable":true,"href":"https:\/\/www.generationsanstabac.org\/fr\/wp-json\/wp\/v2\/tags?post=20967"},{"taxonomy":"thematique","embeddable":true,"href":"https:\/\/www.generationsanstabac.org\/fr\/wp-json\/wp\/v2\/thematique?post=20967"}],"curies":[{"name":"wp","href":"https:\/\/api.w.org\/{rel}","templated":true}]}}