{"id":20961,"date":"2023-03-11T09:02:36","date_gmt":"2023-03-11T08:02:36","guid":{"rendered":"https:\/\/www.generationsanstabac.org\/actualites\/un-premier-stade-sans-tabac-a-paris\/"},"modified":"2023-03-11T09:02:36","modified_gmt":"2023-03-11T08:02:36","slug":"un-premier-stade-sans-tabac-a-paris","status":"publish","type":"actualites","link":"https:\/\/www.generationsanstabac.org\/fr\/actualites\/un-premier-stade-sans-tabac-a-paris\/","title":{"rendered":"Un premier stade sans tabac \u00e0 Paris"},"content":{"rendered":"<p style=\"text-align: justify;\"><em>Apr\u00e8s avoir multipli\u00e9 les espaces sans tabac autour des \u00e9coles, la Ville de Paris vient de pr\u00e9senter son premier stade sans tabac. Une initiative qui rappelle la n\u00e9cessit\u00e9 de d\u00e9normaliser le tabac, aussi bien chez les enfants que chez les sportifs. <\/em><\/p>\n<p style=\"text-align: justify;\">Le stade sans tabac s\u2019inscrit dans la lign\u00e9e des espaces sans tabac, qui sont des espaces publics ext\u00e9rieurs o\u00f9 est \u00e9tendue l\u2019interdiction de fumer. L\u2019objectif de cette politique est de d\u00e9normaliser le tabac en le soustrayant de l\u2019espace public, et en particulier du regard des enfants. Initialement promus par la Ligue contre le cancer<a href=\"#_ftn1\" name=\"_ftnref1\">[1]<\/a>, les espaces sans tabac ont d\u2019abord \u00e9t\u00e9 implant\u00e9s aux abords des \u00e9tablissements scolaires du primaire (\u00e9coles maternelles, \u00e9coles \u00e9l\u00e9mentaires), o\u00f9 ils tendent \u00e0 se syst\u00e9matiser. Une initiative qui, \u00e0 Paris, pourrait \u00eatre prochainement \u00e9tendue aux coll\u00e8ges.<\/p>\n<p style=\"text-align: justify;\">Certaines plages, mais aussi des parcs et jardins et d\u2019autres lieux urbains ont \u00e9galement pu devenir des espaces sans tabac. A Paris, c\u2019est en 2015 que sont apparus les premiers espaces sans tabac, autour des aires de jeux d\u2019enfants des jardins publics. Cette mesure a ensuite \u00e9t\u00e9 \u00e9largie pour \u00e9tablir d\u00e8s juin 2019 des jardins sans tabac, qui sont aujourd\u2019hui plus de 70 dans la ville<a href=\"#_ftn2\" name=\"_ftnref2\">[2]<\/a>.<\/p>\n<h2 style=\"text-align: justify;\"><strong>Des initiatives locales <\/strong><\/h2>\n<p style=\"text-align: justify;\">Si certaines installations sportives ont d\u00e9j\u00e0 fait l\u2019objet d\u2019interdiction de fumer, c\u2019est \u00e0 pr\u00e9sent le tour des stades municipaux. A Paris, un premier stade sans tabac vient d\u2019\u00eatre lab\u00e9lis\u00e9 par la mairie du XIII<sup>\u00e8me<\/sup> arrondissement, d\u2019autres devant bient\u00f4t suivre<a href=\"#_ftn3\" name=\"_ftnref3\">[3]<\/a>. L\u2019objectif de d\u00e9normalisation est ici de s\u00e9parer l\u2019univers du sport de celui du tabac, non seulement pour pr\u00e9server les enfants de l\u2019entr\u00e9e dans le tabagisme, mais aussi pour \u00e9loigner les sportifs du tabac. La ville souhaite en effet associer le sport \u00e0 la sant\u00e9, dans la perspective des Jeux olympiques et paralympiques de 2024.<\/p>\n<p style=\"text-align: justify;\">Les espaces sans tabac sont des initiatives locales qui sont adopt\u00e9es au niveau municipal. D\u2019autres villes fran\u00e7aises, comme Strasbourg ou Saint Pierre des Corps, ont cependant pr\u00e9c\u00e9d\u00e9 Paris, et d\u2019autres pays europ\u00e9ens, en premier lieu <a href=\"https:\/\/www.generationsanstabac.org\/actualites\/interdiction-de-fumer-lors-des-matches-de-football-professionnel-en-belgique\/\">la Belgique<\/a>, ont d\u00e9j\u00e0 ouvert la voie aux stades sans tabac. Cette pratique est ainsi appel\u00e9e \u00e0 se g\u00e9n\u00e9raliser, notamment aux Pays-Bas, o\u00f9 la dynamique des espaces sans tabac a r\u00e9cemment connu <a href=\"https:\/\/www.generationsanstabac.org\/actualites\/succes-des-espaces-sans-tabac-aux-pays-bas\/\">une envol\u00e9e<\/a>. Comme l\u2019a montr\u00e9 l\u2019interdiction de fumer dans les lieux publics clos, les lieux et les espaces sans tabac semblent ainsi r\u00e9pondre \u00e0 une profonde aspiration des populations, que les personnes soient non fumeuses comme fumeuses.<\/p>\n<h2 style=\"text-align: justify;\"><strong>Le sport professionnel \u00e9galement dans ce mouvement<\/strong><\/h2>\n<p style=\"text-align: justify;\">L\u2019Union des associations europ\u00e9ennes de football (UEFA) a pour sa part publi\u00e9 d\u00e8s 2016 des Directives pour des stades sans tabac, qui int\u00e8grent \u00e9galement la question des cigarettes \u00e9lectroniques et \u00e9cartent la possibilit\u00e9 de zones am\u00e9nag\u00e9es pour les fumeurs<a href=\"#_ftn4\" name=\"_ftnref4\">[4]<\/a>. En France, cette responsabilit\u00e9 incombe aux gestionnaires des stades, les stades n\u2019\u00e9tant pas des espaces enti\u00e8rement clos. A Paris, le Parc des Princes est ainsi enti\u00e8rement non-fumeur depuis 2013. A l\u2019approche de la Coupe du monde de rugby de 2023, le message des stades sans tabac reste plus que jamais \u00e0 diffuser.<\/p>\n<p style=\"text-align: justify;\"><strong>Mots-cl\u00e9s : Stade sans tabac, espaces sans tabac, Ville de Paris<\/strong><\/p>\n<p><strong><a href=\"https:\/\/www.generationsanstabac.org\/\">\u00a9G\u00e9n\u00e9ration Sans Tabac<\/a><\/strong><\/p>\n<p style=\"text-align: right;\"><em><strong>MF<\/strong><\/em><\/p>\n<hr \/>\n<p><a href=\"#_ftnref1\" name=\"_ftn1\">[1]<\/a> <a href=\"https:\/\/www.ligue-cancer.net\/article\/56740_les-espaces-sans-tabac-pour-denormaliser-le-tabagisme-et-proteger-les-jeunes\"><em>Les Espaces sans tabac pour d\u00e9normaliser le tabagisme et prot\u00e8ger les jeunes<\/em><\/a>, Ligue contre le cancer, publi\u00e9 le 27 mai 2021, consult\u00e9 le 6 mars 2023.<\/p>\n<p><a href=\"#_ftnref2\" name=\"_ftn2\">[2]<\/a> <a href=\"https:\/\/www.paris.fr\/pages\/bientot-des-parcs-sans-tabac-5981\"><em>Les jardins sans tabac<\/em><\/a>, Mairie de Paris, mis \u00e0 jour le 18 janvier 2023, consult\u00e9 le 6 mars 2023.<\/p>\n<p><a href=\"#_ftnref3\" name=\"_ftn3\">[3]<\/a> Abran P, <a href=\"https:\/\/www.leparisien.fr\/paris-75\/a-paris-les-espaces-sans-tabac-se-multiplient-pour-changer-le-regard-des-enfants-sur-la-cigarette-05-03-2023-LVVURCVGZJEOBKGVQXMGPLULSE.php\"><em>\u00c0 Paris, les espaces sans tabac se multiplient pour changer \u00ab le regard des enfants sur la cigarette \u00bb<\/em><\/a>, Le Parisien, publi\u00e9 le 5 mars 2023, consult\u00e9 le 6 mars 2023.<\/p>\n<p><a href=\"#_ftnref4\" name=\"_ftn4\">[4]<\/a> UEFA, <a href=\"https:\/\/fr.uefa.com\/MultimediaFiles\/Download\/EuroExperience\/uefaorg\/Health\/02\/43\/77\/94\/2437794_DOWNLOAD.pdf\"><em>Directives pour des stades sans tabac : guide principal<\/em><\/a>, 2016, 32 p.<\/p>\n<p><span style=\"color: #999999;\"><strong><a style=\"color: #999999;\" href=\"http:\/\/www.cnct.fr\/\" target=\"_blank\" rel=\"noopener noreferrer\">Comit\u00e9 national contre le tabagisme |<\/a><\/strong><\/span><\/p>\n","protected":false},"excerpt":{"rendered":"<p>Apr\u00e8s avoir multipli\u00e9 les espaces sans tabac autour des \u00e9coles, la Ville de Paris vient de pr\u00e9senter son premier stade sans tabac.<\/p>\n","protected":false},"featured_media":11432,"template":"","tags":[],"thematique":[480,491],"class_list":["post-20961","actualites","type-actualites","status-publish","has-post-thumbnail","hentry","thematique-environnement","thematique-politiques-publiques"],"acf":[],"_links":{"self":[{"href":"https:\/\/www.generationsanstabac.org\/fr\/wp-json\/wp\/v2\/actualites\/20961","targetHints":{"allow":["GET"]}}],"collection":[{"href":"https:\/\/www.generationsanstabac.org\/fr\/wp-json\/wp\/v2\/actualites"}],"about":[{"href":"https:\/\/www.generationsanstabac.org\/fr\/wp-json\/wp\/v2\/types\/actualites"}],"version-history":[{"count":0,"href":"https:\/\/www.generationsanstabac.org\/fr\/wp-json\/wp\/v2\/actualites\/20961\/revisions"}],"wp:featuredmedia":[{"embeddable":true,"href":"https:\/\/www.generationsanstabac.org\/fr\/wp-json\/wp\/v2\/media\/11432"}],"wp:attachment":[{"href":"https:\/\/www.generationsanstabac.org\/fr\/wp-json\/wp\/v2\/media?parent=20961"}],"wp:term":[{"taxonomy":"post_tag","embeddable":true,"href":"https:\/\/www.generationsanstabac.org\/fr\/wp-json\/wp\/v2\/tags?post=20961"},{"taxonomy":"thematique","embeddable":true,"href":"https:\/\/www.generationsanstabac.org\/fr\/wp-json\/wp\/v2\/thematique?post=20961"}],"curies":[{"name":"wp","href":"https:\/\/api.w.org\/{rel}","templated":true}]}}