{"id":20959,"date":"2023-03-08T09:07:40","date_gmt":"2023-03-08T08:07:40","guid":{"rendered":"https:\/\/www.generationsanstabac.org\/actualites\/le-quebec-envisage-dinterdire-les-aromes-dans-les-produits-du-vapotage\/"},"modified":"2023-03-08T09:07:40","modified_gmt":"2023-03-08T08:07:40","slug":"le-quebec-envisage-dinterdire-les-aromes-dans-les-produits-du-vapotage","status":"publish","type":"actualites","link":"https:\/\/www.generationsanstabac.org\/fr\/actualites\/le-quebec-envisage-dinterdire-les-aromes-dans-les-produits-du-vapotage\/","title":{"rendered":"Le Qu\u00e9bec envisage d\u2019interdire les ar\u00f4mes dans les produits du vapotage"},"content":{"rendered":"<p style=\"text-align: justify;\"><em>Le gouvernement du Qu\u00e9bec a annonc\u00e9 son intention d\u2019augmenter les taxes sur les produits du vapotage et envisage aussi d&rsquo;interdire les ar\u00f4mes dans les produits du vapotage \u00e0 l\u2019exception de l\u2019ar\u00f4me tabac. <\/em><\/p>\n<p style=\"text-align: justify;\">L&rsquo;Institut national de sant\u00e9 publique du Qu\u00e9bec a pr\u00e9sent\u00e9 un projet de r\u00e9glementation au ministre de la sant\u00e9 Christian Dubr\u00e9. Celui-ci fait suite \u00e0 une s\u00e9rie de recommandations formul\u00e9es en ao\u00fbt 2020 visant \u00e0 mieux encadrer les produits du vapotage.<\/p>\n<h2 style=\"text-align: justify;\"><strong>Interdire les ar\u00f4mes pour prot\u00e9ger les jeunes<\/strong><\/h2>\n<p style=\"text-align: justify;\">Le cabinet du ministre Dub\u00e9 se dit pr\u00e9occup\u00e9 de la popularit\u00e9 des produits du vapotage aupr\u00e8s des jeunes et s\u2019inqui\u00e8te qu\u2019une nouvelle g\u00e9n\u00e9ration devienne d\u00e9pendante de la nicotine \u00e0 cause de ces produits.<\/p>\n<p style=\"text-align: justify;\">En octobre 2022, l\u2019Institut national de sant\u00e9 publique du Qu\u00e9bec a publi\u00e9 les r\u00e9sultats de l\u2019Enqu\u00eate qu\u00e9b\u00e9coise sur le tabac et les produits de vapotage 2020. Les principales conclusions de l\u2019\u00e9tude sont que le vapotage est tr\u00e8s r\u00e9pandu chez les adolescents puisque 18% des 15 \u2013 17 ans ont d\u00e9clar\u00e9 vapoter r\u00e9guli\u00e8rement contre 2,4% des 35 \u2013 64 ans. Plus de 8 adolescents consommateurs sur 10 (82,2%) utilisent des cigarettes \u00e9lectroniques contenant plus de 20mg\/ml de nicotine<a href=\"#_ftn1\" name=\"_ftnref1\">[1]<\/a>.<\/p>\n<p style=\"text-align: justify;\">Pour r\u00e9pondre \u00e0 cette situation, le cabinet a pr\u00e9cis\u00e9 vouloir prendre rapidement certaines mesures qui lui \u00e9taient recommand\u00e9es, en particulier :<\/p>\n<ul style=\"text-align: justify;\">\n<li>L\u2019interdiction de la vente des produits de vapotage comportant une saveur ou un ar\u00f4me autre que ceux du tabac, interdiction des ar\u00f4mes d\u00e9j\u00e0 en vigueur pour les produits du tabac ;<\/li>\n<li>Limiter \u00e0 20 mg\/ml la concentration maximale en nicotine de tous les produits de vapotage et encadrer la capacit\u00e9 des r\u00e9servoirs et le volume maximal des bouteilles de liquide \u00e0 vapoter.<\/li>\n<\/ul>\n<p style=\"text-align: justify;\">Parmi les autres mesures du projet de loi, figure l\u2019instauration d\u2019une licence pour vendre des produits de vapotage et la limitation du nombre de magasins de vapotage pr\u00e8s des \u00e9coles.<\/p>\n<p style=\"text-align: justify;\">Concernant la taxation des produits du vapotage dans la province, elle entrera en vigueur cet automne : 1$ canadien par 2 ml pour les contenants de moins de 10 ml ; pour les contenants plus gros, 5 $ canadiens pour les 10 premiers millilitres et 1 $ canadien pour chaque ml additionnel.<\/p>\n<h2 style=\"text-align: justify;\"><strong>La vive opposition de l\u2019industrie du vapotage <\/strong><\/h2>\n<p style=\"text-align: justify;\">Cette r\u00e9glementation pr\u00e9voyant notamment l\u2019interdiction des ar\u00f4mes a suscit\u00e9 d\u2019importantes r\u00e9actions du c\u00f4t\u00e9 de l\u2019industrie du vapotage. La Coalition des droits des vapoteurs du Qu\u00e9bec (CDVQ) accuse le gouvernement de se fier uniquement \u00ab \u00e0 ses intuitions et \u00e0 ses dogmes \u00bb et non pas \u00e0 la science et d\u2019abandonner les anciens fumeurs ayant r\u00e9ussi \u00e0 arr\u00eater gr\u00e2ce au vapotage. Des positions partag\u00e9es par l\u2019Association canadienne du vapotage qui insiste sur l\u2019importance des ar\u00f4mes des produits du vapotage dans l\u2019arr\u00eat du tabac fum\u00e9. L\u2019Association menace d\u2019intenter une action en justice \u00e0 l\u2019encontre du gouvernement si le texte est adopt\u00e9.<\/p>\n<p style=\"text-align: justify;\">Pourtant, l\u2019affirmation selon laquelle l\u2019interdiction des ar\u00f4mes s\u2019accompagnerait d\u2019une reprise du tabagisme n\u2019est pas v\u00e9rifi\u00e9e.<\/p>\n<p style=\"text-align: justify;\">D\u2019autres provinces canadiennes, comme la Nouvelle-Ecosse, le Nouveau-Brunswick, l\u2019\u00cele-du-Prince-Edouard et les Territoires du Nord-Ouest ont d\u00e9j\u00e0 act\u00e9 l\u2019interdiction des ar\u00f4mes pour les cigarettes \u00e9lectroniques. Ces interdictions ont depuis \u00e9t\u00e9 confirm\u00e9es par les tribunaux, suite aux recours engag\u00e9s par les industriels \u00e0 l\u2019encontre de cette mesure<a href=\"#_ftn2\" name=\"_ftnref2\">[2]<\/a>.<\/p>\n<p style=\"text-align: justify;\">En France, en f\u00e9vrier dernier, le Comit\u00e9 national contre le tabagisme<a href=\"#_ftn3\" name=\"_ftnref3\">[3]<\/a> a appel\u00e9 les pouvoirs publics \u00e0 interdire les ar\u00f4mes (hors tabac) dans l\u2019ensemble des produits du vapotage dans un souci de protection de la jeunesse et d\u2019une g\u00e9n\u00e9ration sans tabac et a fait face \u00e0 de violentes r\u00e9actions de la part des fabricants de vapotage, inquiets de voir leur ventes diminuer fortement.<\/p>\n<p style=\"text-align: justify;\"><strong>Mots-cl\u00e9s : Qu\u00e9bec, Canada, ar\u00f4mes, interdiction, vapotage, cigarette \u00e9lectronique<\/strong><\/p>\n<p><strong><a href=\"https:\/\/www.generationsanstabac.org\/\">\u00a9G\u00e9n\u00e9ration Sans Tabac<\/a><\/strong><\/p>\n<p style=\"text-align: right;\"><em><strong>AE<\/strong><\/em><\/p>\n<hr \/>\n<p style=\"text-align: justify;\"><a href=\"#_ftnref1\" name=\"_ftn1\">[1]<\/a> G\u00e9n\u00e9ration sans tabac, <a href=\"https:\/\/www.generationsanstabac.org\/actualites\/quebec-consommation-importante-de-produits-du-vapotage-a-fort-taux-de-nicotine-chez-les-adolescents\/\">Qu\u00e9bec : consommation importante de produits du vapotage \u00e0 fort taux de nicotine chez les adolescents<\/a>, publi\u00e9 le 3 novembre 2022, consult\u00e9 le 6 mars 2023<\/p>\n<p style=\"text-align: justify;\"><a href=\"#_ftnref2\" name=\"_ftn2\">[2]<\/a> G\u00e9n\u00e9ration sans tabac,<a href=\"https:\/\/www.generationsanstabac.org\/actualites\/au-quebec-des-magasins-de-vapotage-se-dotent-de-confiseries-pour-attirer-les-mineurs\/\"> Au Qu\u00e9bec, des magasins de vapotage se dotent de confiseries pour attirer les mineurs<\/a>, publi\u00e9 le 24 f\u00e9vrier 2023, consult\u00e9 le 6 mars 2023<\/p>\n<p style=\"text-align: justify;\"><a href=\"#_ftnref3\" name=\"_ftn3\">[3]<\/a> Communiqu\u00e9 de presse, <a href=\"https:\/\/cnct.fr\/communiques\/le-cnct-alerte-developpement-anarchique-nouveaux-produits-demande-interdiction-des-aromes\/\">Le Comit\u00e9 national contre le tabagisme alerte sur le d\u00e9veloppement anarchique des nouveaux produits et demande l\u2019interdiction des ar\u00f4mes<\/a>, 13 f\u00e9vrier 2023<\/p>\n<p><span style=\"color: #999999;\"><strong><a style=\"color: #999999;\" href=\"http:\/\/www.cnct.fr\/\" target=\"_blank\" rel=\"noopener noreferrer\">Comit\u00e9 national contre le tabagisme |<\/a><\/strong><\/span><\/p>\n","protected":false},"excerpt":{"rendered":"<p>Le gouvernement du Qu\u00e9bec a annonc\u00e9 son intention d&rsquo;interdire les ar\u00f4mes dans les produits du vapotage \u00e0 l&rsquo;exception de l&rsquo;ar\u00f4me tabac<\/p>\n","protected":false},"featured_media":11429,"template":"","tags":[],"thematique":[502,516],"class_list":["post-20959","actualites","type-actualites","status-publish","has-post-thumbnail","hentry","thematique-justice","thematique-nouveaux-produits"],"acf":[],"_links":{"self":[{"href":"https:\/\/www.generationsanstabac.org\/fr\/wp-json\/wp\/v2\/actualites\/20959","targetHints":{"allow":["GET"]}}],"collection":[{"href":"https:\/\/www.generationsanstabac.org\/fr\/wp-json\/wp\/v2\/actualites"}],"about":[{"href":"https:\/\/www.generationsanstabac.org\/fr\/wp-json\/wp\/v2\/types\/actualites"}],"version-history":[{"count":0,"href":"https:\/\/www.generationsanstabac.org\/fr\/wp-json\/wp\/v2\/actualites\/20959\/revisions"}],"wp:featuredmedia":[{"embeddable":true,"href":"https:\/\/www.generationsanstabac.org\/fr\/wp-json\/wp\/v2\/media\/11429"}],"wp:attachment":[{"href":"https:\/\/www.generationsanstabac.org\/fr\/wp-json\/wp\/v2\/media?parent=20959"}],"wp:term":[{"taxonomy":"post_tag","embeddable":true,"href":"https:\/\/www.generationsanstabac.org\/fr\/wp-json\/wp\/v2\/tags?post=20959"},{"taxonomy":"thematique","embeddable":true,"href":"https:\/\/www.generationsanstabac.org\/fr\/wp-json\/wp\/v2\/thematique?post=20959"}],"curies":[{"name":"wp","href":"https:\/\/api.w.org\/{rel}","templated":true}]}}