{"id":20952,"date":"2023-02-28T12:55:06","date_gmt":"2023-02-28T11:55:06","guid":{"rendered":"https:\/\/www.generationsanstabac.org\/actualites\/lindustrie-du-tabac-au-coeur-de-la-pollution-environnementale\/"},"modified":"2023-02-28T12:55:06","modified_gmt":"2023-02-28T11:55:06","slug":"lindustrie-du-tabac-au-coeur-de-la-pollution-environnementale","status":"publish","type":"actualites","link":"https:\/\/www.generationsanstabac.org\/fr\/actualites\/lindustrie-du-tabac-au-coeur-de-la-pollution-environnementale\/","title":{"rendered":"L\u2019industrie du tabac au c\u0153ur de la pollution environnementale"},"content":{"rendered":"<p style=\"text-align: justify;\"><em>Dans un article paru dans les colonnes du New York Times, la Stop Tobacco Pollution Alliance rappelle les d\u00e9g\u00e2ts occasionn\u00e9s par l\u2019industrie du tabac sur l\u2019environnement, en particulier en mati\u00e8re de pollution plastique. L\u2019Alliance \u00e9voque la n\u00e9cessit\u00e9 d\u2019envisager l\u2019interdiction des filtres pour les produits du tabac, et l\u2019interdiction des ar\u00f4mes pour les nouveaux produits de la nicotine<a href=\"#_ftn1\" name=\"_ftnref1\"><strong>[1]<\/strong><\/a>. <\/em><\/p>\n<h2 style=\"text-align: justify;\"><strong>L\u2019industrie du tabac instrumentalise la responsabilit\u00e9 des entreprises dans une strat\u00e9gie d\u2019image <\/strong><\/h2>\n<p style=\"text-align: justify;\">L\u2019impact de l\u2019industrie du tabac sur l\u2019environnement est un fait \u00e9tabli. Depuis la culture, le s\u00e9chage, le transport jusqu\u2019\u00e0 la consommation, le tabac contribue significativement \u00e0 l\u2019\u00e9puisement et \u00e0 la pollution des sols et des cours d\u2019eaux, \u00e0 la surconsommation hydrique, \u00e0 la d\u00e9forestation, ou encore au changement climatique. Malgr\u00e9 cela, l\u2019industrie du tabac multiplie les efforts de responsabilit\u00e9 sociale des entreprises (RSE), visant simultan\u00e9ment \u00e0 renormaliser le tabagisme et son industrie. Pour ces raisons, la Convention-cadre de l\u2019OMS pour la lutte antitabac (CCLAT), qui postule l\u2019existence d\u2019un conflit fondamental et irr\u00e9conciliable entre les int\u00e9r\u00eats de l\u2019industrie du tabac et ceux de la sant\u00e9 publique, contraint les Parties \u00e0 appliquer une interdiction totale de la publicit\u00e9 en faveur du tabac, incluant les strat\u00e9gies de responsabilit\u00e9 sociale.<\/p>\n<h2 style=\"text-align: justify;\"><strong>Faire supporter le co\u00fbt environnemental par l&rsquo;industrie du tabac <\/strong><\/h2>\n<p style=\"text-align: justify;\">Un nombre grandissant de juridictions consid\u00e8re d\u00e9sormais que la gestion de l\u2019impact environnemental de l\u2019industrie du tabac ne peut \u00eatre r\u00e9alis\u00e9e par des politiques volontaires d\u2019autor\u00e9gulation de la part des fabricants, mais encadr\u00e9es selon le principe contraignant du \u00ab pollueur-payeur \u00bb. Comme le souligne la Stop Tobacco Pollution Alliance, cent millions de dollars sont chaque ann\u00e9es consacr\u00e9s par l\u2019industrie du tabac aux activit\u00e9s de RSE. Une telle somme, a priori impressionnante, reste toutefois \u00e0 mettre en perspective avec les neuf milliards de dollars investis chaque ann\u00e9e par les fabricants dans la publicit\u00e9.<\/p>\n<p style=\"text-align: justify;\">Par ailleurs, ces cent millions de dollars sont loin de recouvrir les d\u00e9g\u00e2ts environnementaux occasionn\u00e9s par l\u2019activit\u00e9 du secteur : selon un rapport <em>Tobacco&rsquo;s Toxic Plastics: A Global Outlook<\/em>, le co\u00fbt financier de la pollution environnementale de l\u2019industrie du tabac s\u2019\u00e9l\u00e8ve au moins \u00e0 2,1 milliards de dollars. En France, si les pouvoirs publics ont cherch\u00e9 \u00e0 int\u00e9grer cet imp\u00e9ratif du pollueur-payeur sur la question du tabac \u00e0 travers la mise en place d\u2019un \u00e9co-organisme, le manque d\u2019ind\u00e9pendance de ce dernier \u00e0 l\u2019\u00e9gard des fabricants de tabac a notamment \u00e9t\u00e9 <a href=\"https:\/\/www.generationsanstabac.org\/actualites\/alcome-le-nouvel-arrete-apporte-des-modifications-mineures-a-leco-organisme-decrie-par-la-sante-publique\/\">critiqu\u00e9 par la sant\u00e9 publique<\/a>.<\/p>\n<h2 style=\"text-align: justify;\"><strong>Le filtre, une invention de l\u2019industrie du tabac d\u00e9l\u00e9t\u00e8re pour la sant\u00e9 publique et l\u2019environnement<\/strong><\/h2>\n<p style=\"text-align: justify;\">Une partie de la pollution environnementale engendr\u00e9e par l\u2019industrie du tabac provient de la question des m\u00e9gots, dont la quantit\u00e9 et les niveaux de toxicit\u00e9 en font un d\u00e9chet particuli\u00e8rement polluant, invasif et non-recyclable. Or, ces m\u00e9gots sont principalement compos\u00e9s d\u2019un filtre, pourtant d\u00e9montr\u00e9s comme <a href=\"https:\/\/www.generationsanstabac.org\/article\/interdiction-filtres-cigarettes\/\">injustifi\u00e9s sur le plan sanitaire<\/a>. En effet, la pr\u00e9sence de filtres conduit le fumeur \u00e0 prendre des bouff\u00e9es plus profondes et prolong\u00e9es, et, en rendant la fum\u00e9e moins \u00e2cre, participe \u00e0 faciliter l\u2019initiation au tabagisme.<\/p>\n<p style=\"text-align: justify;\">Le filtre est par ailleurs une innovation port\u00e9e par l\u2019industrie du tabac, visant \u00e0 trois objectifs. D\u2019abord, rassurer le consommateur sur les risques de sa consommation de tabac, en lui faisant croire \u00e0 une r\u00e9duction des risques, et ainsi le dissuader d\u2019entamer un sevrage tabagique. Ensuite, \u00e9viter le contact direct entre le tabac et la bouche du consommateur, jug\u00e9 d\u00e9sagr\u00e9able par ce dernier. Enfin, r\u00e9duire les co\u00fbts pour les fabricants, en rempla\u00e7ant une partie du tabac de la cigarette par du plastique, moins cher \u00e0 la production. La g\u00e9n\u00e9ralisation du filtre s\u2019est traduit par une d\u00e9gradation de la situation sanitaire, avec l\u2019apparition d\u2019un risque accru d&rsquo;ad\u00e9nocarcinome, un type de cancer du poumon plus agressif.<\/p>\n<h2 style=\"text-align: justify;\"><strong>Les ar\u00f4mes facilitent l\u2019initiation des adolescents \u00e0 la nicotine <\/strong><\/h2>\n<p style=\"text-align: justify;\">Enfin, la Stop Tobacco Pollution Alliance souligne le danger que fait peser le succ\u00e8s de la cigarette \u00e9lectronique aupr\u00e8s des jeunes sur la sant\u00e9 publique. En particulier, la d\u00e9multiplication des ar\u00f4mes est point\u00e9e du doigt comme relevant d\u2019une strat\u00e9gie visant \u00e0 cibler les jeunes g\u00e9n\u00e9rations, et de faciliter leur initiation aux nouveaux produits de la nicotine le plus t\u00f4t possible.  Ainsi, alors que les fabricants affirment que les ar\u00f4mes sont des facteurs incitateurs au sevrage tabagiques, les donn\u00e9es actuellement disponibles tendent \u00e0 d\u00e9montrer qu\u2019ils sont davantage des portes d\u2019entr\u00e9e pour les adolescents et pr\u00e9-adolescents vers la consommation nicotinique.<\/p>\n<p style=\"text-align: justify;\">Aux Etats-Unis, 85% des coll\u00e9giens et lyc\u00e9ens consommateurs de cigarettes \u00e9lectroniques utilisent des ar\u00f4mes, majoritairement fruit\u00e9s et sucr\u00e9e. En France, 56% des adolescents de 13 \u00e0 16 ans ayant d\u00e9j\u00e0 consomm\u00e9 une cigarette \u00e9lectronique jetable (puff), les go\u00fbts, originaux et fruit\u00e9s, repr\u00e9sentent le premier argument les ayant pouss\u00e9s \u00e0 la consommation. C\u2019est pr\u00e9cis\u00e9ment en raison de leur r\u00f4le dans l\u2019initiation nicotinique des plus jeunes que le Comit\u00e9 national contre le tabagisme (CNCT) a appel\u00e9 les pouvoirs publics \u00e0 interdire les ar\u00f4mes, comme l\u2019ont d\u00e9j\u00e0 fait de plus en plus de pays europ\u00e9ens (Danemark, Finlande, Pays-Bas).<\/p>\n<p><strong>Mots-cl\u00e9s : Stop Tobacco Pollution Alliance, New York Times, Plastique<br \/>\n<\/strong><\/p>\n<p><strong><a href=\"https:\/\/www.generationsanstabac.org\/\">\u00a9G\u00e9n\u00e9ration Sans Tabac<\/a><\/strong><\/p>\n<p style=\"text-align: right;\"><strong>FT<\/strong><\/p>\n<hr \/>\n<p style=\"text-align: justify;\"><a href=\"#_ftnref1\" name=\"_ftn1\">[1]<\/a> The New York Times, <a href=\"https:\/\/www.nytimes.com\/paidpost\/ggtc\/uncovering-the-truths-behind-the-tobacco-industrys-deception.html\">Uncovering the Truths Behind the Tobacco Industry\u2019s Deception<\/a>, 21\/02\/2023, (consult\u00e9 le 22\/02\/2023)<\/p>\n<p><span style=\"color: #999999;\"><strong><a style=\"color: #999999;\" href=\"http:\/\/www.cnct.fr\/\" target=\"_blank\" rel=\"noopener noreferrer\">Comit\u00e9 national contre le tabagisme |<\/a><\/strong><\/span><\/p>\n","protected":false},"excerpt":{"rendered":"<p>Dans un article paru dans le New York Times, la Stop Tobacco Pollution Alliance rappelle les d\u00e9g\u00e2ts environnementaux de l\u2019industrie du tabac<\/p>\n","protected":false},"featured_media":11417,"template":"","tags":[],"thematique":[480],"class_list":["post-20952","actualites","type-actualites","status-publish","has-post-thumbnail","hentry","thematique-environnement"],"acf":[],"_links":{"self":[{"href":"https:\/\/www.generationsanstabac.org\/fr\/wp-json\/wp\/v2\/actualites\/20952","targetHints":{"allow":["GET"]}}],"collection":[{"href":"https:\/\/www.generationsanstabac.org\/fr\/wp-json\/wp\/v2\/actualites"}],"about":[{"href":"https:\/\/www.generationsanstabac.org\/fr\/wp-json\/wp\/v2\/types\/actualites"}],"version-history":[{"count":0,"href":"https:\/\/www.generationsanstabac.org\/fr\/wp-json\/wp\/v2\/actualites\/20952\/revisions"}],"wp:featuredmedia":[{"embeddable":true,"href":"https:\/\/www.generationsanstabac.org\/fr\/wp-json\/wp\/v2\/media\/11417"}],"wp:attachment":[{"href":"https:\/\/www.generationsanstabac.org\/fr\/wp-json\/wp\/v2\/media?parent=20952"}],"wp:term":[{"taxonomy":"post_tag","embeddable":true,"href":"https:\/\/www.generationsanstabac.org\/fr\/wp-json\/wp\/v2\/tags?post=20952"},{"taxonomy":"thematique","embeddable":true,"href":"https:\/\/www.generationsanstabac.org\/fr\/wp-json\/wp\/v2\/thematique?post=20952"}],"curies":[{"name":"wp","href":"https:\/\/api.w.org\/{rel}","templated":true}]}}