{"id":20946,"date":"2023-02-24T09:59:02","date_gmt":"2023-02-24T08:59:02","guid":{"rendered":"https:\/\/www.generationsanstabac.org\/actualites\/au-quebec-des-magasins-de-vapotage-se-dotent-de-confiseries-pour-attirer-les-mineurs\/"},"modified":"2023-02-24T09:59:02","modified_gmt":"2023-02-24T08:59:02","slug":"au-quebec-des-magasins-de-vapotage-se-dotent-de-confiseries-pour-attirer-les-mineurs","status":"publish","type":"actualites","link":"https:\/\/www.generationsanstabac.org\/fr\/actualites\/au-quebec-des-magasins-de-vapotage-se-dotent-de-confiseries-pour-attirer-les-mineurs\/","title":{"rendered":"Au Qu\u00e9bec, des magasins de vapotage se dotent de confiseries pour attirer les mineurs"},"content":{"rendered":"<p style=\"text-align: justify;\"><em>Au moins deux cha\u00eenes de magasins de cigarettes \u00e9lectroniques ont modifi\u00e9 leur objet commercial en ajoutant un rayon confiserie, afin d\u2019\u00eatre autoris\u00e9es \u00e0 accueillir des mineurs. La Coalition qu\u00e9b\u00e9coise pour le contr\u00f4le du tabac a formul\u00e9 une plainte aupr\u00e8s du minist\u00e8re de la Sant\u00e9 et plaide pour une interdiction des ar\u00f4mes dans les produits de la nicotine.<\/em><\/p>\n<p style=\"text-align: justify;\">L\u2019acc\u00e8s des mineurs aux magasins sp\u00e9cialis\u00e9s dans la vente de cigarettes \u00e9lectroniques est interdit au Qu\u00e9bec. Pour contourner cette r\u00e9glementation, au moins deux cha\u00eenes de ce type de magasins ont ajout\u00e9 \u00e0 leur offre des rayons de confiseries leur permettant d\u2019\u00eatre consid\u00e9r\u00e9s comme des \u00e9piceries ordinaires, et par l\u00e0 m\u00eame d\u2019accueillir des mineurs.<\/p>\n<p style=\"text-align: justify;\">Apr\u00e8s avoir observ\u00e9 ce ph\u00e9nom\u00e8ne durant plusieurs mois, la Coalition qu\u00e9b\u00e9coise pour le contr\u00f4le du tabac (CQCT) a adress\u00e9 au ministre de la Sant\u00e9 et des Services sociaux une plainte document\u00e9e sur la situation<a href=\"#_ftn1\" name=\"_ftnref1\">[1]<\/a>. Pour y rem\u00e9dier, la Coalition demande \u00e0 mettre en \u0153uvre une interdiction des ar\u00f4mes pour tous les produits de la nicotine, qu\u2019elle a d\u00e9j\u00e0 plusieurs fois appel\u00e9e de ses v\u0153ux.<\/p>\n<h2 style=\"text-align: justify;\"><strong>Une transformation qui suit une d\u00e9cision de justice d\u00e9favorable <\/strong><\/h2>\n<p style=\"text-align: justify;\">Le constat dress\u00e9 par la Coalition met en cause les cha\u00eenes de magasins Vapetown et Eurovap, qui furent durant plusieurs ann\u00e9es sp\u00e9cialis\u00e9es dans les cigarettes \u00e9lectroniques et les produits de vapotage. Depuis le d\u00e9but de 2022, ces deux enseignes ont int\u00e9gr\u00e9 dans leurs rayons des confiseries et des friandises tr\u00e8s vari\u00e9es, valorisant notamment les saveurs exotiques. Le site Internet d\u2019<a href=\"https:\/\/www.eurovap.ca\">Eurovap<\/a>, qui ne pr\u00e9sentait que des produits du vapotage en 2021, n\u2019affiche \u00e0 pr\u00e9sent que des produits sucr\u00e9s et de grignotage, tout en mentionnant que ses franchises vendent aussi bien des produits de vapotage que des produits de grignotage exotiques. De son c\u00f4t\u00e9, Vapetown a d\u00e9velopp\u00e9 l\u2019enseigne Munchiz, un sp\u00e9cialiste des sucreries qui vend \u00e9galement des produits de vapotage. Deux autres magasins sp\u00e9cialis\u00e9s ind\u00e9pendants ont par ailleurs \u00e9t\u00e9 mis en cause dans le m\u00eame constat.<\/p>\n<p style=\"text-align: justify;\">Ce subterfuge semble tr\u00e8s clairement destin\u00e9 \u00e0 attirer les mineurs, \u00e0 qui la fr\u00e9quentation des magasins de vapotage est interdite. Les magasins de vapotage \u00e9chapperaient \u00e0 cette interdiction en se pr\u00e9sentant comme de simples magasins de vente au d\u00e9tail, mais n\u2019auraient dans ce cas pas le droit d\u2019exposer leurs produits de vapotage. De nombreuses infractions \u00e0 la visibilit\u00e9 des produits de vapotage ont cependant \u00e9t\u00e9 constat\u00e9es. <em>\u00ab Il y aurait plus de be\u0301ne\u0301fices pe\u0301cuniers a\u0300 exposer des jeunes a\u0300 l\u2019offre de produits de vapotage et au marketing de saveurs qui les entourent, qu\u2019a\u0300 se contenter de servir une cliente\u0300le de vapoteurs adultes \u00bb<\/em> pr\u00e9cise Flory Doucas, porte-parole de la Coalition qu\u00e9b\u00e9coise, qui voit surtout un calcul commercial dans cette transformation des magasins<a href=\"#_ftn2\" name=\"_ftnref2\"><em><strong>[2]<\/strong><\/em><\/a>. Elle souligne \u00e9galement que cette mutation a \u00e9t\u00e9 observ\u00e9e dans le prolongement d\u2019une d\u00e9cision de justice en d\u00e9faveur de l\u2019industrie du vapotage, en novembre 2021, au sujet de la loi encadrant les magasins de vapotage.<\/p>\n<h2 style=\"text-align: justify;\"><strong>Des ar\u00f4mes d\u00e9j\u00e0 interdits ou restreints dans le reste du Canada<\/strong><\/h2>\n<p style=\"text-align: justify;\"><em>\u00ab Ce qu\u2019il faut prioriser, comme c\u0327ela a e\u0301te\u0301 fait pour le tabac, c\u2019est la re\u0301duction de l\u2019attrait de ces produits de manie\u0300re a\u0300 contrer le de\u0301sir des jeunes de les consommer \u00bb<\/em>, poursuit Flory Ducas, en expliquant pourquoi l\u2019enjeu des ar\u00f4mes est <a href=\"https:\/\/www.generationsanstabac.org\/actualites\/associations-canadiennes-appellent-interdiction-aromes-e-cigarettes\/\">si d\u00e9terminant<\/a>. Une \u00e9tude scandinave pointe ainsi que les ar\u00f4mes sucr\u00e9s ont la pr\u00e9f\u00e9rence des nouveaux utilisateurs, et que les ar\u00f4mes fruit\u00e9s sugg\u00e8rent une moindre nocivit\u00e9 que les ar\u00f4mes aux saveurs de tabac<a href=\"#_ftn3\" name=\"_ftnref3\">[3]<\/a>. Bien que le gouvernement se soit prononc\u00e9 d\u00e8s novembre 2019 en faveur d\u2019un meilleur encadrement des ar\u00f4mes<a href=\"#_ftn4\" name=\"_ftnref4\">[4]<\/a>, peu de choses ont avanc\u00e9 depuis au Qu\u00e9bec.<\/p>\n<p style=\"text-align: justify;\">D\u2019autres provinces canadiennes, comme la Nouvelle-Ecosse, le Nouveau-Brunswick, l\u2019\u00cele-du-Prince-Edouard et les Territoires du Nord-Ouest, ont pourtant d\u00e9j\u00e0 act\u00e9 l\u2019interdiction des ar\u00f4mes pour les cigarettes \u00e9lectroniques, ainsi qu\u2019elles l\u2019avaient fait pour les produits du tabac<a href=\"#_ftn5\" name=\"_ftnref5\">[5]<\/a>. Ces interdictions ont depuis \u00e9t\u00e9 <a href=\"https:\/\/www.generationsanstabac.org\/actualites\/canada-la-demande-de-suspension-de-linterdiction-de-vente-des-cigarettes-electroniques-aromatisees-deboutee\/\">confirm\u00e9es par les tribunaux<\/a>, suite aux actions de justice intent\u00e9es par les industriels. L\u2019all\u00e9gation de ces derniers selon laquelle l\u2019interdiction des ar\u00f4mes s\u2019accompagnerait d\u2019une reprise du tabagisme ne s\u2019est pas v\u00e9rifi\u00e9e. En Ontario, en Colombie-Britannique et dans le Saskatchewan, la vente des produits du vapotage est strictement circonscrite aux magasins sp\u00e9cialis\u00e9s.<\/p>\n<h2 style=\"text-align: justify;\"><strong>Vers une meilleure r\u00e9gulation des produits de vapotage<\/strong><\/h2>\n<p style=\"text-align: justify;\">Au-del\u00e0 de l\u2019interdiction des ar\u00f4mes, la Coalition qu\u00e9b\u00e9coise pr\u00e9conise plusieurs autres mesures, telles que la limitation du taux de nicotine a\u0300 20 mg\/ml, la fixation d\u2019un volume maximum pour les flacons et les cartouches de liquides, l\u2019adoption de paquet neutres pour les emballages du mat\u00e9riel et des e-liquides, l\u2019apposition d\u2019avertissements sanitaires, l\u2019interdiction des dispositifs \u00ab intelligents \u00bb qui transmettent des donn\u00e9es au fabricant, l\u2019instauration d\u2019un permis tarife\u0301 de vente, de distribution et d\u2019importation, et une restriction des noms donn\u00e9s aux magasins spe\u0301cialise\u0301s afin d\u2019en limiter l\u2019attrait. Au Qu\u00e9bec comme ailleurs, la r\u00e9gulation des magasins et des produits de vapotage reste donc encore en chantier. La Coalition rappelle qu\u2019au Canada, aucun fabricant de produits de vapotage n\u2019a cherche\u0301 a\u0300 faire homologuer ses produits en tant qu\u2019aide th\u00e9rapeutique \u00e0 l\u2019arr\u00eat du tabac aupre\u0300s de Sante\u0301 Canada.<\/p>\n<p style=\"text-align: justify;\"><strong>Mots-cl\u00e9s : Qu\u00e9bec, Canada, CQCT, confiserie, ar\u00f4mes, vapotage, mineurs<\/strong><\/p>\n<p><strong><a href=\"https:\/\/www.generationsanstabac.org\/\">\u00a9G\u00e9n\u00e9ration Sans Tabac<\/a><\/strong><\/p>\n<p style=\"text-align: right;\"><em><strong>MF<\/strong><\/em><\/p>\n<hr \/>\n<p style=\"text-align: justify;\"><a href=\"#_ftnref1\" name=\"_ftn1\">[1]<\/a> CQCT, <a href=\"https:\/\/cqct.qc.ca\/Documents_docs\/DOCU_2023\/MAIL_23_02_20_PlainteMSSS_PointsDeVente_ProduitsDeVapotage.pdf\"><em>E\u0301volution du marche\u0301 de\u0301montrant la ne\u0301cessite\u0301 d\u2019interdire les saveurs<\/em><\/a>, plainte aupr\u00e8s du Ministre de la Sant\u00e9 et des Services Sociaux, 20 f\u00e9vrier 2023.<\/p>\n<p style=\"text-align: justify;\"><a href=\"#_ftnref2\" name=\"_ftn2\">[2]<\/a> Drapeau-Bordage A, <a href=\"https:\/\/journalmetro.com\/actualites\/montreal\/3012340\/des-boutiques-de-vapotage-se-deguisent-en-confiserie\/\"><em>Des boutiques de vapotage se d\u00e9guisent en confiseries<\/em><\/a>, M\u00e9tro, publi\u00e9 le 21 f\u00e9vrier 2023, consult\u00e9 le 22 f\u00e9vrier 2023.<\/p>\n<p style=\"text-align: justify;\"><a href=\"#_ftnref3\" name=\"_ftn3\">[3]<\/a> Nordic Welfare Center, <a href=\"https:\/\/nordicwelfare.org\/wp-content\/uploads\/2019\/01\/The-significance-of-flavour-additives-in-the-use-of-moist-snuff-and-e-cigarettes.pdf\"><em>The significance of flavour additives in the use of moist snuff and e-cigarettes<\/em><\/a>, Janvier 2019, 28 p.<\/p>\n<p style=\"text-align: justify;\"><a href=\"#_ftnref4\" name=\"_ftn4\">[4]<\/a> Minist\u00e8re de la Sant\u00e9 et des Services sociaux, <a href=\"https:\/\/www.msss.gouv.qc.ca\/ministere\/salle-de-presse\/communique-1975\/\"><em>Lutte contre le tabagisme et pratique du vapotage &#8211; La ministre Danielle McCann mandate le directeur national de sant\u00e9 publique pour qu&rsquo;il lui propose de nouvelles mesures d&rsquo;ici avril<\/em><\/a>, publi\u00e9 le 25 novembre 2019, consult\u00e9 le 22 f\u00e9vrier 2023.<\/p>\n<p style=\"text-align: justify;\"><a href=\"#_ftnref5\" name=\"_ftn5\">[5]<\/a> Rowe D, <a href=\"https:\/\/montreal.ctvnews.ca\/vape-stores-selling-candy-to-entice-teens-quebec-anti-tobacco-coalition-1.6282236\"><em>Vape stores selling candy to entice teens: Quebec anti-tobacco coalition<\/em><\/a>, CTV News Montr\u00e9al, publi\u00e9 le 21 f\u00e9vrier 2023, consult\u00e9 le 22 f\u00e9vrier 2023.<\/p>\n<p><span style=\"color: #999999;\"><strong><a style=\"color: #999999;\" href=\"http:\/\/www.cnct.fr\/\" target=\"_blank\" rel=\"noopener noreferrer\">Comit\u00e9 national contre le tabagisme |<\/a><\/strong><\/span><\/p>\n","protected":false},"excerpt":{"rendered":"<p>Des magasins de vapotages ont modifi\u00e9 leur objet commercial en ajoutant un rayon confiserie, afin d\u2019\u00eatre autoris\u00e9s \u00e0 accueillir des mineurs.<\/p>\n","protected":false},"featured_media":11405,"template":"","tags":[],"thematique":[502,516],"class_list":["post-20946","actualites","type-actualites","status-publish","has-post-thumbnail","hentry","thematique-justice","thematique-nouveaux-produits"],"acf":[],"_links":{"self":[{"href":"https:\/\/www.generationsanstabac.org\/fr\/wp-json\/wp\/v2\/actualites\/20946","targetHints":{"allow":["GET"]}}],"collection":[{"href":"https:\/\/www.generationsanstabac.org\/fr\/wp-json\/wp\/v2\/actualites"}],"about":[{"href":"https:\/\/www.generationsanstabac.org\/fr\/wp-json\/wp\/v2\/types\/actualites"}],"version-history":[{"count":0,"href":"https:\/\/www.generationsanstabac.org\/fr\/wp-json\/wp\/v2\/actualites\/20946\/revisions"}],"wp:featuredmedia":[{"embeddable":true,"href":"https:\/\/www.generationsanstabac.org\/fr\/wp-json\/wp\/v2\/media\/11405"}],"wp:attachment":[{"href":"https:\/\/www.generationsanstabac.org\/fr\/wp-json\/wp\/v2\/media?parent=20946"}],"wp:term":[{"taxonomy":"post_tag","embeddable":true,"href":"https:\/\/www.generationsanstabac.org\/fr\/wp-json\/wp\/v2\/tags?post=20946"},{"taxonomy":"thematique","embeddable":true,"href":"https:\/\/www.generationsanstabac.org\/fr\/wp-json\/wp\/v2\/thematique?post=20946"}],"curies":[{"name":"wp","href":"https:\/\/api.w.org\/{rel}","templated":true}]}}