{"id":20943,"date":"2023-02-16T14:19:51","date_gmt":"2023-02-16T13:19:51","guid":{"rendered":"https:\/\/www.generationsanstabac.org\/actualites\/une-association-afro-americaine-met-en-garde-contre-les-financements-de-lindustrie-du-tabac\/"},"modified":"2023-02-16T14:19:51","modified_gmt":"2023-02-16T13:19:51","slug":"une-association-afro-americaine-met-en-garde-contre-les-financements-de-lindustrie-du-tabac","status":"publish","type":"actualites","link":"https:\/\/www.generationsanstabac.org\/fr\/actualites\/une-association-afro-americaine-met-en-garde-contre-les-financements-de-lindustrie-du-tabac\/","title":{"rendered":"Une association afro-am\u00e9ricaine met en garde contre les financements de l\u2019industrie du tabac"},"content":{"rendered":"<p style=\"text-align: justify;\"><em>A l\u2019occasion du Black Month History aux Etats-Unis, un dirigeant de l\u2019African American Tobacco Control Leadership Council interpelle le National Museum of African American History and Culture au sujet des fonds que le mus\u00e9e a per\u00e7us de la part d\u2019Altria, le fabricant \u00e9tatsunien de Marlboro. <\/em><\/p>\n<p style=\"text-align: justify;\">Une organisation afro-am\u00e9ricaine peut-elle percevoir des financements de l\u2019industrie du tabac lorsqu\u2019on conna\u00eet l\u2019histoire de cette derni\u00e8re ? Telle est la question que Philip Gardiner, l\u2019un des dirigeants de l\u2019African American Tobacco Control Leadership Council (AATCLC), a pos\u00e9 en substance au National Museum of African American History and Culture (NMAAHC) \u2013 une institution situ\u00e9e \u00e0 Washington DC cens\u00e9e honorer la m\u00e9moire des personnes afro-am\u00e9ricaines<a href=\"#_ftn1\" name=\"_ftnref1\">[1]<\/a>.<\/p>\n<p style=\"text-align: justify;\">Comme le souligne Philip Gardiner, cette question r\u00e9sonne d\u2019autant plus fortement en ce Black Month History \u2013 mois d\u00e9di\u00e9 depuis 1976 \u00e0 l\u2019histoire de la communaut\u00e9 afro-am\u00e9ricaine dans l\u2019\u00e9dification des Etats-Unis. Dans son courrier au NMAAHC, Gardiner rappelle que la culture du tabac, tr\u00e8s exigeante en main d\u2019\u0153uvre, a \u00e9t\u00e9 l\u2019un des principaux motifs de la traite des esclaves entre l\u2019Afrique et les Am\u00e9riques. Dans certains pays d\u2019Afrique, le tabac a m\u00eame servi de monnaie d\u2019\u00e9change pour obtenir de nouveaux esclaves<a href=\"#_ftn2\" name=\"_ftnref2\">[2]<\/a>. Depuis quelques dizaines d\u2019ann\u00e9es, c\u2019est en leur vendant des cigarettes au menthol que les industriels du tabac s\u2019en prennent aux Afro-Am\u00e9ricains.<\/p>\n<h2 style=\"text-align: justify;\"><strong>Un marketing des cigarettes au menthol ciblant les Afro-Am\u00e9ricains<\/strong><\/h2>\n<p style=\"text-align: justify;\">Depuis la fin des ann\u00e9es 1950, le marketing des cigarettes menthol\u00e9es a en effet \u00e9t\u00e9 fortement orient\u00e9 sur les personnes afro-am\u00e9ricaines, avec une redoutable efficacit\u00e9. Si 5% des Afro-Am\u00e9ricains fumaient des cigarettes menthol\u00e9es en 1953, cette proportion est aujourd\u2019hui de 85 % chez les adultes afro-am\u00e9ricains et 94 % chez les jeunes Afro-Am\u00e9ricains. Or, le menthol r\u00e9duit l\u2019\u00e2pret\u00e9 du tabac, permet une inhalation plus profonde et facilite l\u2019absorption de la nicotine, ce qui non seulement renforce l\u2019installation de la d\u00e9pendance tabagique, mais favorise aussi l\u2019apparition de multiples pathologies li\u00e9es au tabagisme.<\/p>\n<p style=\"text-align: justify;\">Cette consommation de cigarettes menthol\u00e9es expliquerait notamment pourquoi, en parall\u00e8le de <a href=\"https:\/\/www.generationsanstabac.org\/actualites\/new-york-le-tabagisme-entretient-de-profondes-inegalites-selon-les-communautes\/\">facteurs socio-d\u00e9mographiques<\/a> d\u00e9favorables, les Afro-Am\u00e9ricains pr\u00e9sentent des taux nettement plus importants de maladies cardiovasculaires, de cancers notamment du poumon et d\u2019autres affections du tabac.<\/p>\n<p style=\"text-align: justify;\">Le tribut que la communaut\u00e9 afro-am\u00e9ricaine paye au tabagisme est immense, 45 000 Afro-Am\u00e9ricains y succombant chaque ann\u00e9e. Selon Philip Gardiner, la responsabilit\u00e9 de l\u2019industrie du tabac dans cette h\u00e9catombe est d\u2019autant plus grande que les industriels multiplient depuis 2008 tous les recours possibles afin de d\u2019emp\u00eacher ou de retarder <a href=\"https:\/\/www.generationsanstabac.org\/actualites\/californie-interdiction-aromes-reportee-recours-industrie-tabac\/\">l\u2019interdiction des ar\u00f4mes menthol<\/a> dans les produits du tabac et de la nicotine, entretenant ainsi le tabagisme chez les Afro-Am\u00e9ricains et d\u2019autres minorit\u00e9s.<\/p>\n<h2 style=\"text-align: justify;\"><strong>Un appel \u00e0 rendre l\u2019argent per\u00e7u de l\u2019industrie du tabac<\/strong><\/h2>\n<p style=\"text-align: justify;\">Aux organisations afro-am\u00e9ricaines qui ont d\u00e9j\u00e0 touch\u00e9 des financements de la part de l\u2019industrie du tabac, Philip Gardiner conseille tout simplement de les restituer, afin de ne pas perp\u00e9tuer les pertes humaines inflig\u00e9es \u00e0 la communaut\u00e9 afro-am\u00e9ricaine. Une suggestion qu\u2019il adresse non seulement au NMAAHC, mais \u00e0 toutes les autres organisations afro-am\u00e9ricaines qui acceptent des fonds de l\u2019industrie du tabac et lui permettent ainsi de retrouver une respectabilit\u00e9 \u00e0 travers ses op\u00e9rations de responsabilit\u00e9 sociale des entreprises (RSE).<\/p>\n<p style=\"text-align: justify;\">Philip Gardiner r\u00e9clame par ailleurs l\u2019interdiction des ar\u00f4mes menthol dans tous les produits du tabac et l\u2019arr\u00eat de la production des cigarettes menthol\u00e9es, en souhaitant que la recherche de profits ne l\u2019emporte pas sur la pr\u00e9servation de vies afro-am\u00e9ricaines. Il appelle enfin \u00e0 l\u2019interdiction aux Etats-Unis des activit\u00e9s de parrainage et de m\u00e9c\u00e9nat de l\u2019industrie du tabac, sur le mod\u00e8le de ce qui est d\u00e9j\u00e0 pratiqu\u00e9 dans de nombreux autres pays et prescrit par la Convention-cadre pour la lutte antitabac (CCLAT) de l\u2019OMS.<\/p>\n<p style=\"text-align: justify;\"><em>Pour en savoir plus sur la question du menthol, consultez notre <\/em><a href=\"https:\/\/www.generationsanstabac.org\/article\/strategie-cigarettiers-menthol-interdiction-mai-2020\/\"><em>d\u00e9cryptage.<\/em><\/a><\/p>\n<p style=\"text-align: justify;\"><strong>Mots-cl\u00e9s : Afro-Am\u00e9ricains, AATCLC, NMAAHC, menthMF<\/strong><\/p>\n<p><strong><a href=\"https:\/\/www.generationsanstabac.org\/\">\u00a9G\u00e9n\u00e9ration Sans Tabac<\/a><\/strong><\/p>\n<p style=\"text-align: right;\"><em><strong>MF<\/strong><\/em><\/p>\n<hr \/>\n<p style=\"text-align: justify;\"><a href=\"#_ftnref1\" name=\"_ftn1\">[1]<\/a> Gardiner P, <a href=\"https:\/\/www.washingtonpost.com\/opinions\/2023\/02\/13\/big-tobacco-impact-health-black-americans\/\"><em>Black history has taught us that Big Tobacco is not an ally<\/em><\/a>, The Washington Post, publi\u00e9 le 13 f\u00e9vrier 2023, consult\u00e9 le 15 f\u00e9vrier 2023.<\/p>\n<p style=\"text-align: justify;\"><a href=\"#_ftnref2\" name=\"_ftn2\">[2]<\/a> Proctor R, <em>Golden Holocaust, La conspiration des industriels du tabac<\/em>, Paris, Ed. Equateurs, 2014.<\/p>\n<p><span style=\"color: #999999;\"><strong><a style=\"color: #999999;\" href=\"http:\/\/www.cnct.fr\/\" target=\"_blank\" rel=\"noopener noreferrer\">Comit\u00e9 national contre le tabagisme |<\/a><\/strong><\/span><\/p>\n","protected":false},"excerpt":{"rendered":"<p>Une organisation afro-am\u00e9ricaine peut-elle percevoir des financements de l\u2019industrie du tabac lorsqu\u2019on conna\u00eet l\u2019histoire de celle-ci?<\/p>\n","protected":false},"featured_media":11400,"template":"","tags":[],"thematique":[499],"class_list":["post-20943","actualites","type-actualites","status-publish","has-post-thumbnail","hentry","thematique-lobby"],"acf":[],"_links":{"self":[{"href":"https:\/\/www.generationsanstabac.org\/fr\/wp-json\/wp\/v2\/actualites\/20943","targetHints":{"allow":["GET"]}}],"collection":[{"href":"https:\/\/www.generationsanstabac.org\/fr\/wp-json\/wp\/v2\/actualites"}],"about":[{"href":"https:\/\/www.generationsanstabac.org\/fr\/wp-json\/wp\/v2\/types\/actualites"}],"version-history":[{"count":0,"href":"https:\/\/www.generationsanstabac.org\/fr\/wp-json\/wp\/v2\/actualites\/20943\/revisions"}],"wp:featuredmedia":[{"embeddable":true,"href":"https:\/\/www.generationsanstabac.org\/fr\/wp-json\/wp\/v2\/media\/11400"}],"wp:attachment":[{"href":"https:\/\/www.generationsanstabac.org\/fr\/wp-json\/wp\/v2\/media?parent=20943"}],"wp:term":[{"taxonomy":"post_tag","embeddable":true,"href":"https:\/\/www.generationsanstabac.org\/fr\/wp-json\/wp\/v2\/tags?post=20943"},{"taxonomy":"thematique","embeddable":true,"href":"https:\/\/www.generationsanstabac.org\/fr\/wp-json\/wp\/v2\/thematique?post=20943"}],"curies":[{"name":"wp","href":"https:\/\/api.w.org\/{rel}","templated":true}]}}