{"id":20941,"date":"2023-02-18T09:00:20","date_gmt":"2023-02-18T08:00:20","guid":{"rendered":"https:\/\/www.generationsanstabac.org\/actualites\/suisse-consommation-importante-de-puffs-chez-les-jeunes-des-cantons-renforcent-leur-reglementation\/"},"modified":"2023-02-18T09:00:20","modified_gmt":"2023-02-18T08:00:20","slug":"suisse-consommation-importante-de-puffs-chez-les-jeunes-des-cantons-renforcent-leur-reglementation","status":"publish","type":"actualites","link":"https:\/\/www.generationsanstabac.org\/fr\/actualites\/suisse-consommation-importante-de-puffs-chez-les-jeunes-des-cantons-renforcent-leur-reglementation\/","title":{"rendered":"Suisse : consommation importante de puffs chez les jeunes, des cantons renforcent leur r\u00e9glementation"},"content":{"rendered":"<p style=\"text-align: justify;\"><em>Selon une <\/em><a href=\"https:\/\/serval.unil.ch\/resource\/serval:BIB_EF791F3BB6B3.P003\/REF\"><em>\u00e9tude<\/em><\/a><em> conjointe d\u2019Unisant\u00e9 et Promotion sant\u00e9 Valais publi\u00e9e d\u00e9but f\u00e9vrier<a href=\"#_ftn1\" name=\"_ftnref1\"><strong>[1]<\/strong><\/a>, en Suisse romande, un jeune de 14 \u00e0 25 ans sur huit consomme fr\u00e9quemment des cigarettes \u00e9lectroniques jetables de type puff. L\u2019enqu\u00eate a interrog\u00e9 1 362 jeunes en ao\u00fbt 2022. Certains cantons s\u2019inqui\u00e8tent de cette consommation et renforcent leur r\u00e9glementation sur les produits du vapotage dans un souci de pr\u00e9servation de la jeunesse. <\/em><\/p>\n<p style=\"text-align: justify;\">La Suisse accuse un retard important dans la lutte contre le tabagisme et demeure \u00e0 ce jour l\u2019un des derniers pays \u00e0 ne pas avoir ratifi\u00e9 la Convention-cadre de l\u2019OMS pour la lutte antitabac. La pr\u00e9valence tabagique y est \u00e9lev\u00e9e puisque plus d\u2019un quart de la population de 15 ans et plus consomme du tabac occasionnellement ou quotidiennement.<\/p>\n<h2 style=\"text-align: justify;\"><strong>Une consommation importante de puffs chez les adolescents suisses<\/strong><\/h2>\n<p style=\"text-align: justify;\">L\u2019enqu\u00eate montre que pr\u00e8s de 6 r\u00e9pondants sur 10 (59%) ont d\u00e9clar\u00e9 avoir d\u00e9j\u00e0 consomm\u00e9 des puffs au moins une fois. L\u2019\u00e9tude montre aussi que 91% de ces jeunes disent conna\u00eetre les puffs et que 12% en consomment fr\u00e9quemment, l\u2019intensit\u00e9 de la fr\u00e9quence correspondant \u00e0 plus de dix jours de consommation durant le dernier mois \u00e9coul\u00e9. Parmi les utilisateurs r\u00e9guliers de puffs, 59% rapportent \u00e9galement avoir consomm\u00e9 des cigarettes conventionnelles au cours des 30 derniers jours.<\/p>\n<p style=\"text-align: justify;\">Cette forte consommation est port\u00e9e par les ar\u00f4mes puisque 63% des jeunes interrog\u00e9s ont d\u00e9clar\u00e9 en consommer en raison de la diversit\u00e9 des saveurs propos\u00e9es. Par ailleurs, un jeune sur cinq a d\u00e9clar\u00e9 consommer des puffs dont le taux de nicotine d\u00e9passe le maximum l\u00e9gal correspondant \u00e0 20 mg\/ml. Cette situation renforce le risque d\u2019une d\u00e9pendance rapide et durable.<\/p>\n<h2 style=\"text-align: justify;\"><strong>Appel \u00e0 renforcer les r\u00e9glementations autour des produits du vapotage<\/strong><\/h2>\n<p style=\"text-align: justify;\">Suite \u00e0 ces constats, les auteurs de l\u2019\u00e9tude \u00e9mettent une s\u00e9rie de recommandations, parmi lesquelles :<\/p>\n<p style=\"text-align: justify;\">&#8211; L\u2019interdiction de toute publicit\u00e9, promotion et parrainage pour les produits du tabac et\/ou de la nicotine comme les cigarettes \u00e9lectroniques notamment sur internet, dans les journaux et dans les lieux pouvant \u00eatre fr\u00e9quent\u00e9s par des jeunes. A titre d\u2019illustrations sont \u00e9voqu\u00e9s les points de vente mais aussi les festivals. Cette demande s\u2019inscrit dans le prolongement de l\u2019initiative populaire \u00ab enfants sans tabac \u00bb adopt\u00e9e par la population et les cantons en f\u00e9vrier 2022. L\u2019association AT Suisse appelle le Parlement \u00e0 agir en ce sens<a href=\"#_ftn2\" name=\"_ftnref2\">[2]<\/a>. L\u2019\u00e9tude montre en effet qu\u2019un jeune sur deux a d\u00e9j\u00e0 \u00e9t\u00e9 expos\u00e9 \u00e0 de la publicit\u00e9 pour les puffs, majoritairement sur les r\u00e9seaux sociaux et que les 14 \u2013 17 ans y sont encore davantage expos\u00e9s que les 18 \u2013 25 ans.<\/p>\n<p style=\"text-align: justify;\">Les autres recommandations concernent :<\/p>\n<p style=\"text-align: justify;\">&#8211; L\u2019interdiction des ar\u00f4mes et des additifs dans les cigarettes \u00e9lectroniques, lesquels facilitent l\u2019initiation des jeunes \u00e0 ces produits ;<\/p>\n<p style=\"text-align: justify;\">&#8211; L\u2019interdiction, au niveau cantonal, de la vente des produits du vapotage au moins de 18 ans.<\/p>\n<p style=\"text-align: justify;\">&#8211; Un meilleur contr\u00f4le des mesures concernant ces produits, et en particulier un contr\u00f4le de leur composition, des taux de nicotine, du respect des avertissements sanitaires et des dispositifs de collecte les concernant.<\/p>\n<h2 style=\"text-align: justify;\"><strong>Des cantons suisses renforcent d\u00e9j\u00e0 leur l\u00e9gislation autour des produits du vapotage <\/strong><\/h2>\n<p style=\"text-align: justify;\">Le Tessin, canton italophone situ\u00e9 dans le sud de la Suisse, a approuv\u00e9 \u00e0 l\u2019unanimit\u00e9 ce lundi 13 f\u00e9vrier une modification de sa l\u00e9gislation qui assimile d\u00e9sormais les produits du vapotage aux produits du tabac traditionnels<a href=\"#_ftn3\" name=\"_ftnref3\">[3]<\/a>. Le texte interdit ainsi d\u00e8s juin 2023 la vente de ces produits aux moins de 18 ans dans le canton. En outre, l&rsquo;interdiction de fumer \u00e0 l&rsquo;int\u00e9rieur des b\u00e2timents sera \u00e9galement \u00e9tendue aux cigarettes \u00e9lectroniques.<\/p>\n<p style=\"text-align: justify;\">En Suisse romande, les cantons de Berne, Fribourg, Gen\u00e8ve, du Jura, Neuch\u00e2tel et Valais ont \u00e9galement interdit la vente de cigarettes \u00e9lectroniques aux mineurs.<\/p>\n<p style=\"text-align: justify;\">En d\u00e9cembre 2022, le canton de Vaud a soumis au Grand Conseil un projet de modification de trois l\u00e9gislations afin que les produits du vapotage, dont les puffs, soient soumis au m\u00eame cadre l\u00e9gal que les cigarettes traditionnelles et les autres produits du tabac (interdiction de vente aux moins de 18 ans et interdiction de publicit\u00e9 aupr\u00e8s de ces derniers).<\/p>\n<p style=\"text-align: justify;\"><strong>Mots-cl\u00e9s : Suisse, suisse romande, puffs, vapotage, publicit\u00e9, ar\u00f4mes, jeunes<\/strong><\/p>\n<p><strong><a href=\"https:\/\/www.generationsanstabac.org\/\">\u00a9G\u00e9n\u00e9ration Sans Tabac<\/a><\/strong><\/p>\n<p style=\"text-align: right;\"><em><strong>AE<\/strong><\/em><\/p>\n<hr \/>\n<p style=\"text-align: justify;\"><a href=\"#_ftnref1\" name=\"_ftn1\">[1]<\/a> <a href=\"https:\/\/www.at-schweiz.ch\/fr?id=170&amp;Premiers-chiffres-sur-la-consommation-des-puffs-chez-les-jeunes#nouvelles-et-articles-de-blog\">Premiers chiffres sur la consommation des puffs chez les jeunes<\/a>, AT Suisse, publi\u00e9 le 2 f\u00e9vrier 2023, consult\u00e9 le 15 f\u00e9vrier 2023<\/p>\n<p style=\"text-align: justify;\"><a href=\"#_ftnref2\" name=\"_ftn2\">[2]<\/a> <a href=\"https:\/\/www.at-schweiz.ch\/fr\/news-media\/news?id=173&amp;Le-peuple-et-les-cantons-veulent-enfin-protger-les-enfants-et-les-jeunes-de-la-publicit-pour-le-tabac\">Le peuple et les cantons veulent enfin prot\u00e9ger les enfants et les jeunes de la publicit\u00e9 pour le tabac<\/a>, AT Suisse, publi\u00e9 le 13 f\u00e9vrier 2023, consult\u00e9 le 15 f\u00e9vrier 2023<\/p>\n<p style=\"text-align: justify;\"><a href=\"#_ftnref3\" name=\"_ftn3\">[3]<\/a> <a href=\"https:\/\/www.laliberte.ch\/news\/suisse\/le-tessin-legifere-contre-le-vapotage-677833\">Le Tessin l\u00e9gif\u00e8re contre le vapotage<\/a>, la Libert\u00e9, publi\u00e9 le 13 f\u00e9vrier 2023, consult\u00e9 le 15 f\u00e9vrier 2023<\/p>\n<p><span style=\"color: #999999;\"><strong><a style=\"color: #999999;\" href=\"http:\/\/www.cnct.fr\/\" target=\"_blank\" rel=\"noopener noreferrer\">Comit\u00e9 national contre le tabagisme |<\/a><\/strong><\/span><\/p>\n","protected":false},"excerpt":{"rendered":"<p>Selon une \u00e9tude, en Suisse romande, un jeune de 14 \u00e0 25 ans sur huit consomme fr\u00e9quemment des cigarettes \u00e9lectroniques jetables de type puff.<\/p>\n","protected":false},"featured_media":11396,"template":"","tags":[],"thematique":[502,516],"class_list":["post-20941","actualites","type-actualites","status-publish","has-post-thumbnail","hentry","thematique-justice","thematique-nouveaux-produits"],"acf":[],"_links":{"self":[{"href":"https:\/\/www.generationsanstabac.org\/fr\/wp-json\/wp\/v2\/actualites\/20941","targetHints":{"allow":["GET"]}}],"collection":[{"href":"https:\/\/www.generationsanstabac.org\/fr\/wp-json\/wp\/v2\/actualites"}],"about":[{"href":"https:\/\/www.generationsanstabac.org\/fr\/wp-json\/wp\/v2\/types\/actualites"}],"version-history":[{"count":0,"href":"https:\/\/www.generationsanstabac.org\/fr\/wp-json\/wp\/v2\/actualites\/20941\/revisions"}],"wp:featuredmedia":[{"embeddable":true,"href":"https:\/\/www.generationsanstabac.org\/fr\/wp-json\/wp\/v2\/media\/11396"}],"wp:attachment":[{"href":"https:\/\/www.generationsanstabac.org\/fr\/wp-json\/wp\/v2\/media?parent=20941"}],"wp:term":[{"taxonomy":"post_tag","embeddable":true,"href":"https:\/\/www.generationsanstabac.org\/fr\/wp-json\/wp\/v2\/tags?post=20941"},{"taxonomy":"thematique","embeddable":true,"href":"https:\/\/www.generationsanstabac.org\/fr\/wp-json\/wp\/v2\/thematique?post=20941"}],"curies":[{"name":"wp","href":"https:\/\/api.w.org\/{rel}","templated":true}]}}