{"id":20939,"date":"2023-02-14T17:32:44","date_gmt":"2023-02-14T16:32:44","guid":{"rendered":"https:\/\/www.generationsanstabac.org\/actualites\/angleterre-des-ong-appellent-a-renforcer-les-reglementations-sur-le-vapotage-pour-proteger-les-jeunes\/"},"modified":"2023-02-14T17:32:44","modified_gmt":"2023-02-14T16:32:44","slug":"angleterre-des-ong-appellent-a-renforcer-les-reglementations-sur-le-vapotage-pour-proteger-les-jeunes","status":"publish","type":"actualites","link":"https:\/\/www.generationsanstabac.org\/fr\/actualites\/angleterre-des-ong-appellent-a-renforcer-les-reglementations-sur-le-vapotage-pour-proteger-les-jeunes\/","title":{"rendered":"Angleterre : des ONG appellent \u00e0 renforcer les r\u00e9glementations sur le vapotage pour prot\u00e9ger les jeunes"},"content":{"rendered":"<p style=\"text-align: justify;\"><em>Alors que l\u2019Angleterre est l\u2019un des seuls pays au monde \u00e0 avoir int\u00e9gr\u00e9 l\u2019utilisation de la cigarette \u00e9lectronique dans sa strat\u00e9gie de r\u00e9duction du tabagisme pour parvenir \u00e0 une g\u00e9n\u00e9ration sans tabac, certaines associations de lutte contre le tabagisme commencent \u00e0 revenir sur cette orientation et appellent le gouvernement \u00e0 renforcer les r\u00e9glementations des produits du vapotage, notamment en termes de taxation et de publicit\u00e9. <\/em><\/p>\n<p style=\"text-align: justify;\">Suite \u00e0 la hausse inqui\u00e9tante du nombre de jeunes consommateurs de produits du vapotage en Angleterre et \u00e0 l&rsquo;inqui\u00e9tude croissante des parents, des enseignants et des autorit\u00e9s locales, l\u2019ONG Action for Smoking and Health (ASH) demande au gouvernement d&rsquo;agir sans d\u00e9lai pour renforcer la r\u00e9glementation relative \u00e0 ces produits<a href=\"#_ftn1\" name=\"_ftnref1\">[1]<\/a>.<\/p>\n<h2 style=\"text-align: justify;\"><strong>R\u00e9duire l\u2019attractivit\u00e9 des dispositifs de vapotage aupr\u00e8s des jeunes<\/strong><\/h2>\n<p style=\"text-align: justify;\">Pour ASH, les produits de vapotage ne devraient pas \u00eatre expos\u00e9s sur les lieux de vente mais ils devraient \u00eatre dissimul\u00e9s par la suppression des \u00e9tals (display ban). Les conditionnements de ces produits devraient correspondre des emballages neutres comme les cigarettes manufactur\u00e9es afin de r\u00e9duire leur attractivit\u00e9 aupr\u00e8s des jeunes. Dans cette m\u00eame perspective, l\u2019organisme recommande d\u2019interdire les noms de produits ou les descripteurs associ\u00e9s \u00e0 des bonbons ou \u00e0 des sucreries comme, par exemple, \u00ab gummybear \u00bb. De m\u00eame les caract\u00e9ristiques de conception telles que les cigarettes \u00e9lectroniques \u00ab lumineuses \u00bb qui peuvent \u00eatre utilis\u00e9es dans l&rsquo;obscurit\u00e9 comme b\u00e2tonnets lumineux devraient \u00eatre prohib\u00e9es. Enfin, \u00e0 l\u2019instar des recommandations portant sur le contr\u00f4le de l\u2019\u00e2ge du client li\u00e9es au respect de l\u2019interdiction de vente de produits du tabac aux mineurs, il est pr\u00e9conis\u00e9 que les vendeurs v\u00e9rifient obligatoirement l&rsquo;\u00e2ge de toute personne qui semble avoir moins de 25 ans et qui voudrait acheter un produit du vapotage.<\/p>\n<p style=\"text-align: justify;\">ASH recommande aussi de cr\u00e9er une taxe d&rsquo;accise de 4\u00a3 sur les dispositifs jetables (puffs) afin de r\u00e9duire l&rsquo;accessibilit\u00e9 de ces produits aupr\u00e8s des jeunes, ces derniers pouvant actuellement en acheter pour moins de 5\u00a3.<\/p>\n<p style=\"text-align: justify;\">Les donn\u00e9es d\u2019ASH montrent que 8,6 % des jeunes de 11 \u00e0 18 ans en Angleterre vapotent r\u00e9guli\u00e8rement en 2022, contre 4 % en 2021. Selon une r\u00e9cente \u00e9tude<a href=\"#_ftn2\" name=\"_ftnref2\">[2]<\/a>, bien qu\u2019il soit interdit depuis 2015 de vendre des cigarettes \u00e9lectroniques \u00e0 des mineurs de moins de 18 ans en Angleterre, 57% d\u2019entre eux ont d\u00e9clar\u00e9 s\u2019en procurer ais\u00e9ment dans les magasins que ce soit des marchands de journaux, des magasins sp\u00e9cialis\u00e9s ou en supermarch\u00e9s.<\/p>\n<p style=\"text-align: justify;\">L&rsquo;Association des collectivit\u00e9s locales (LGA) indique que les r\u00e9glementations autour des produits du tabac doivent s\u2019appliquer \u00e9galement aux produits du vapotage. LGA appelle \u00e9galement \u00e0 renforcer les sanctions contre les d\u00e9bits qui ne respectent pas l\u2019interdiction de vente aux mineurs.<\/p>\n<h2 style=\"text-align: justify;\"><strong>De plus en plus de pays europ\u00e9ens souhaitent renforcer les r\u00e9glementations autour du vapotage<\/strong><\/h2>\n<p style=\"text-align: justify;\">R\u00e9cemment, le gouvernement \u00e9cossais s\u2019est exprim\u00e9 sur son intention d\u2019interdire les cigarettes \u00e9lectroniques jetables dans un souci de pr\u00e9servation de l\u2019environnement mais \u00e9galement de protection de la jeunesse<a href=\"#_ftn3\" name=\"_ftnref3\">[3]<\/a>. Une d\u00e9put\u00e9 \u00e9cologiste souhaite aller plus loin et a propos\u00e9 de supprimer les \u00e9tals de pr\u00e9sentation des produits dans les magasins et d\u2019interdire les ar\u00f4mes attractifs pour l\u2019ensemble des produits du vapotage<a href=\"#_ftn4\" name=\"_ftnref4\">[4]<\/a>.<\/p>\n<p style=\"text-align: justify;\">En novembre 2022<a href=\"#_ftn5\" name=\"_ftnref5\">[5]<\/a>, le ministre de la sant\u00e9, Stephen Donnelly, et le ministre de la sant\u00e9 publique, Frank Feighan ont indiqu\u00e9 vouloir introduire des restrictions suppl\u00e9mentaires quant \u00e0 la vente et la publicit\u00e9 des produits du vapotage. L\u2019objectif est de limiter l\u2019exposition des jeunes aux publicit\u00e9s pour le vapotage et ainsi de pr\u00e9venir l\u2019initiation de ces produits.<\/p>\n<p style=\"text-align: justify;\">Fin 2022, les Pays-Bas<a href=\"#_ftn6\" name=\"_ftnref6\">[6]<\/a> ont indiqu\u00e9 interdire d\u2019ici octobre 2023 l\u2019ensemble des ar\u00f4mes pour les dispositifs de vapotage (qu\u2019ils soient jetables ou non) \u00e0 l\u2019exception de  l\u2019ar\u00f4me tabac. Une interdiction jug\u00e9e essentielle pour prot\u00e9ger les plus jeunes de l\u2019initiation aux produits du vapotage. Le 13 f\u00e9vrier 2023, le <a href=\"https:\/\/www.generationsanstabac.org\/actualites\/le-cnct-appelle-a-interdire-les-aromes-de-tous-les-produits-de-la-nicotine\/\">Comit\u00e9 national contre le tabagisme<\/a> (CNCT) a publi\u00e9 son \u00e9tude sur les nouveaux produits du tabac et de la nicotine et a formul\u00e9 une recommandation similaire en souhaitant interdire l\u2019ensemble des ar\u00f4mes (except\u00e9 pour l\u2019ar\u00f4me tabac) pour l\u2019ensemble des produits contenant de la nicotine (hors traitements de substitution nicotinique). Pour le CNCT, l\u2019immense vari\u00e9t\u00e9 des ar\u00f4mes et des saveurs propos\u00e9s sont destin\u00e9s \u00e0 recruter de jeunes consommateurs.<\/p>\n<p style=\"text-align: justify;\"><b>Mots-cl\u00e9s : Angleterre, vapotage, puffs, publicit\u00e9, taxation, Europe, jeunes<\/b><\/p>\n<p><strong><a href=\"https:\/\/www.generationsanstabac.org\/\">\u00a9G\u00e9n\u00e9ration Sans Tabac<\/a><\/strong><\/p>\n<p style=\"text-align: right;\"><em><strong>AE<\/strong><\/em><\/p>\n<hr \/>\n<p style=\"text-align: justify;\"><a href=\"#_ftnref1\" name=\"_ftn1\">[1]<\/a> Communiqu\u00e9 de presse, <a href=\"https:\/\/ash.org.uk\/media-centre\/news\/press-releases\/ash-calls-on-chancellor-to-tax-disposable-vapes\">ASH calls on Chancellor to tax disposable vapes, Action for Smoking and Health<\/a> publi\u00e9 le 11 f\u00e9vrier 2023, consult\u00e9 le 14 f\u00e9vrier 2023<\/p>\n<p style=\"text-align: justify;\"><a href=\"#_ftnref2\" name=\"_ftn2\">[2]<\/a> <a href=\"https:\/\/digital.nhs.uk\/data-and-information\/publications\/statistical\/smoking-drinking-and-drug-use-among-young-people-in-england\/2021\/introduction\">Smoking, Drinking and Drug Use among Young People in England<\/a>, 2021, Rapport du NHS, publi\u00e9 le 6 septembre 2022, consult\u00e9 le 14 f\u00e9vrier 2023<\/p>\n<p style=\"text-align: justify;\"><a href=\"#_ftnref3\" name=\"_ftn3\">[3]<\/a> G\u00e9n\u00e9ration sans tabac, <a href=\"https:\/\/www.generationsanstabac.org\/actualites\/lecosse-lance-une-etude-sur-limpact-environnemental-des-puffs\/\">L\u2019\u00c9cosse lance une \u00e9tude sur l\u2019impact environnemental des puffs<\/a>, publi\u00e9 le 6 f\u00e9vrier 2023, consult\u00e9 le 14 f\u00e9vrier 2023<\/p>\n<p style=\"text-align: justify;\"><a href=\"#_ftnref4\" name=\"_ftn4\">[4]<\/a> G\u00e9n\u00e9ration sans tabac, <a href=\"https:\/\/www.generationsanstabac.org\/actualites\/deputee-ecossaise-propose-interdire-etalage-aromes-attractifs-produits-vapotage\/\">Une d\u00e9put\u00e9e \u00e9cossaise propose d\u2019interdire l\u2019\u00e9talage et les ar\u00f4mes attractifs pour les produits du vapotage<\/a>, publi\u00e9 le 30 d\u00e9cembre 2022, consult\u00e9 le 14 f\u00e9vrier 2023<\/p>\n<p style=\"text-align: justify;\"><a href=\"#_ftnref5\" name=\"_ftn5\">[5]<\/a> G\u00e9n\u00e9ration sans tabac,<a href=\"https:\/\/www.generationsanstabac.org\/actualites\/irlande-de-nouvelles-restrictions-pour-les-produits-du-vapotage\/\"> Irlande : de nouvelles restrictions pour les produits du vapotage<\/a>, publi\u00e9 le 24 novembre 2022, consult\u00e9 le 14 f\u00e9vrier 2023<\/p>\n<p style=\"text-align: justify;\"><a href=\"#_ftnref6\" name=\"_ftn6\">[6]<\/a> G\u00e9n\u00e9ration sans tabac, <a href=\"https:\/\/www.generationsanstabac.org\/actualites\/pays-bas-interdisent-aromes-produits-vapotage\/\">Les Pays-Bas interdisent les ar\u00f4mes dans les produits du vapotage<\/a>, publi\u00e9 le 6 d\u00e9cembre 2022, consult\u00e9 le 14 f\u00e9vrier 2023<\/p>\n<p><span style=\"color: #999999;\"><strong><a style=\"color: #999999;\" href=\"http:\/\/www.cnct.fr\/\" target=\"_blank\" rel=\"noopener noreferrer\">Comit\u00e9 national contre le tabagisme |<\/a><\/strong><\/span><\/p>\n","protected":false},"excerpt":{"rendered":"<p>Des ONG en Angleterre souhaitent renforcer les r\u00e9glementations autour des produits du vapotage pour prot\u00e9ger les jeunes.<\/p>\n","protected":false},"featured_media":11392,"template":"","tags":[],"thematique":[502,516],"class_list":["post-20939","actualites","type-actualites","status-publish","has-post-thumbnail","hentry","thematique-justice","thematique-nouveaux-produits"],"acf":[],"_links":{"self":[{"href":"https:\/\/www.generationsanstabac.org\/fr\/wp-json\/wp\/v2\/actualites\/20939","targetHints":{"allow":["GET"]}}],"collection":[{"href":"https:\/\/www.generationsanstabac.org\/fr\/wp-json\/wp\/v2\/actualites"}],"about":[{"href":"https:\/\/www.generationsanstabac.org\/fr\/wp-json\/wp\/v2\/types\/actualites"}],"version-history":[{"count":0,"href":"https:\/\/www.generationsanstabac.org\/fr\/wp-json\/wp\/v2\/actualites\/20939\/revisions"}],"wp:featuredmedia":[{"embeddable":true,"href":"https:\/\/www.generationsanstabac.org\/fr\/wp-json\/wp\/v2\/media\/11392"}],"wp:attachment":[{"href":"https:\/\/www.generationsanstabac.org\/fr\/wp-json\/wp\/v2\/media?parent=20939"}],"wp:term":[{"taxonomy":"post_tag","embeddable":true,"href":"https:\/\/www.generationsanstabac.org\/fr\/wp-json\/wp\/v2\/tags?post=20939"},{"taxonomy":"thematique","embeddable":true,"href":"https:\/\/www.generationsanstabac.org\/fr\/wp-json\/wp\/v2\/thematique?post=20939"}],"curies":[{"name":"wp","href":"https:\/\/api.w.org\/{rel}","templated":true}]}}