{"id":20934,"date":"2023-02-09T07:55:22","date_gmt":"2023-02-09T06:55:22","guid":{"rendered":"https:\/\/www.generationsanstabac.org\/actualites\/senegal-le-cicodev-reclame-un-meilleur-financement-de-la-lutte-antitabac\/"},"modified":"2023-02-09T07:55:22","modified_gmt":"2023-02-09T06:55:22","slug":"senegal-le-cicodev-reclame-un-meilleur-financement-de-la-lutte-antitabac","status":"publish","type":"actualites","link":"https:\/\/www.generationsanstabac.org\/fr\/actualites\/senegal-le-cicodev-reclame-un-meilleur-financement-de-la-lutte-antitabac\/","title":{"rendered":"S\u00e9n\u00e9gal : le Cicodev r\u00e9clame un meilleur financement de la lutte antitabac"},"content":{"rendered":"<p style=\"text-align: justify;\"><em>Au S\u00e9n\u00e9gal, l\u2019institut panafricain pour la citoyennet\u00e9, les consommateurs et le d\u00e9veloppement (Cocidev Afrique) m\u00e8ne actuellement une campagne de communication et de plaidoyer en vue d\u2019augmenter la fiscalit\u00e9 sur le tabac. Le Cicodev pointe le fardeau que p\u00e8se le tabagisme sur les finances publiques s\u00e9n\u00e9galaises, et le manque de moyens allou\u00e9s \u00e0 la sant\u00e9 publique. <\/em><\/p>\n<p style=\"text-align: justify;\">L\u2019institut panafricain pour la citoyennet\u00e9, les consommateurs et le d\u00e9veloppement propose la cr\u00e9ation d\u2019une taxe parafiscale sur les produits du tabac qui soit directement affect\u00e9e au financement de la sant\u00e9 publique s\u00e9n\u00e9galaise en g\u00e9n\u00e9ral, et de la lutte contre le tabagisme et les maladies non transmissibles en particulier<a href=\"#_ftn1\" name=\"_ftnref1\">[1]<\/a>.<\/p>\n<h2 style=\"text-align: justify;\"><strong>Un budget insuffisant consacr\u00e9 \u00e0 la sant\u00e9<\/strong><\/h2>\n<p style=\"text-align: justify;\">Selon le Cicodev, seul 4,7% du budget de l\u2019Etat au S\u00e9n\u00e9gal est consacr\u00e9 \u00e0 la sant\u00e9 publique, loin derri\u00e8re les 15% recommand\u00e9s lors de la D\u00e9claration d\u2019Abuja, plus de vingt ans auparavant, au moment d\u2019une prise de conscience des pouvoirs publics africains de renforcer les moyens allou\u00e9s \u00e0 la lutte contre le Sida, le paludisme, ou la tuberculose. Toutefois, le S\u00e9n\u00e9gal n\u2019est pas le seul pays d\u2019Afrique dans cette situation d\u2019insuffisance, puisqu\u2019\u00e0 la fin de l\u2019ann\u00e9e 2020, seuls deux Etats avaient atteint cet objectif de consacrer 15% du budget \u00e0 la sant\u00e9<a href=\"#_ftn2\" name=\"_ftnref2\">[2]<\/a>.<\/p>\n<h2 style=\"text-align: justify;\"><strong>Le tabagisme, un co\u00fbt majeur pour les pouvoirs publics<\/strong><\/h2>\n<p style=\"text-align: justify;\">Selon une \u00e9tude men\u00e9e par le Consortium pour la recherche \u00e9conomique et sociale (CRES), un <em>think tank <\/em>bas\u00e9 \u00e0 Dakar, le co\u00fbt social du tabagisme est estim\u00e9 \u00e0 122 milliards de francs CFA (185 millions d\u2019euros) par an pour la soci\u00e9t\u00e9 s\u00e9n\u00e9galaise, dont 74 milliards pour les seuls co\u00fbts de sant\u00e9. A titre de comparaison, les recettes fiscales associ\u00e9es aux produit du tabac repr\u00e9sentent 24 milliards de francs CFA annuels (36 millions d\u2019euros), soit un d\u00e9ficit de 98 milliards (149 millions d\u2019euros). Malgr\u00e9 le fardeau \u00e9conomique que repr\u00e9sente la consommation tabagique au S\u00e9n\u00e9gal, le minist\u00e8re de la Sant\u00e9 ne consacre que 25 millions de francs CFA par an, soit moins de 40 000 euros.<\/p>\n<h2 style=\"text-align: justify;\"><strong>La forte ing\u00e9rence de l\u2019industrie du tabac au S\u00e9n\u00e9gal<\/strong><\/h2>\n<p style=\"text-align: justify;\">A la fin de l\u2019ann\u00e9e 2021, la Ligue s\u00e9n\u00e9galaise contre le tabac avait d\u00e9j\u00e0 exhort\u00e9 le Minist\u00e8re de la Sant\u00e9 du S\u00e9n\u00e9gal \u00e0 augmenter sensiblement la fiscalit\u00e9 sur les produits du tabac, dans un double objectif de r\u00e9duire la pr\u00e9valence tabagique de 10% et d\u2019abonder un fonds de financement de la lutte contre le tabagisme.<\/p>\n<p style=\"text-align: justify;\">La Ligue s\u00e9n\u00e9galaise alertait \u00e9galement les pouvoirs publics sur la n\u00e9cessit\u00e9 de lutter contre le lobbying de l\u2019industrie du tabac, qui voit dans les pays en voie de d\u00e9veloppement un nouveau march\u00e9, permettant de compenser le d\u00e9clin de la consommation, enclench\u00e9 depuis plusieurs d\u00e9cennies dans les pays industrialis\u00e9s. Malgr\u00e9 l\u2019adoption en 2014 d\u2019une loi interdisant par principe tout contact entre les autorit\u00e9s publiques et l\u2019industrie du tabac, le S\u00e9n\u00e9gal n\u2019\u00e9chappe pas compl\u00e8tement <a href=\"https:\/\/www.generationsanstabac.org\/actualites\/senegal-protection-politiques-publiques-lobby-du-tabac-reste-incomplete\/\">aux tentatives d\u2019ing\u00e9rence<\/a> de la part des fabricants. Ainsi, en 2021, un d\u00e9cret permettait au S\u00e9n\u00e9gal d\u2019adopter le syst\u00e8me Codentify de tra\u00e7abilit\u00e9 des produits du tabac, alors que celui-ci \u00e9mane directement des cigarettiers, dont l\u2019implication dans le commerce illicite est pourtant \u00e9tablie.<\/p>\n<h2 style=\"text-align: justify;\"><strong>Un dispositif r\u00e9glementaire \u00e9labor\u00e9 au S\u00e9n\u00e9gal<br \/>\n<\/strong><\/h2>\n<p style=\"text-align: justify;\">Malgr\u00e9 les faiblesses de financement, le S\u00e9n\u00e9gal demeure toutefois <a href=\"https:\/\/www.generationsanstabac.org\/actualites\/la-legislation-au-senegal-des-mesures-fortes-pour-reduire-la-consommation-de-tabac\/\">un des pays d\u2019Afrique les plus en pointe en mati\u00e8re de lutte contre le tabagisme<\/a>. Ces derni\u00e8res ann\u00e9es, le pays a consid\u00e9rablement renforc\u00e9 sa r\u00e9glementation pour lutter contre l\u2019\u00e9pid\u00e9mie tabagique. Ainsi, depuis 2016, le pays a interdit la consommation de produits du tabac dans les lieux publics, la vente aux mineurs, ou encore la commercialisation de tabac \u00e0 moins de 200 m\u00e8tres d\u2019une \u00e9cole ou d\u2019un h\u00f4pital. De la m\u00eame mani\u00e8re, la r\u00e9glementation proscrit la vente de cigarettes \u00e0 l\u2019unit\u00e9 et toute forme de publicit\u00e9, directe comme indirecte, en faveur du tabac. Enfin, 70% de la surface des paquets de tabac sont d\u00e9sormais recouverts d\u2019avertissements sanitaires (image et texte), montrant les risques que le tabagisme fait peser sur la sant\u00e9.<\/p>\n<p><strong>Mots-cl\u00e9s : S\u00e9n\u00e9gal, Afrique, Fiscalit\u00e9, Lobbying<br \/>\n<\/strong><\/p>\n<p><strong><a href=\"https:\/\/www.generationsanstabac.org\/\">\u00a9G\u00e9n\u00e9ration Sans Tabac<\/a><\/strong><\/p>\n<p style=\"text-align: right;\"><em><strong>FT<\/strong><\/em><\/p>\n<hr \/>\n<p style=\"text-align: justify;\"><a href=\"#_ftnref1\" name=\"_ftn1\">[1]<\/a> Agence de Presse S\u00e9n\u00e9galaise (APS), <a href=\"https:\/\/www.aps.sn\/detail\/3215\">Une campagne de Cicodev Afrique pour la cr\u00e9ation d\u2019une taxe parafiscale d\u00e9di\u00e9e au financement de la sant\u00e9<\/a>, 07\/02\/2023, (consult\u00e9 le 08\/02\/2023)<\/p>\n<p style=\"text-align: justify;\"><a href=\"#_ftnref2\" name=\"_ftn2\">[2]<\/a> Afrique Renouveau, <a href=\"https:\/\/www.un.org\/africarenewal\/fr\/magazine\/octobre-2020\/financement-public-de-la-sant%C3%A9-en-afrique-15-dun-%C3%A9l%C3%A9phant-nest-pas-15-dun\">Financement public de la sant\u00e9 en Afrique : 15 % d&rsquo;un \u00e9l\u00e9phant n&rsquo;est pas 15 % d&rsquo;un poulet<\/a>, 10\/2020, (consult\u00e9 le 08\/02\/2023)<\/p>\n<p><span style=\"color: #999999;\"><strong><a style=\"color: #999999;\" href=\"http:\/\/www.cnct.fr\/\" target=\"_blank\" rel=\"noopener noreferrer\">Comit\u00e9 national contre le tabagisme |<\/a><\/strong><\/span><\/p>\n","protected":false},"excerpt":{"rendered":"<p>Au S\u00e9n\u00e9gal, le Cocidev Afrique m\u00e8ne actuellement une campagne de communication et de plaidoyer en vue d\u2019augmenter la fiscalit\u00e9 sur le tabac.<\/p>\n","protected":false},"featured_media":11386,"template":"","tags":[],"thematique":[499,491],"class_list":["post-20934","actualites","type-actualites","status-publish","has-post-thumbnail","hentry","thematique-lobby","thematique-politiques-publiques"],"acf":[],"_links":{"self":[{"href":"https:\/\/www.generationsanstabac.org\/fr\/wp-json\/wp\/v2\/actualites\/20934","targetHints":{"allow":["GET"]}}],"collection":[{"href":"https:\/\/www.generationsanstabac.org\/fr\/wp-json\/wp\/v2\/actualites"}],"about":[{"href":"https:\/\/www.generationsanstabac.org\/fr\/wp-json\/wp\/v2\/types\/actualites"}],"version-history":[{"count":0,"href":"https:\/\/www.generationsanstabac.org\/fr\/wp-json\/wp\/v2\/actualites\/20934\/revisions"}],"wp:featuredmedia":[{"embeddable":true,"href":"https:\/\/www.generationsanstabac.org\/fr\/wp-json\/wp\/v2\/media\/11386"}],"wp:attachment":[{"href":"https:\/\/www.generationsanstabac.org\/fr\/wp-json\/wp\/v2\/media?parent=20934"}],"wp:term":[{"taxonomy":"post_tag","embeddable":true,"href":"https:\/\/www.generationsanstabac.org\/fr\/wp-json\/wp\/v2\/tags?post=20934"},{"taxonomy":"thematique","embeddable":true,"href":"https:\/\/www.generationsanstabac.org\/fr\/wp-json\/wp\/v2\/thematique?post=20934"}],"curies":[{"name":"wp","href":"https:\/\/api.w.org\/{rel}","templated":true}]}}