{"id":20929,"date":"2023-02-06T08:55:35","date_gmt":"2023-02-06T07:55:35","guid":{"rendered":"https:\/\/www.generationsanstabac.org\/actualites\/lecosse-lance-une-etude-sur-limpact-environnemental-des-puffs\/"},"modified":"2023-02-06T08:55:35","modified_gmt":"2023-02-06T07:55:35","slug":"lecosse-lance-une-etude-sur-limpact-environnemental-des-puffs","status":"publish","type":"actualites","link":"https:\/\/www.generationsanstabac.org\/fr\/actualites\/lecosse-lance-une-etude-sur-limpact-environnemental-des-puffs\/","title":{"rendered":"L\u2019\u00c9cosse lance une \u00e9tude sur l\u2019impact environnemental des puffs"},"content":{"rendered":"<p style=\"text-align: justify;\"><em>Le gouvernement \u00e9cossais a command\u00e9 une <\/em><a href=\"https:\/\/www.gov.scot\/news\/environmental-impact-of-single-use-vapes\/\"><em>\u00e9tude<\/em><\/a><em> urgente pour mesurer les impacts environnementaux et la gestion des cigarettes \u00e9lectroniques jetables de type puffs dans le pays. Cette \u00e9tude, qui fait suite \u00e0 de nouvelles pr\u00e9occupations concernant les cons\u00e9quences pr\u00e9judiciables de ces dispositifs jetables, devrait permettre d&rsquo;\u00e9laborer des r\u00e9ponses politiques, qui pourraient inclure une interdiction de ces produits.<\/em><\/p>\n<p style=\"text-align: justify;\">L\u2019organisme Zero Waste Scotland sera en charge de cette \u00e9tude qui prendra en compte l&rsquo;exp\u00e9rience et l&rsquo;action internationales, y compris les d\u00e9veloppements cl\u00e9s dans l&rsquo;Union europ\u00e9enne.<\/p>\n<h2 style=\"text-align: justify;\"><strong>Des dispositifs qui sont mal recycl\u00e9s <\/strong><\/h2>\n<p style=\"text-align: justify;\">Dans sa note, le gouvernement rappelle que les produits du vapotage ne doivent pas \u00eatre jet\u00e9s dans les ordures m\u00e9nag\u00e8res afin d&rsquo;\u00e9viter tout risque d&rsquo;incendie. Ils doivent \u00eatre jet\u00e9s dans les r\u00e9ceptacles pour petits d\u00e9chets d&rsquo;\u00e9quipements \u00e9lectriques et \u00e9lectroniques qui sont disponibles dans les centres de recyclage des d\u00e9chets m\u00e9nagers. Enfin, si les piles \u00e0 l&rsquo;int\u00e9rieur des vapes sont facilement amovibles, elles doivent \u00eatre retir\u00e9es et jet\u00e9es dans des conteneurs de recyclage des piles.<\/p>\n<p style=\"text-align: justify;\">Une <a href=\"https:\/\/www.generationsanstabac.org\/actualites\/une-majorite-des-cigarettes-electroniques-jetables-ne-sont-pas-recyclees-et-finissent-dans-les-decharges\/\">enqu\u00eate<\/a> conjointe du Bureau of Investigative Journalism, de Sky News et du Daily Telegraph avait d\u00e9voil\u00e9 en juillet 2022 que deux cigarettes \u00e9lectroniques jetables sont jet\u00e9es dans la poubelle chaque seconde au Royaume-Uni. Sur une ann\u00e9e, ces d\u00e9chets repr\u00e9sentent assez de lithium pour fabriquer environ 1 200 batteries de voitures \u00e9lectriques.<\/p>\n<h2 style=\"text-align: justify;\"><strong>L\u2019inqui\u00e9tude de la population \u00e9cossaise face \u00e0 la progression de la consommation de ces produits <\/strong><\/h2>\n<p style=\"text-align: justify;\">Une nouvelle enqu\u00eate a r\u00e9v\u00e9l\u00e9 que plus des trois quarts des \u00c9cossais sont pr\u00e9occup\u00e9s par l&rsquo;utilisation de produits de vapotage dans les \u00e9coles (83 %) et par le marketing des produits de vapotage aupr\u00e8s des jeunes et des enfants (82 %). L&rsquo;enqu\u00eate a \u00e9t\u00e9 command\u00e9e par l&rsquo;organisation caritative Asthma + Lung UK Scotland et men\u00e9e par Opinion Matters aupr\u00e8s de 1 000 adultes \u00e9cossais \u00e2g\u00e9s de plus de 16 ans.<\/p>\n<p style=\"text-align: justify;\">L&rsquo;enqu\u00eate montre \u00e9galement que 71% des personnes interrog\u00e9es se d\u00e9clarent pr\u00e9occup\u00e9s par les dommages environnementaux caus\u00e9s par les puffs.<\/p>\n<p style=\"text-align: justify;\">L\u2019interdiction des dispositifs jetables avait d\u00e9j\u00e0 \u00e9t\u00e9 demand\u00e9e par le groupe \u00e9cologiste \u00e9cossais en d\u00e9cembre dernier<a href=\"#_ftn1\" name=\"_ftnref1\">[1]<\/a>. Plusieurs organismes<a href=\"#_ftn2\" name=\"_ftnref2\">[2]<\/a> et pays europ\u00e9ens<a href=\"#_ftn3\" name=\"_ftnref3\">[3]<\/a>&#8211;<a href=\"#_ftn4\" name=\"_ftnref4\">[4]<\/a> se positionnent en faveur de cette interdiction concernant ces produits jetables tr\u00e8s populaires aupr\u00e8s des adolescents.<\/p>\n<p style=\"text-align: justify;\"><strong>Mots-cl\u00e9s : Ecosse, cigarettes \u00e9lectroniques jetables, puffs, interdiction, environnement<\/strong><\/p>\n<p><strong><a href=\"https:\/\/www.generationsanstabac.org\/\">\u00a9G\u00e9n\u00e9ration Sans Tabac<\/a><\/strong><\/p>\n<p style=\"text-align: right;\"><em><strong>AE<\/strong><\/em><\/p>\n<hr \/>\n<p style=\"text-align: justify;\"><a href=\"#_ftnref1\" name=\"_ftn1\">[1]<\/a> G\u00e9n\u00e9ration sans tabac, <a href=\"https:\/\/www.generationsanstabac.org\/actualites\/deputee-ecossaise-propose-interdire-etalage-aromes-attractifs-produits-vapotage\/\">Une d\u00e9put\u00e9e \u00e9cossaise propose d\u2019interdire l\u2019\u00e9talage et les ar\u00f4mes attractifs pour les produits du vapotage<\/a>, publi\u00e9 le 30 d\u00e9cembre 2022, consult\u00e9 le 3 f\u00e9vrier 2023<\/p>\n<p style=\"text-align: justify;\"><a href=\"#_ftnref2\" name=\"_ftn2\">[2]<\/a> Communiqu\u00e9, <a href=\"https:\/\/cnct.fr\/communiques\/puffs-le-cnct-demande-linterdiction-des-cigarettes-electroniques-jetables\/\">Puffs : le CNCT demande l\u2019interdiction des cigarettes \u00e9lectroniques jetables<\/a>, CNCT, publi\u00e9 le 25 octobre 2022<\/p>\n<p style=\"text-align: justify;\"><a href=\"#_ftnref3\" name=\"_ftn3\">[3]<\/a> G\u00e9n\u00e9ration sans tabac,<a href=\"https:\/\/www.generationsanstabac.org\/actualites\/baviere-demande-interdiction-puffs-allemagne-europe\/\"> La Bavi\u00e8re demande l\u2019interdiction des puffs en Allemagne et dans toute l\u2019Europe<\/a>, publi\u00e9 le 20 janvier 2023, consult\u00e9 le 3 f\u00e9vrier 2023<\/p>\n<p style=\"text-align: justify;\"><a href=\"#_ftnref4\" name=\"_ftn4\">[4]<\/a> G\u00e9n\u00e9ration sans tabac, <a href=\"https:\/\/www.generationsanstabac.org\/actualites\/irlande-envisage-dinterdire-les-cigarettes-electroniques-jetables\/\">L\u2019Irlande envisage d\u2019interdire les cigarettes \u00e9lectroniques jetables<\/a>, publi\u00e9 le 24 octobre 2022, consult\u00e9 le 3 f\u00e9vrier 2023<\/p>\n<p><span style=\"color: #999999;\"><strong><a style=\"color: #999999;\" href=\"http:\/\/www.cnct.fr\/\" target=\"_blank\" rel=\"noopener noreferrer\">Comit\u00e9 national contre le tabagisme |<\/a><\/strong><\/span><\/p>\n","protected":false},"excerpt":{"rendered":"<p>Le gouvernement \u00e9cossais a command\u00e9 une \u00e9tude urgente pour mesurer les impacts environnementaux et la gestion des puffs dans le pays.<\/p>\n","protected":false},"featured_media":11316,"template":"","tags":[],"thematique":[480,516],"class_list":["post-20929","actualites","type-actualites","status-publish","has-post-thumbnail","hentry","thematique-environnement","thematique-nouveaux-produits"],"acf":[],"_links":{"self":[{"href":"https:\/\/www.generationsanstabac.org\/fr\/wp-json\/wp\/v2\/actualites\/20929","targetHints":{"allow":["GET"]}}],"collection":[{"href":"https:\/\/www.generationsanstabac.org\/fr\/wp-json\/wp\/v2\/actualites"}],"about":[{"href":"https:\/\/www.generationsanstabac.org\/fr\/wp-json\/wp\/v2\/types\/actualites"}],"version-history":[{"count":0,"href":"https:\/\/www.generationsanstabac.org\/fr\/wp-json\/wp\/v2\/actualites\/20929\/revisions"}],"wp:featuredmedia":[{"embeddable":true,"href":"https:\/\/www.generationsanstabac.org\/fr\/wp-json\/wp\/v2\/media\/11316"}],"wp:attachment":[{"href":"https:\/\/www.generationsanstabac.org\/fr\/wp-json\/wp\/v2\/media?parent=20929"}],"wp:term":[{"taxonomy":"post_tag","embeddable":true,"href":"https:\/\/www.generationsanstabac.org\/fr\/wp-json\/wp\/v2\/tags?post=20929"},{"taxonomy":"thematique","embeddable":true,"href":"https:\/\/www.generationsanstabac.org\/fr\/wp-json\/wp\/v2\/thematique?post=20929"}],"curies":[{"name":"wp","href":"https:\/\/api.w.org\/{rel}","templated":true}]}}