{"id":20914,"date":"2023-01-20T09:00:11","date_gmt":"2023-01-20T08:00:11","guid":{"rendered":"https:\/\/www.generationsanstabac.org\/actualites\/le-bangladesh-souhaite-mettre-fin-a-la-culture-du-tabac-sur-son-territoire\/"},"modified":"2023-01-20T09:00:11","modified_gmt":"2023-01-20T08:00:11","slug":"le-bangladesh-souhaite-mettre-fin-a-la-culture-du-tabac-sur-son-territoire","status":"publish","type":"actualites","link":"https:\/\/www.generationsanstabac.org\/fr\/actualites\/le-bangladesh-souhaite-mettre-fin-a-la-culture-du-tabac-sur-son-territoire\/","title":{"rendered":"Le Bangladesh souhaite mettre fin \u00e0 la culture du tabac sur son territoire"},"content":{"rendered":"<p style=\"text-align: justify;\"><em>Le gouvernement du Bangladesh, jusqu\u2019\u00e0 pr\u00e9sent ambivalent sur la question du tabac, semble aujourd\u2019hui d\u00e9cid\u00e9 \u00e0 mettre en place une g\u00e9n\u00e9ration sans tabac d\u2019ici 2040. L\u2019arr\u00eat de la culture du tabac sur son sol serait l\u2019une des premi\u00e8res \u00e9tapes significatives de cette nouvelle orientation.<\/em><\/p>\n<p style=\"text-align: justify;\">C\u2019est au cours d\u2019une rencontre consacr\u00e9e \u00e0 un Bangladesh sans tabac que le ministre de l\u2019Environnement, de la for\u00eat et du changement climatique a annonc\u00e9 l\u2019intention affich\u00e9e par le Premier ministre de mettre fin \u00e0 la culture du tabac dans ce pays<a href=\"#_ftn1\" name=\"_ftnref1\">[1]<\/a>. Cette d\u00e9cision constitue un v\u00e9ritable tournant dans la politique du Bangladesh, qui restait jusqu\u2019ici tr\u00e8s attentive aux attentes de l\u2019industrie du tabac. Le principal motif avanc\u00e9 pour cette orientation serait que le tabac emp\u00eacherait le pays d\u2019atteindre les objectifs de d\u00e9veloppement durable (ODD) fix\u00e9s par l\u2019Organisation des Nations Unies (ONU).<\/p>\n<h2 style=\"text-align: justify;\"><strong>La culture du tabac, une pratique toxique et peu rentable<\/strong><\/h2>\n<p style=\"text-align: justify;\">La d\u00e9cision de mettre fin \u00e0 la culture du tabac serait appuy\u00e9e par des incitations financi\u00e8res afin de pousser les agriculteurs \u00e0 se convertir \u00e0 d\u2019autres types de culture \u00e9conomiquement viables. Avec l\u2019atteinte des ODD, l\u2019autre objectif affich\u00e9 est la protection de l\u2019environnement, la culture du tabac \u00e9tant <a href=\"https:\/\/www.generationsanstabac.org\/article\/fiche-dinformations-environnement-et-tabac\/\">particuli\u00e8rement gourmande<\/a> en ressources naturelles. Cette d\u00e9cision s\u2019inscrit pleinement dans le cadre du th\u00e8me pr\u00e9vu par l\u2019Organisation Mondiale de la Sant\u00e9 (OMS), qui porte pr\u00e9cis\u00e9ment sur la n\u00e9cessit\u00e9 de convertir les cultures du tabac en cultures vivri\u00e8res<a href=\"#_ftn2\" name=\"_ftnref2\">[2]<\/a>.<\/p>\n<p style=\"text-align: justify;\">La culture du tabac expose par ailleurs les travailleurs agricoles \u2013 et parmi eux, plus sp\u00e9cialement les femmes et les enfants \u2013 \u00e0 la <a href=\"https:\/\/www.generationsanstabac.org\/actualites\/empoisonnement-a-la-nicotine-la-maladie-du-tabac-vert\/\">maladie du tabac vert<\/a> qui entra\u00eenent des naus\u00e9es, vertiges, vomissements, diarrh\u00e9es et de nombreux autres sympt\u00f4mes, l\u2019intoxication \u00e9tant proportionnelles \u00e0 l\u2019exposition. A ces motifs, s\u2019ajoute la faible rentabilit\u00e9 des exploitations agricoles de tabac, contrairement \u00e0 ce que laissent miroiter les industriels. Pour toutes ces raisons, la culture du tabac constitue une v\u00e9ritable entrave au d\u00e9veloppement \u00e9conomique et environnemental d\u2019un pays, ainsi qu\u2019une perp\u00e9tuelle menace pour la sant\u00e9 publique.<\/p>\n<h2 style=\"text-align: justify;\"><strong>Une ouverture dans la lutte contre le tabagisme<\/strong><\/h2>\n<p style=\"text-align: justify;\">Plusieurs signes avaient montr\u00e9, ces derniers mois, le regain d\u2019int\u00e9r\u00eat pour la lutte contre le tabagisme au Bangladesh. Une conf\u00e9rence de trois jours sur \u00ab un Bangladesh sans tabac \u00bb, organis\u00e9e en mai 2022 par le Forum parlementaire pour la sant\u00e9 et le bien-\u00eatre, en association avec la fondation Shurokkha et Campaign for Tobacco-Free Kids (CTFK-Bangladesh), avait r\u00e9unis une quarantaine de d\u00e9put\u00e9s<a href=\"#_ftn3\" name=\"_ftnref3\">[3]<\/a>.<\/p>\n<p style=\"text-align: justify;\">De multiples tribunes ont depuis \u00e9t\u00e9 publi\u00e9es dans la presse, appelant \u00e0 transformer le Bangladesh en un pays sans tabac, notamment par Qazi Kholiquzzaman Ahmad, \u00e9conomiste, activiste du d\u00e9veloppement et animateur de la National Anti-tobacco Platform<a href=\"#_ftn4\" name=\"_ftnref4\">[4]<\/a>. Autant d\u2019initiatives soutenues par la Bangladesh Anti-Tobacco Alliance (BATA), acteur historique de la lutte contre le tabagisme. Ces derniers temps, sous l\u2019impulsion du Premier ministre, les initiatives favorables \u00e0 un Bangladesh sans tabac se multiplient de la part des autorit\u00e9s bangladaises, attestant d\u2019un changement de paradigme.<\/p>\n<h2 style=\"text-align: justify;\"><strong>Des approches jusqu\u2019ici divergentes selon les minist\u00e8res<\/strong><\/h2>\n<p style=\"text-align: justify;\">Il est courant qu\u2019au sein d\u2019un gouvernement, les diff\u00e9rents minist\u00e8res adoptent des attitudes tr\u00e8s diff\u00e9rentes vis-\u00e0-vis de l\u2019industrie du tabac, en fonction de leurs attributions. Les minist\u00e8res de la sant\u00e9 et ceux de l\u2019environnement sont habituellement en pointe de la lutte contre le tabagisme, tandis que les minist\u00e8res des finances, du commerce ou de l\u2019industrie sont g\u00e9n\u00e9ralement plus favorables aux industriels. Cette tendance semblait <a href=\"https:\/\/www.generationsanstabac.org\/actualites\/bengladesh-conflits-interets-entravent-article-5-3-cclat\/\">tr\u00e8s exacerb\u00e9e<\/a> au Bangladesh, o\u00f9 plusieurs ministres et membres de cabinet ne cachaient pas leur pr\u00e9sence au conseil d\u2019administration des cigarettiers, ni leurs liens avec les fabricants<a href=\"#_ftn5\" name=\"_ftnref5\">[5]<\/a>. Les mois qui viennent permettront de juger, notamment au regard de l\u2019application de l\u2019article 5.3 de la Convention-cadre pour la lutte antitabac, si cette tendance est bien invers\u00e9e au Bangladesh.<\/p>\n<p style=\"text-align: justify;\"><strong>Mots-cl\u00e9s : Bangladesh, culture du tabac, ODD, maladie du tabac vert<\/strong><\/p>\n<p style=\"text-align: justify;\"><strong><a href=\"https:\/\/www.generationsanstabac.org\/\">\u00a9G\u00e9n\u00e9ration Sans Tabac<\/a><\/strong><\/p>\n<p style=\"text-align: right;\"><em><strong>MF<\/strong><\/em><\/p>\n<hr \/>\n<p style=\"text-align: justify;\"><a href=\"#_ftnref1\" name=\"_ftn1\">[1]<\/a> <a href=\"https:\/\/www.dhakatribune.com\/agriculture\/2023\/01\/15\/minister-govt-strives-to-end-tobacco-cultivation-in-bangladesh\"><em>Minister: Govt strives to end tobacco cultivation in Bangladesh<\/em><\/a>, Dhaka Tribune, publi\u00e9 le 15 janvier 2023, consult\u00e9 le 18 janvier 2023.<\/p>\n<p style=\"text-align: justify;\"><a href=\"#_ftnref2\" name=\"_ftn2\">[2]<\/a> <a href=\"https:\/\/www.who.int\/news\/item\/07-11-2022-we-need-food--not-tobacco---focus-of-the-world-no-tobacco-day-2023\"><em>We need food, not tobacco \u2013 focus of World No Tobacco Day 2023<\/em><\/a>, WHO, publi\u00e9 le 7 novembre 2022, consult\u00e9 le 18 janvier 2023.<\/p>\n<p style=\"text-align: justify;\"><a href=\"#_ftnref3\" name=\"_ftn3\">[3]<\/a> <a href=\"https:\/\/www.tbsnews.net\/bangladesh\/tobacco-control-law-must-be-strengthened-anti-tobacco-advocates-558730\"><em>40 MPs for achieving tobacco-free Bangladesh by 2040<\/em><\/a>, Dhaka Tribune, publi\u00e9 le 21 mai 2022, consult\u00e9 le 18 janvier 2023.<\/p>\n<p style=\"text-align: justify;\"><a href=\"#_ftnref4\" name=\"_ftn4\">[4]<\/a> Qazi Kholiquzzaman Ahmad, <a href=\"https:\/\/www.thedailystar.net\/views\/opinion\/news\/do-we-need-stricter-tobacco-control-3048361\"><em>Do we need stricter tobacco control?<\/em><\/a>, The Daily Star, publi\u00e9 le 16 juin 2022, consult\u00e9 le 18 janvier 2023.<\/p>\n<p style=\"text-align: justify;\"><a href=\"#_ftnref5\" name=\"_ftn5\">[5]<\/a> Abdullah SM, Wagner-Rizvi T, Huque R, Kanan S, Huque S, Ralston R, Collin J. <a href=\"https:\/\/tobaccocontrol.bmj.com\/content\/31\/Suppl_1\/s33\"><em>\u2019A contradiction between our state and the tobacco company\u2019: conflicts of interest and institutional constraints as barriers to implementing Article 5.3 in Bangladesh.<\/em><\/a> Tob Control, Epub ahead of print: [27\/01\/2022]. doi:10.1136\/tobaccocontrol-2021-057142.<\/p>\n<p><span style=\"color: #999999;\"><strong><a style=\"color: #999999;\" href=\"http:\/\/www.cnct.fr\/\" target=\"_blank\" rel=\"noopener noreferrer\">Comit\u00e9 national contre le tabagisme |<\/a><\/strong><\/span><\/p>\n","protected":false},"excerpt":{"rendered":"<p>Le Bangladesh, jusqu\u2019\u00e0 pr\u00e9sent ambivalent sur la question du tabac, semble d\u00e9cid\u00e9 \u00e0 mettre en place une g\u00e9n\u00e9ration sans tabac d\u2019ici 2040.<\/p>\n","protected":false},"featured_media":11357,"template":"","tags":[],"thematique":[480],"class_list":["post-20914","actualites","type-actualites","status-publish","has-post-thumbnail","hentry","thematique-environnement"],"acf":[],"_links":{"self":[{"href":"https:\/\/www.generationsanstabac.org\/fr\/wp-json\/wp\/v2\/actualites\/20914","targetHints":{"allow":["GET"]}}],"collection":[{"href":"https:\/\/www.generationsanstabac.org\/fr\/wp-json\/wp\/v2\/actualites"}],"about":[{"href":"https:\/\/www.generationsanstabac.org\/fr\/wp-json\/wp\/v2\/types\/actualites"}],"version-history":[{"count":0,"href":"https:\/\/www.generationsanstabac.org\/fr\/wp-json\/wp\/v2\/actualites\/20914\/revisions"}],"wp:featuredmedia":[{"embeddable":true,"href":"https:\/\/www.generationsanstabac.org\/fr\/wp-json\/wp\/v2\/media\/11357"}],"wp:attachment":[{"href":"https:\/\/www.generationsanstabac.org\/fr\/wp-json\/wp\/v2\/media?parent=20914"}],"wp:term":[{"taxonomy":"post_tag","embeddable":true,"href":"https:\/\/www.generationsanstabac.org\/fr\/wp-json\/wp\/v2\/tags?post=20914"},{"taxonomy":"thematique","embeddable":true,"href":"https:\/\/www.generationsanstabac.org\/fr\/wp-json\/wp\/v2\/thematique?post=20914"}],"curies":[{"name":"wp","href":"https:\/\/api.w.org\/{rel}","templated":true}]}}