{"id":20906,"date":"2023-01-05T15:08:33","date_gmt":"2023-01-05T14:08:33","guid":{"rendered":"https:\/\/www.generationsanstabac.org\/actualites\/industrie-tabac-doit-financer-ramassage-megots-espagne\/"},"modified":"2023-01-05T15:08:33","modified_gmt":"2023-01-05T14:08:33","slug":"industrie-tabac-doit-financer-ramassage-megots-espagne","status":"publish","type":"actualites","link":"https:\/\/www.generationsanstabac.org\/fr\/actualites\/industrie-tabac-doit-financer-ramassage-megots-espagne\/","title":{"rendered":"L\u2019industrie du tabac doit financer le ramassage des m\u00e9gots en Espagne"},"content":{"rendered":"<p style=\"text-align: justify;\"><em>Apr\u00e8s l\u2019Irlande<a href=\"#_ftn1\" name=\"_ftnref1\"><strong>[1]<\/strong><\/a>, c\u2019est au tour de l\u2019Espagne de mettre \u00e0 contribution les fabricants de tabac pour le financement du ramassage des m\u00e9gots dans les rues. Cette nouvelle loi, qui entrera en vigueur ce vendredi 6 janvier, transpose dans le droit interne espagnol la directive europ\u00e9enne relative aux plastiques \u00e0 usage unique, ou directive SUP<a href=\"#_ftn2\" name=\"_ftnref2\"><strong>[2]<\/strong><\/a>. <\/em><\/p>\n<p style=\"text-align: justify;\">Cette d\u00e9cision fait partie d&rsquo;un ensemble de mesures destin\u00e9es \u00e0 r\u00e9duire les d\u00e9chets \u00e0 usage unique et \u00e0 am\u00e9liorer le processus de recyclage des plastiques. Elle comprend entre autres l&rsquo;interdiction des couverts et assiettes en plastique \u00e0 usage unique, des cotons-tiges, des gobelets en polystyr\u00e8ne et des pailles en plastique, ainsi que la r\u00e9duction des emballages alimentaires en plastique. Les produits du tabac notamment par les filtres constitu\u00e9s d\u2019ac\u00e9tate de cellulose, comptent parmi les d\u00e9chets plastiques les plus r\u00e9pandus dans le monde, ind\u00e9pendamment m\u00eame de leur tr\u00e8s grande toxicit\u00e9. Ils ont donc \u00e9t\u00e9 inclus dans le champ d\u2019application de la directive.<\/p>\n<h2 style=\"text-align: justify;\"><strong>Un co\u00fbt encore \u00e0 d\u00e9finir<\/strong><\/h2>\n<p style=\"text-align: justify;\">Les modalit\u00e9s et le co\u00fbt de cette mesure de ramassage dans le domaine public stricto sensu restent encore \u00e0 d\u00e9finir. Selon une \u00e9tude catalane, le co\u00fbt se situerait entre 12 et 21 euros par citoyen et par an, soit un total pouvant atteindre 1 milliard d&rsquo;euros.<\/p>\n<p style=\"text-align: justify;\">Il est suppos\u00e9 que les fabricants de tabac r\u00e9percuteront le co\u00fbt sur le consommateur, ce qui constituera une incitation suppl\u00e9mentaire \u00e0 l\u2019arr\u00eat du tabac. Selon les statistiques gouvernementales de l&rsquo;ann\u00e9e derni\u00e8re, environ 22 % des Espagnols fument r\u00e9guli\u00e8rement (16,4 % des femmes et 23,3 % des hommes), contre une moyenne europ\u00e9enne de 18,4 %.<\/p>\n<h2 style=\"text-align: justify;\"><strong>Un risque d\u2019instrumentalisation de la part de l\u2019industrie du tabac<\/strong><\/h2>\n<p style=\"text-align: justify;\">La nouvelle r\u00e9glementation pr\u00e9voit que les fabricants de cigarettes seront \u00e9galement charg\u00e9s \u00ab d&rsquo;\u00e9duquer le public \u00e0 ne pas jeter les m\u00e9gots dans l\u2019espace public \u00bb. Cette d\u00e9marche fait porter la responsabilit\u00e9 de la pollution par les m\u00e9gots uniquement sur les consommateurs, en omettant que ces d\u00e9chets sont produits par les fabricants eux-m\u00eames. Ce transfert de responsabilit\u00e9 pose plusieurs probl\u00e8mes majeurs. Tout d\u2019abord, cela va \u00e0 l\u2019encontre du principe m\u00eame de pollueur-payeur qui doit faire porter la responsabilit\u00e9 sur le fabricant. Ensuite, cela occulte la mise en place de mesures \u00e9prouv\u00e9es permettant \u00e0 la fois de r\u00e9duire la pollution li\u00e9e aux m\u00e9gots mais \u00e9galement la consommation tabagique comme la mise en place d\u2019espaces sans tabac ou l\u2019interdiction pure du filtre qui n\u2019a aucune justification sanitaire. Enfin, cela offre une opportunit\u00e9 de communication \u00e0 l\u2019industrie du tabac qui pourra se pr\u00e9senter comme un acteur socialement responsable. Cette derni\u00e8re disposition va directement \u00e0 l\u2019encontre des obligations du pays \u00e0 l\u2019\u00e9gard des dispositions du trait\u00e9 de l\u2019OMS, la convention cadre pour la lutte antitabac, laquelle assimile cette forme de communication \u00e0 de la publicit\u00e9.<\/p>\n<p style=\"text-align: justify;\">La transposition espagnole de la directive europ\u00e9enne renvoie \u00e0 des d\u00e9faillances d\u00e9j\u00e0 point\u00e9es en France et \u00e9galement sur le plan international dans le cadre des n\u00e9gociations pour parvenir \u00e0 un trait\u00e9 sur le plastique.<\/p>\n<p style=\"text-align: justify;\"><strong>Mots-cl\u00e9s : Espagne, m\u00e9gots, plastique, d\u00e9chet, principe pollueur-payeur <\/strong><\/p>\n<p><strong><a href=\"https:\/\/www.generationsanstabac.org\/\">\u00a9G\u00e9n\u00e9ration Sans Tabac<\/a><\/strong><\/p>\n<p style=\"text-align: right;\"><em><strong>AE<\/strong><\/em><\/p>\n<hr \/>\n<p style=\"text-align: justify;\"><a href=\"#_ftnref1\" name=\"_ftn1\">[1]<\/a> G\u00e9n\u00e9ration sans tabac,<a href=\"https:\/\/www.generationsanstabac.org\/actualites\/irlande-lindustrie-du-tabac-doit-contribuer-au-financement-du-nettoyage-des-rues\/\"> Irlande : l\u2019industrie du tabac doit contribuer au financement du nettoyage des rues<\/a>, publi\u00e9 le 4 janvier 2023, consult\u00e9 le 5 janvier 2023<\/p>\n<p style=\"text-align: justify;\"><a href=\"#_ftnref2\" name=\"_ftn2\">[2]<\/a> Stephen Burgen, <a href=\"https:\/\/www.theguardian.com\/world\/2023\/jan\/03\/tobacco-companies-cleaning-up-cigarette-butts-spain\">Tobacco companies to be billed for cleaning up cigarette butts in Spain<\/a>, The Guardian, publi\u00e9 le 3 janvier 2023, consult\u00e9 le 5 janvier 2023<\/p>\n<p><span style=\"color: #999999;\"><strong><a style=\"color: #999999;\" href=\"http:\/\/www.cnct.fr\/\" target=\"_blank\" rel=\"noopener noreferrer\">Comit\u00e9 national contre le tabagisme |<\/a><\/strong><\/span><\/p>\n","protected":false},"excerpt":{"rendered":"<p>Apr\u00e8s l\u2019Irlande, c\u2019est au tour de l\u2019Espagne de mettre \u00e0 contribution les fabricants de tabac pour le financement du ramassage des m\u00e9gots.<\/p>\n","protected":false},"featured_media":20907,"template":"","tags":[],"thematique":[480],"class_list":["post-20906","actualites","type-actualites","status-publish","has-post-thumbnail","hentry","thematique-environnement"],"acf":[],"_links":{"self":[{"href":"https:\/\/www.generationsanstabac.org\/fr\/wp-json\/wp\/v2\/actualites\/20906","targetHints":{"allow":["GET"]}}],"collection":[{"href":"https:\/\/www.generationsanstabac.org\/fr\/wp-json\/wp\/v2\/actualites"}],"about":[{"href":"https:\/\/www.generationsanstabac.org\/fr\/wp-json\/wp\/v2\/types\/actualites"}],"version-history":[{"count":0,"href":"https:\/\/www.generationsanstabac.org\/fr\/wp-json\/wp\/v2\/actualites\/20906\/revisions"}],"wp:featuredmedia":[{"embeddable":true,"href":"https:\/\/www.generationsanstabac.org\/fr\/wp-json\/wp\/v2\/media\/20907"}],"wp:attachment":[{"href":"https:\/\/www.generationsanstabac.org\/fr\/wp-json\/wp\/v2\/media?parent=20906"}],"wp:term":[{"taxonomy":"post_tag","embeddable":true,"href":"https:\/\/www.generationsanstabac.org\/fr\/wp-json\/wp\/v2\/tags?post=20906"},{"taxonomy":"thematique","embeddable":true,"href":"https:\/\/www.generationsanstabac.org\/fr\/wp-json\/wp\/v2\/thematique?post=20906"}],"curies":[{"name":"wp","href":"https:\/\/api.w.org\/{rel}","templated":true}]}}