{"id":20904,"date":"2023-01-04T09:20:55","date_gmt":"2023-01-04T08:20:55","guid":{"rendered":"https:\/\/www.generationsanstabac.org\/actualites\/irlande-lindustrie-du-tabac-doit-contribuer-au-financement-du-nettoyage-des-rues\/"},"modified":"2023-01-04T09:20:55","modified_gmt":"2023-01-04T08:20:55","slug":"irlande-lindustrie-du-tabac-doit-contribuer-au-financement-du-nettoyage-des-rues","status":"publish","type":"actualites","link":"https:\/\/www.generationsanstabac.org\/fr\/actualites\/irlande-lindustrie-du-tabac-doit-contribuer-au-financement-du-nettoyage-des-rues\/","title":{"rendered":"Irlande : l\u2019industrie du tabac doit contribuer au financement du nettoyage des rues"},"content":{"rendered":"<p style=\"text-align: justify;\"><em>Depuis le 1<sup>er<\/sup> janvier, les compagnies de tabac doivent contribuer financi\u00e8rement au nettoyage des rues en Irlande, en vertu d\u2019une nouvelle l\u00e9gislation gouvernementale, qui transpose dans le droit interne irlandais la directive europ\u00e9enne relative aux plastiques \u00e0 usage unique, ou directive SUP. Le Tobacco Free Institute, qui a approuv\u00e9 la n\u00e9cessit\u00e9 de faire supporter une partie du co\u00fbt financier de la pollution par les compagnies de tabac, alerte toutefois sur le risque que cette nouvelle l\u00e9gislation soit suivie par des strat\u00e9gies d\u2019\u00e9coblanchiment de la part des cigarettiers. <\/em><\/p>\n<p style=\"text-align: justify;\">Selon le National Litter Pollution Monitoring System, plus de la moiti\u00e9 des d\u00e9chets ramass\u00e9s en Irlande sont des m\u00e9gots. Cette forte pollution s\u2019accompagne de co\u00fbts financiers pour les pouvoirs publics : en 2021, 85 millions d\u2019euros ont \u00e9t\u00e9 d\u00e9pens\u00e9s par les collectivit\u00e9s locales pour le nettoyage des rues, dont 36 millions d\u2019euros \u00e0 Dublin<a href=\"#_ftn1\" name=\"_ftnref1\">[1]<\/a>.<\/p>\n<p style=\"text-align: justify;\">Le montant exact de la contribution financi\u00e8re n\u2019est pas encore fix\u00e9, en raison du fait que les donn\u00e9es sur les m\u00e9gots de cigarettes sont encore incompl\u00e8tes. Au cours du mois de janvier, une soci\u00e9t\u00e9 statutaire, plac\u00e9 sous la tutelle du minist\u00e8re de l\u2019Environnement, devra \u00eatre mise en place pour que les producteurs se conforment \u00e0 la directive europ\u00e9enne. La nouvelle l\u00e9gislation, qui s\u2019applique en priorit\u00e9 aux cigarettiers, ne concerne pas uniquement le secteur tabac, et fera progressivement contribuer les engins de p\u00eache, les ballons et les lingettes, dans le cadre de la responsabilit\u00e9 \u00e9largie des producteurs. Les producteurs deviendront ainsi responsables de l\u2019ensemble du cycle de vie de leurs produits, y compris des co\u00fbts de fin d\u2019utilisation.<\/p>\n<h2 style=\"text-align: justify;\"><strong>Les modalit\u00e9s concr\u00e8tes de la contribution en Irlande encore en suspens<\/strong><\/h2>\n<p style=\"text-align: justify;\">A ce jour, les modalit\u00e9s concr\u00e8tes de cette contribution ne sont donc pas totalement connues. Pour Luke Clancy, directeur g\u00e9n\u00e9ral du Tobacco Free Institute, tout l\u2019enjeu r\u00e9side pr\u00e9cis\u00e9ment dans la concr\u00e9tisation de ce nouveau programme<a href=\"#_ftn2\" name=\"_ftnref2\">[2]<\/a>. En effet, une telle initiative peut \u00eatre instrumentalis\u00e9e par l\u2019industrie du tabac dans une strat\u00e9gie de renormalisation du tabagisme, ou dans un esprit d\u2019\u00e9coblanchiment, visant \u00e0 redorer l\u2019image des cigarettiers aupr\u00e8s des consommateurs comme aupr\u00e8s des d\u00e9cideurs publics. Pour les ONG de lutte contre le tabagisme, au regard de la sp\u00e9cificit\u00e9 du secteur, directement responsable de co\u00fbts humains, sanitaires, \u00e9conomiques, sociaux ou environnementaux colossaux, la contribution de l\u2019industrie du tabac doit \u00eatre exclusivement financi\u00e8re et contraignante, et ne doit pas lui permettre de se pr\u00e9senter comme un acteur socialement responsable.<\/p>\n<h2><strong>Apr\u00e8s le mauvais exemple de la France, les ONG de sant\u00e9 publique demeurent vigilantes<\/strong><\/h2>\n<p style=\"text-align: justify;\">Ainsi, comme le rappelle Luke Clancy, ce retournement du principe de la responsabilit\u00e9 \u00e9largie des producteurs a \u00e9t\u00e9 observ\u00e9 en France, \u00e0 travers la mise en place d\u2019un \u00e9co-organisme, <a href=\"https:\/\/www.generationsanstabac.org\/actualites\/alcome-le-nouvel-arrete-apporte-des-modifications-mineures-a-leco-organisme-decrie-par-la-sante-publique\/\">Alcome<\/a>, agr\u00e9\u00e9 par les pouvoirs publics, mais \u00e9manant exclusivement des fabricants de tabac et de la Conf\u00e9d\u00e9ration des buralistes. De ce fait, l\u2019\u00e9co-organisme \u00e9lude int\u00e9gralement la responsabilit\u00e9 de l\u2019industrie du tabac dans la pollution g\u00e9n\u00e9r\u00e9e par les m\u00e9gots, en la faisant reposer sur les seuls fumeurs, tandis qu\u2019il pr\u00e9voit la mise en place de mesures reconnues comme contreproductives, \u00e0 l\u2019instar de la distribution de cendriers de poches, tout en omettant des dispositions d\u00e9montr\u00e9es comme efficaces (suppression du filtre, multiplication des espaces sans tabac, etc).<\/p>\n<p><strong>Mots-cl\u00e9s : Irlande<\/strong><\/p>\n<p><strong><a href=\"https:\/\/www.generationsanstabac.org\/\">\u00a9G\u00e9n\u00e9ration Sans Tabac<\/a><\/strong><\/p>\n<p style=\"text-align: right;\"><em><strong>FT<\/strong><\/em><\/p>\n<hr \/>\n<p style=\"text-align: justify;\"><a href=\"#_ftnref1\" name=\"_ftn1\">[1]<\/a> Irish Times, <a href=\"https:\/\/www.irishtimes.com\/health\/2022\/12\/30\/tobacco-firms-to-pay-for-street-cleaning-under-new-legislation\/\">Tobacco firms to pay for street cleaning under new legislation<\/a>, 31\/12\/2022, (consult\u00e9 le 03\/01\/2023)<\/p>\n<p style=\"text-align: justify;\"><a href=\"#_ftnref2\" name=\"_ftn2\">[2]<\/a> News Talk, <a href=\"https:\/\/www.newstalk.com\/news\/anti-smoking-group-warns-of-tobacco-giants-greenwashing-new-legislation-1415349\">Tobacco companies will start contributing to Ireland&rsquo;s street cleaning bills from tomorrow under new government legislation<\/a>, 31\/12\/2022, (consult\u00e9 le 03\/01\/2023)<\/p>\n<p style=\"text-align: justify;\"><span style=\"color: #999999;\"><strong><a style=\"color: #999999;\" href=\"http:\/\/www.cnct.fr\/\" target=\"_blank\" rel=\"noopener noreferrer\">Comit\u00e9 national contre le tabagisme |<\/a><\/strong><\/span><\/p>\n","protected":false},"excerpt":{"rendered":"<p>Depuis le 1er janvier, les compagnies de tabac doivent contribuer financi\u00e8rement au nettoyage des rues en Irlande, en vertu d\u2019une nouvelle l\u00e9gislation gouvernementale.<\/p>\n","protected":false},"featured_media":11340,"template":"","tags":[],"thematique":[480],"class_list":["post-20904","actualites","type-actualites","status-publish","has-post-thumbnail","hentry","thematique-environnement"],"acf":[],"_links":{"self":[{"href":"https:\/\/www.generationsanstabac.org\/fr\/wp-json\/wp\/v2\/actualites\/20904","targetHints":{"allow":["GET"]}}],"collection":[{"href":"https:\/\/www.generationsanstabac.org\/fr\/wp-json\/wp\/v2\/actualites"}],"about":[{"href":"https:\/\/www.generationsanstabac.org\/fr\/wp-json\/wp\/v2\/types\/actualites"}],"version-history":[{"count":0,"href":"https:\/\/www.generationsanstabac.org\/fr\/wp-json\/wp\/v2\/actualites\/20904\/revisions"}],"wp:featuredmedia":[{"embeddable":true,"href":"https:\/\/www.generationsanstabac.org\/fr\/wp-json\/wp\/v2\/media\/11340"}],"wp:attachment":[{"href":"https:\/\/www.generationsanstabac.org\/fr\/wp-json\/wp\/v2\/media?parent=20904"}],"wp:term":[{"taxonomy":"post_tag","embeddable":true,"href":"https:\/\/www.generationsanstabac.org\/fr\/wp-json\/wp\/v2\/tags?post=20904"},{"taxonomy":"thematique","embeddable":true,"href":"https:\/\/www.generationsanstabac.org\/fr\/wp-json\/wp\/v2\/thematique?post=20904"}],"curies":[{"name":"wp","href":"https:\/\/api.w.org\/{rel}","templated":true}]}}