{"id":20879,"date":"2022-12-05T14:48:20","date_gmt":"2022-12-05T13:48:20","guid":{"rendered":"https:\/\/www.generationsanstabac.org\/actualites\/kenya-le-president-interpelle-sur-le-commerce-et-la-culture-du-tabac\/"},"modified":"2022-12-05T14:48:20","modified_gmt":"2022-12-05T13:48:20","slug":"kenya-le-president-interpelle-sur-le-commerce-et-la-culture-du-tabac","status":"publish","type":"actualites","link":"https:\/\/www.generationsanstabac.org\/fr\/actualites\/kenya-le-president-interpelle-sur-le-commerce-et-la-culture-du-tabac\/","title":{"rendered":"Kenya : le Pr\u00e9sident interpell\u00e9 sur le commerce et la culture du tabac"},"content":{"rendered":"<p style=\"text-align: justify;\"><em>Un accord commercial bilat\u00e9ral avec la Cor\u00e9e du Sud pr\u00e9voit l\u2019augmentation des livraisons de tabac par le Kenya, alors que le Pr\u00e9sident s\u2019\u00e9tait engag\u00e9 \u00e0 r\u00e9duire sa culture. L\u2019Alliance kenyanne pour le contr\u00f4le du tabac lui demande de revenir sur cet accord et de promouvoir les cultures vivri\u00e8res. <\/em><\/p>\n<p style=\"text-align: justify;\">Plusieurs \u00e9tudes ont montr\u00e9 que, dans la plupart des pays et tout particuli\u00e8rement au Kenya, la culture du tabac ne profite ni aux cultivateurs, ni aux \u00e9tats, mais essentiellement aux industriels du tabac<a href=\"#_ftn1\" name=\"_ftnref1\">[1]<\/a>. Ce constat avait conduit \u00e0 inscrire dans le Tobacco Control Act du Kenya, en 2007, la r\u00e9sorption continuelle de la culture du tabac. En mars 2022, le projet \u00ab Fermes sans tabac \u00bb avait \u00e9t\u00e9 lanc\u00e9 dans l\u2019Ouest du pays par l\u2019Organisation Mondiale de la Sant\u00e9 (OMS), le Programme alimentaire mondial (PAM) et l\u2019Organisation des Nations Unies pour la nourriture et l\u2019agriculture (FAO), en collaboration avec le gouvernement kenyan<a href=\"#_ftn2\" name=\"_ftnref2\">[2]<\/a>.<\/p>\n<p style=\"text-align: justify;\">Malgr\u00e9 cet \u00e9tat de fait, le Pr\u00e9sident kenyan Willam Ruto a r\u00e9cemment sign\u00e9 avec la Cor\u00e9e du Sud un accord bilat\u00e9ral pr\u00e9voyant l\u2019augmentation des exportations de th\u00e9, de caf\u00e9 et de tabac. Craignant que cela ne conduise \u00e0 augmenter la surface agricole consacr\u00e9e au tabac, l\u2019Alliance kenyanne pour le contr\u00f4le du tabac (KETCA) a \u00e9crit au Pr\u00e9sident pour le placer face \u00e0 ses engagements et lui demander de revenir sur cet accord<a href=\"#_ftn3\" name=\"_ftnref3\">[3]<\/a>.<\/p>\n<h2 style=\"text-align: justify;\"><strong>Des cultivateurs expos\u00e9s aux maladies de la culture du tabac<\/strong><\/h2>\n<p style=\"text-align: justify;\">En s\u2019appuyant sur les \u00e9tudes scientifiques, la KETCA a soulign\u00e9 les nombreux inconv\u00e9nients de la culture du tabac : non seulement elle ne permet pas aux 55 000 cultivateurs de tabac k\u00e9nyans de s\u2019extraire de leur pauvret\u00e9 structurelle, mais elle expose ces travailleurs \u00e0 la <a href=\"https:\/\/www.generationsanstabac.org\/actualites\/empoisonnement-a-la-nicotine-la-maladie-du-tabac-vert\/\">maladie du tabac vert<\/a> et \u00e0 d\u2019autres affections, et elle induit une forte pression sur les ressources <a href=\"https:\/\/www.generationsanstabac.org\/article\/lindustrie-du-tabac-et-environnement\/\">environnementales<\/a> (terres, eau, for\u00eats).<\/p>\n<p style=\"text-align: justify;\">La maladie du tabac vert se contracte par l\u2019exposition de la peau \u00e0 la nicotine pr\u00e9sente sur les feuilles humides de tabac. Elle s\u2019accompagne de nombreux sympt\u00f4mes (naus\u00e9es, vomissements, vertiges, maux de t\u00eate, frissons, diarrh\u00e9es, prostration\u2026) et affecte davantage les enfants et les femmes enceintes. D\u2019autres maladies li\u00e9es \u00e0 la culture du tabac peuvent cependant survenir, notamment celles dues \u00e0 l\u2019exposition \u00e0 la fum\u00e9e de bois durant le s\u00e9chage et l\u2019assainissement des feuilles de tabac.<\/p>\n<h2 style=\"text-align: justify;\"><strong>La culture du tabac, moins rentable que les cultures vivri\u00e8res<\/strong><\/h2>\n<p style=\"text-align: justify;\">La faible rentabilit\u00e9 de la culture du tabac a, quant \u00e0 elle, \u00e9t\u00e9 d\u00e9montr\u00e9e, notamment en ce qu\u2019elle n\u00e9cessite une tr\u00e8s importante main d\u2019\u0153uvre, ce qui oblige fr\u00e9quemment les cultivateurs \u00e0 faire travailler leurs enfants. De nombreux programmes port\u00e9s par les Nations Unies ont prouv\u00e9 que la substitution de cultures vivri\u00e8res aux plantations de tabac se r\u00e9v\u00e8le plus efficace pour r\u00e9sorber la famine et la pauvret\u00e9 extr\u00eame, tout en limitant les atteintes environnementales et l\u2019\u00e9puisement des ressources. C\u2019est en ce sens que l\u2019OMS a plac\u00e9 la prochaine Journ\u00e9e mondiale sans tabac sous le signe de l\u2019autosuffisance alimentaire<a href=\"#_ftn4\" name=\"_ftnref4\">[4]<\/a>.<\/p>\n<p style=\"text-align: justify;\">Second pays au monde, apr\u00e8s la Norv\u00e8ge, \u00e0 avoir ratifi\u00e9 la Convention-cadre pour la lutte antitabac (<a href=\"https:\/\/fctc.who.int\/fr\/home\">CCLAT<\/a>) d\u00e8s 2004, le Kenya fut aussi l\u2019un des premiers pays africains \u00e0 engager une ferme lutte contre le tabagisme avec son Tobacco Control Act, en 2007. Le Pr\u00e9sident Ruto avait pour sa part renouvel\u00e9 son engagement de r\u00e9duire les maladies non transmissibles, dont le tabagisme est la premi\u00e8re cause.<\/p>\n<p style=\"text-align: justify;\"><em>Pour aller plus loin, lire notre <\/em><a href=\"https:\/\/www.generationsanstabac.org\/article\/le-tabac-comme-obstacle-au-developpement-le-cas-du-malawi\/\"><em>dossier<\/em><\/a><em> sur la culture du tabac en Afrique. <\/em><\/p>\n<p style=\"text-align: justify;\"><strong>Mots-cl\u00e9s : Kenya, commerce, culture, maladie du tabac vert, OMS<\/strong><\/p>\n<p><strong><a href=\"https:\/\/www.generationsanstabac.org\/\">\u00a9G\u00e9n\u00e9ration Sans Tabac<\/a><\/strong><\/p>\n<p style=\"text-align: right;\"><strong><em>MF<\/em><\/strong><\/p>\n<hr \/>\n<p style=\"text-align: justify;\"><a href=\"#_ftnref1\" name=\"_ftn1\">[1]<\/a> Magati P, Lencucha R, Li Q, Drope J, Labonte R, Appau AB, Makoka D, Goma F, Zulu R. <a href=\"https:\/\/pubmed.ncbi.nlm.nih.gov\/29967193\/\"><em>Costs, contracts and the narrative of prosperity: an economic analysis of smallholder tobacco farming livelihoods in Kenya<\/em><\/a>. Tob Control. 2019 May;28(3):268-273.<\/p>\n<p style=\"text-align: justify;\"><a href=\"#_ftnref2\" name=\"_ftn2\">[2]<\/a> <a href=\"https:\/\/www.afro.who.int\/countries\/kenya\/news\/launch-tobacco-free-farms-kenya\"><em>Launch of tobacco-free farms in Kenya<\/em><\/a>, WHO, publi\u00e9 le 23 mars 2022, consult\u00e9 le 2 d\u00e9cembre 2022.<\/p>\n<p style=\"text-align: justify;\"><a href=\"#_ftnref3\" name=\"_ftn3\">[3]<\/a> Saya M, <a href=\"https:\/\/www.the-star.co.ke\/news\/2022-12-01-lobby-wants-state-to-reconsider-decision-on-tobacco-export\/\"><em>Lobby wants state to reconsider decision on tobacco export<\/em><\/a>, The Star, publi\u00e9 le 1er d\u00e9cembre 2022, consult\u00e9 le 2 d\u00e9cembre 2022.<\/p>\n<p style=\"text-align: justify;\"><a href=\"#_ftnref4\" name=\"_ftn4\">[4]<\/a> <a href=\"https:\/\/www.who.int\/news\/item\/07-11-2022-we-need-food--not-tobacco---focus-of-the-world-no-tobacco-day-2023\"><em>We need food, not tobacco \u2013 focus of World No Tobacco Day 2023<\/em><\/a>, WHO, publi\u00e9 le 7 novembre 2022, consult\u00e9 le 2 d\u00e9cembre 2022.<\/p>\n<p><span style=\"color: #999999;\"><strong><a style=\"color: #999999;\" href=\"http:\/\/www.cnct.fr\/\" target=\"_blank\" rel=\"noopener noreferrer\">Comit\u00e9 national contre le tabagisme |<\/a><\/strong><\/span><\/p>\n","protected":false},"excerpt":{"rendered":"<p>Un accord commercial bilat\u00e9ral avec la Cor\u00e9e du Sud pr\u00e9voit l\u2019augmentation des livraisons de tabac par le Kenya, alors que le Pr\u00e9sident s\u2019\u00e9tait engag\u00e9 \u00e0 r\u00e9duire sa culture. L\u2019Alliance kenyanne pour le contr\u00f4le du tabac lui demande de revenir sur cet accord et de promouvoir les cultures vivri\u00e8res.<\/p>\n","protected":false},"featured_media":19675,"template":"","tags":[],"thematique":[480],"class_list":["post-20879","actualites","type-actualites","status-publish","has-post-thumbnail","hentry","thematique-environnement"],"acf":[],"_links":{"self":[{"href":"https:\/\/www.generationsanstabac.org\/fr\/wp-json\/wp\/v2\/actualites\/20879","targetHints":{"allow":["GET"]}}],"collection":[{"href":"https:\/\/www.generationsanstabac.org\/fr\/wp-json\/wp\/v2\/actualites"}],"about":[{"href":"https:\/\/www.generationsanstabac.org\/fr\/wp-json\/wp\/v2\/types\/actualites"}],"version-history":[{"count":0,"href":"https:\/\/www.generationsanstabac.org\/fr\/wp-json\/wp\/v2\/actualites\/20879\/revisions"}],"wp:featuredmedia":[{"embeddable":true,"href":"https:\/\/www.generationsanstabac.org\/fr\/wp-json\/wp\/v2\/media\/19675"}],"wp:attachment":[{"href":"https:\/\/www.generationsanstabac.org\/fr\/wp-json\/wp\/v2\/media?parent=20879"}],"wp:term":[{"taxonomy":"post_tag","embeddable":true,"href":"https:\/\/www.generationsanstabac.org\/fr\/wp-json\/wp\/v2\/tags?post=20879"},{"taxonomy":"thematique","embeddable":true,"href":"https:\/\/www.generationsanstabac.org\/fr\/wp-json\/wp\/v2\/thematique?post=20879"}],"curies":[{"name":"wp","href":"https:\/\/api.w.org\/{rel}","templated":true}]}}