{"id":20876,"date":"2022-12-02T10:09:04","date_gmt":"2022-12-02T09:09:04","guid":{"rendered":"https:\/\/www.generationsanstabac.org\/actualites\/australie-veut-muscler-ses-mesures-antitabac-et-antivape\/"},"modified":"2022-12-02T10:09:04","modified_gmt":"2022-12-02T09:09:04","slug":"australie-veut-muscler-ses-mesures-antitabac-et-antivape","status":"publish","type":"actualites","link":"https:\/\/www.generationsanstabac.org\/fr\/actualites\/australie-veut-muscler-ses-mesures-antitabac-et-antivape\/","title":{"rendered":"L\u2019Australie veut muscler ses mesures antitabac et antivape"},"content":{"rendered":"<p style=\"text-align: justify;\"><em>Le ministre de la Sant\u00e9 australien a annonc\u00e9 une s\u00e9rie de mesures destin\u00e9es \u00e0 mieux encadrer les importations, la pr\u00e9sentation, la vente et la promotion des produits du tabac et de la nicotine. L\u2019ensemble de ces mesures placerait \u00e0 nouveau l\u2019Australie en t\u00eate de la lutte mondiale contre le tabagisme.<\/em><\/p>\n<p style=\"text-align: justify;\">C\u2019est en c\u00e9l\u00e9brant, le 29 novembre dernier, le dixi\u00e8me anniversaire de l\u2019introduction du paquet neutre en Australie \u2013 alors une premi\u00e8re mondiale \u2013 que Mark Butler, le ministre de la Sant\u00e9, a annonc\u00e9 une s\u00e9rie de nouvelles mesures destin\u00e9e \u00e0 r\u00e9duire aussi bien le tabagisme que le vapotage. Cet arsenal de mesures semble indispensable si l\u2019Australie entend tenir ses objectifs de porter la pr\u00e9valence du tabagisme quotidien \u00e0 10 % en 2025 et \u00e0 5 % ou moins en 2030.<\/p>\n<h2 style=\"text-align: justify;\"><strong>Renforcement des dispositions sur les produits du tabac<\/strong><\/h2>\n<p style=\"text-align: justify;\">Parmi les mesures envisag\u00e9es pour les produits du tabac, plusieurs concernent les cigarettes elles-m\u00eames. L\u2019id\u00e9e d\u2019apposer un avertissement sanitaire sur les cigarettes, comme le pr\u00e9voit le Canada, est examin\u00e9e et mise en balance avec celle de d\u2019imposer au papier des cigarettes une couleur inhabituelle et dissuasive. La taille des cigarettes et des filtres pourrait devenir standardis\u00e9e. Le gouvernement f\u00e9d\u00e9ral souhaiterait \u00e9galement supprimer tous les additifs, et donc tous les ar\u00f4mes, y compris ceux \u00e0 base de menthol.<\/p>\n<p style=\"text-align: justify;\">L\u2019emballage des cigarettes est lui aussi vis\u00e9, en proposant une standardisation des formats et des tailles des paquets. Le renouvellement des avertissements sanitaires para\u00eet n\u00e9cessaire, tout comme l\u2019interdiction des des marques et des libell\u00e9s de type \u00ab biologique \u00bb, sugg\u00e9rant un tabac moins nocif.  Des vignettes d\u2019information comprenant des avertissements sanitaires pourraient \u00eatre ins\u00e9r\u00e9es dans les paquets de cigarettes et de tabac \u00e0 rouler. La taille des emballages de tabac \u00e0 rouler serait \u00e9galement modifi\u00e9e afin de rendre ces produits moins attractifs. Il est enfin pr\u00e9vu de combler les diff\u00e9rentes failles juridiques qui ont permis aux industriels du tabac de promouvoir sur les r\u00e9seaux sociaux leurs nouveaux produits, comme le tabac chauff\u00e9.<\/p>\n<h2 style=\"text-align: justify;\"><strong>Consultation sur les mesures \u00e0 adopter pour les cigarettes \u00e9lectroniques<\/strong><\/h2>\n<p style=\"text-align: justify;\">Concernant les produits de vapotage, une consultation publique de six semaines a \u00e9t\u00e9 lanc\u00e9e, afin de recueillir les propositions de la soci\u00e9t\u00e9 civile en mati\u00e8re d\u2019importation, d\u2019\u00e9valuation avant la mise sur le march\u00e9, d\u2019identification des produits, d\u2019emballages et de publicit\u00e9<a href=\"#_ftn1\" name=\"_ftnref1\">[1]<\/a>. Les associations de sant\u00e9 australiennes, qui r\u00e9clamaient depuis des ann\u00e9es des avanc\u00e9es sur les cigarettes \u00e9lectroniques, ont imm\u00e9diatement r\u00e9pondu \u00e0 cet appel. De nombreuses propositions ont d\u00e9j\u00e0 \u00e9t\u00e9 sugg\u00e9r\u00e9es, telles le respect de l\u2019arr\u00eat de toute importation, personnelle ou professionnelle, et la vente de cigarettes \u00e9lectroniques, \u00e0 l\u2019exception des personnes munies d\u2019une ordonnance pour sevrage tabagique, dispositions par ailleurs d\u00e9j\u00e0 act\u00e9es<a href=\"#_ftn2\" name=\"_ftnref2\">[2]<\/a>. L\u2019alignement des cigarettes \u00e9lectroniques, avec ou sans nicotine, sur la l\u00e9gislation des produits du tabac est jug\u00e9e n\u00e9cessaire, qu\u2019il s\u2019agisse des emballages ou de la publicit\u00e9, de la promotion et du parrainage. Une limitation des concentrations de nicotine dans les e-liquides \u00e0 20 mg\/ml, au lieu de 100 mg\/ml actuellement, est aussi pr\u00e9conis\u00e9e. Il est enfin souhait\u00e9 d\u2019imposer davantage de transparence aux producteurs de cigarettes \u00e9lectroniques, sur les plans de la composition des produits, des \u00e9missions produites, des volumes de vente, des prix, de la publicit\u00e9 et du parrainage<a href=\"#_ftn3\" name=\"_ftnref3\">[3]<\/a>.<\/p>\n<h2 style=\"text-align: justify;\"><strong>Un pays en pleine \u00e9pid\u00e9mie p\u00e9diatrique, du fait des \u00ab puffs \u00bb<\/strong><\/h2>\n<p style=\"text-align: justify;\">Le Pr Steve Robson, pr\u00e9sident de l\u2019Association m\u00e9dicale australienne (AMA), a salu\u00e9 cette initiative et n\u2019a pas manqu\u00e9 d\u2019\u00e9corcher le gouvernement pr\u00e9c\u00e9dent : <em>\u00ab L\u2019\u00e9chec de la r\u00e9vision des lois permissives en vue de freiner l\u2019industrie du tabac et de la vape a constitu\u00e9, durant la d\u00e9cennie pr\u00e9c\u00e9dente, une opportunit\u00e9 rat\u00e9e pour les politiques de sant\u00e9 publique, ce qui a conduit \u00e0 cr\u00e9er la prochaine g\u00e9n\u00e9ration de jeunes gens d\u00e9pendants de la nicotine. \u00bb<\/em><a href=\"#_ftn4\" name=\"_ftnref4\">[4]<\/a><\/p>\n<p style=\"text-align: justify;\">Bien que l\u2019importation, la vente et la possession de cigarettes \u00e9lectroniques soient en principe d\u00e9j\u00e0 limit\u00e9es, depuis le 1<sup>er<\/sup> octobre 2021 en Australie, aux personnes munies d\u2019une <a href=\"https:\/\/www.generationsanstabac.org\/actualites\/interdiction-du-vapotage-recreatif-en-australie\/\">ordonnance<\/a>, cette loi semble peu appliqu\u00e9e. Comme dans d\u2019autres pays, l\u2019\u00e9pid\u00e9mie de cigarettes \u00e9lectroniques jetables (\u00ab puffs \u00bb) para\u00eet avoir particuli\u00e8rement touch\u00e9 les jeunes, les adolescents et m\u00eame les enfants australiens. Le cas d\u2019un adolescent de 13 ans sollicitant la ligne d\u2019\u00e9coute pour le sevrage tabagique du fait de son addiction aux puffs a \u00e9mu l\u2019opinion publique comme les soignants. Certains p\u00e9diatres indiquent inclure aujourd\u2019hui syst\u00e9matiquement dans leur consultation des questions sur l\u2019usage des puffs, face \u00e0 la multiplication des situations de manque et d\u2019addiction touchant des adolescents ou des enfants<a href=\"#_ftn5\" name=\"_ftnref5\">[5]<\/a>. Afin de contourner les restrictions de vente, de nombreuses cigarettes \u00e9lectroniques sont en effet libell\u00e9es par leurs fabricants comme \u00e9tant sans nicotine mais en contiennent tout de m\u00eame, pi\u00e9geant ainsi les consommateurs et notamment les plus jeunes.<\/p>\n<p style=\"text-align: justify;\"><strong>Mots-cl\u00e9s : Australie, jeunes, paquet neutre, r\u00e9glementation, ordonnance<\/strong><\/p>\n<p><strong><a href=\"https:\/\/www.generationsanstabac.org\/\">\u00a9G\u00e9n\u00e9ration Sans Tabac<\/a><\/strong><\/p>\n<p style=\"text-align: right;\"><strong><em>MF<\/em><\/strong><\/p>\n<hr \/>\n<p style=\"text-align: justify;\"><a href=\"#_ftnref1\" name=\"_ftn1\">[1]<\/a> Davey M, Beazley J, <a href=\"https:\/\/www.theguardian.com\/australia-news\/2022\/nov\/30\/nicotine-e-cigarette-import-labelling-laws-tackle-teen-vaping-australia\"><em>Australia to consider tougher nicotine e-cigarette import and labelling laws to tackle teen vaping<\/em><\/a>, The Guardian, publi\u00e9 le 29 novembre 2022, consult\u00e9 le 1er d\u00e9cembre 2022.<\/p>\n<p style=\"text-align: justify;\"><a href=\"#_ftnref2\" name=\"_ftn2\">[2]<\/a> VicHealth, <a href=\"https:\/\/www.vichealth.vic.gov.au\/media-and-resources\/media-releases\/australia-world-leader-tobacco-control?utm_source=miragenews&amp;utm_medium=miragenews&amp;utm_campaign=news\"><em>VicHealth welcomes the Australian Government\u2019s announcement of new legislation to reduce harm from tobacco and e-cigarettes and protect Australians from the predatory tactics of Big Tobacco<\/em><\/a>, publi\u00e9 le 1er d\u00e9cembre 2022, consult\u00e9 le 1er d\u00e9cembre 2022.<\/p>\n<p style=\"text-align: justify;\"><a href=\"#_ftnref3\" name=\"_ftn3\">[3]<\/a> Cancer Council, <a href=\"https:\/\/www.cancer.org.au\/media-releases\/2022\/cancer-council-welcomes-reforms-that-will-bring-australia-tobacco-control-into-the-21st-century\/?utm_source=miragenews&amp;utm_medium=miragenews&amp;utm_campaign=news\"><em>Cancer Council welcomes new reforms that will bring Australia\u2019s tobacco control into the 21st century<\/em><\/a>, publi\u00e9 le 29 novembre 2022, consult\u00e9 le 1er d\u00e9cembre 2022.<\/p>\n<p style=\"text-align: justify;\"><a href=\"#_ftnref4\" name=\"_ftn4\">[4]<\/a> AMA, <a href=\"https:\/\/www.ama.com.au\/media\/ama-welcomes-government-moves-tighten-tobacco-and-vaping-laws\"><em>AMA welcomes government moves to tighten tobacco and vaping laws<\/em><\/a>, publi\u00e9 le 30 novembre 2022, consult\u00e9 le 1er d\u00e9cembre 2022.<\/p>\n<p style=\"text-align: justify;\"><a href=\"#_ftnref5\" name=\"_ftn5\">[5]<\/a> Davey M, Rose T, <a href=\"https:\/\/www.theguardian.com\/australia-news\/2022\/nov\/29\/government-to-crack-down-on-nicotine-e-cigarettes-as-rates-of-teen-vaping-skyrocket\"><em>Australian government to crack down on nicotine e-cigarettes as rates of teen vaping skyrocket<\/em><\/a>, The Guardian, publi\u00e9 le 29 novembre 2022, consult\u00e9 le 1er d\u00e9cembre 2022.<\/p>\n<p><span style=\"color: #999999;\"><strong><a style=\"color: #999999;\" href=\"http:\/\/www.cnct.fr\/\" target=\"_blank\" rel=\"noopener noreferrer\">Comit\u00e9 national contre le tabagisme |<\/a><\/strong><\/span><\/p>\n","protected":false},"excerpt":{"rendered":"<p>Le ministre de la Sant\u00e9 australien a annonc\u00e9 une s\u00e9rie de mesures destin\u00e9es \u00e0 mieux encadrer les importations, la pr\u00e9sentation, la vente et la promotion des produits du tabac et de la nicotine. L\u2019ensemble de ces mesures placerait \u00e0 nouveau l\u2019Australie en t\u00eate de la lutte mondiale contre le tabagisme.<\/p>\n","protected":false},"featured_media":11300,"template":"","tags":[],"thematique":[516,491],"class_list":["post-20876","actualites","type-actualites","status-publish","has-post-thumbnail","hentry","thematique-nouveaux-produits","thematique-politiques-publiques"],"acf":[],"_links":{"self":[{"href":"https:\/\/www.generationsanstabac.org\/fr\/wp-json\/wp\/v2\/actualites\/20876","targetHints":{"allow":["GET"]}}],"collection":[{"href":"https:\/\/www.generationsanstabac.org\/fr\/wp-json\/wp\/v2\/actualites"}],"about":[{"href":"https:\/\/www.generationsanstabac.org\/fr\/wp-json\/wp\/v2\/types\/actualites"}],"version-history":[{"count":0,"href":"https:\/\/www.generationsanstabac.org\/fr\/wp-json\/wp\/v2\/actualites\/20876\/revisions"}],"wp:featuredmedia":[{"embeddable":true,"href":"https:\/\/www.generationsanstabac.org\/fr\/wp-json\/wp\/v2\/media\/11300"}],"wp:attachment":[{"href":"https:\/\/www.generationsanstabac.org\/fr\/wp-json\/wp\/v2\/media?parent=20876"}],"wp:term":[{"taxonomy":"post_tag","embeddable":true,"href":"https:\/\/www.generationsanstabac.org\/fr\/wp-json\/wp\/v2\/tags?post=20876"},{"taxonomy":"thematique","embeddable":true,"href":"https:\/\/www.generationsanstabac.org\/fr\/wp-json\/wp\/v2\/thematique?post=20876"}],"curies":[{"name":"wp","href":"https:\/\/api.w.org\/{rel}","templated":true}]}}