{"id":20869,"date":"2022-11-23T13:00:41","date_gmt":"2022-11-23T12:00:41","guid":{"rendered":"https:\/\/www.generationsanstabac.org\/actualites\/succes-des-espaces-sans-tabac-aux-pays-bas\/"},"modified":"2022-11-23T13:00:41","modified_gmt":"2022-11-23T12:00:41","slug":"succes-des-espaces-sans-tabac-aux-pays-bas","status":"publish","type":"actualites","link":"https:\/\/www.generationsanstabac.org\/fr\/actualites\/succes-des-espaces-sans-tabac-aux-pays-bas\/","title":{"rendered":"Succ\u00e8s des espaces sans tabac aux Pays-Bas"},"content":{"rendered":"<p style=\"text-align: justify;\"><em>Sous l\u2019impulsion d\u2019un programme national visant \u00e0 une G\u00e9n\u00e9ration sans tabac pour 2040, les Pays-Bas ont connu ces deux derni\u00e8res ann\u00e9es une d\u00e9multiplication des espaces sans tabac. Un exemple r\u00e9ussi de d\u00e9clinaison locale d\u2019un plan national de sant\u00e9 publique. <\/em><\/p>\n<p style=\"text-align: justify;\">Aux Pays-Bas, la g\u00e9n\u00e9ralisation des espaces sans tabac \u00e9tait l\u2019un des objectifs affich\u00e9s pour parvenir en 2040 \u00e0 une G\u00e9n\u00e9ration sans tabac, soit moins de 5 % de fumeurs dans la population. S\u2019appuyant sur le r\u00e9seau des 25 Services r\u00e9gionaux de Sant\u00e9 (GGD), le minist\u00e8re de la Sant\u00e9, du Bien-\u00eatre et des Sports a lanc\u00e9 en 2019 un programme de deux ans impliquant les municipalit\u00e9s dans le d\u00e9veloppement des espaces sans tabac<a href=\"#_ftn1\" name=\"_ftnref1\">[1]<\/a>.<\/p>\n<p style=\"text-align: justify;\">Deux ans plus tard, 98 % des municipalit\u00e9s n\u00e9erlandaises (344 sur 352, en mars 2022) se sont dot\u00e9es de multiples espaces sans tabac, alors qu\u2019elles n\u2019\u00e9taient jusqu\u2019ici pas sp\u00e9cialement associ\u00e9es \u00e0 la lutte antitabac. Ces espaces sans tabac ont \u00e9t\u00e9 en priorit\u00e9 d\u00e9ploy\u00e9s aux abords des \u00e9coles, des aires de jeux pour enfants et des installations sportives, mais aussi dans les abribus et les b\u00e2timents municipaux.<\/p>\n<h2 style=\"text-align: justify;\"><strong>Un programme structur\u00e9 impliquant tous les \u00e9chelons territoriaux<\/strong><\/h2>\n<p style=\"text-align: justify;\">Le d\u00e9veloppement des initiatives locales a \u00e9t\u00e9 stimul\u00e9 et coordonn\u00e9 par les GGD, eux-m\u00eames pilot\u00e9s au niveau national par GGD GHOR Nederland. Les GGD ont re\u00e7u un budget modeste pour cette op\u00e9ration, et \u00e9taient charg\u00e9s du conseil juridique et de la transmission des connaissances entre les diff\u00e9rents \u00e9chelons. Plusieurs partenaires, comme l\u2019association des municipalit\u00e9s n\u00e9erlandaises, le Fonds pour une sant\u00e9 sans tabac, l\u2019institut Trimbos (sant\u00e9 mentale) et le centre Pharos (disparit\u00e9s sociales), participaient \u00e9galement \u00e0 la mise en place des espaces sans tabac.<\/p>\n<p style=\"text-align: justify;\">Le succ\u00e8s du programme est attribu\u00e9 \u00e0 l\u2019implication des \u00e9chelons locaux et r\u00e9gionaux, ainsi que des diff\u00e9rents partenaires, \u00e0 un programme national de sant\u00e9. Un lien avec la Loi sur l\u2019environnement, \u00e9galement en cours de d\u00e9ploiement, \u00e9tait \u00e9tabli, facilitant ainsi l\u2019adoption des mesures locales<a href=\"#_ftn2\" name=\"_ftnref2\">[2]<\/a>. L\u2019approche positive du projet et le large soutien social qu\u2019il a g\u00e9n\u00e9r\u00e9 en expliquent le succ\u00e8s.<\/p>\n<p style=\"text-align: justify;\">Un des autres piliers de ce programme \u00e9tait de faciliter l\u2019acc\u00e8s aux soins de sevrage tabagique. Plusieurs actions locales ont \u00e9t\u00e9 mises en place, celle du GGD de Freysen ayant particuli\u00e8rement \u00e9t\u00e9 suivie, entra\u00eenant une explosion des demandes de soin et des taux records d\u2019arr\u00eat du tabac. En cours depuis plusieurs d\u00e9cennies, la diminution de la pr\u00e9valence tabagique s\u2019est en effet stabilis\u00e9e aux Pays-Bas \u00e0 21 % en 2021 et n\u00e9cessite d\u2019\u00eatre relanc\u00e9e pour esp\u00e9rer atteindre l\u2019objectif de 2040.<\/p>\n<h2 style=\"text-align: justify;\"><strong>En France, des initiatives d\u00e9centralis\u00e9es <\/strong><\/h2>\n<p style=\"text-align: justify;\">En France, les initiatives autour des espaces sans tabac se sont \u00e9galement multipli\u00e9es <a href=\"https:\/\/www.generationsanstabac.org\/actualites\/multiplication-des-plages-sans-tabac-en-france\/\">localement<\/a>, parfois appuy\u00e9es par les agences r\u00e9gionales de sant\u00e9 (ARS), sans toutefois faire l\u2019objet d\u2019une politique nationale coordonn\u00e9e. La Mission interminist\u00e9rielle de lutte contre les drogues et les conduites addictives (MILDECA) a pour sa part r\u00e9actualis\u00e9 son guide de conseils et de recommandations aux communes qui souhaiteraient s\u2019engager dans cette d\u00e9marche<a href=\"#_ftn3\" name=\"_ftnref3\">[3]<\/a>. De nombreuses op\u00e9rations de mise en place d\u2019espaces sans tabac sont d\u2019autre part organis\u00e9es par les sections d\u00e9partementales de la <a href=\"https:\/\/www.ligue-cancer.net\/article\/65927_les-espaces-sans-tabac\">Ligue contre le cancer<\/a>.<\/p>\n<p style=\"text-align: justify;\">Le dispositif <a href=\"https:\/\/villelibresanstabac.cnct.fr\">Ville libre sans tabac<\/a> entend quant \u00e0 lui donner une impulsion plus structur\u00e9e \u00e0 ce mouvement, afin d\u2019implanter de v\u00e9ritables politiques locales de lutte contre le tabagisme. Port\u00e9 par l\u2019association Grand Est sans tabac (GEST) et par le Comit\u00e9 national contre le tabagisme (CNCT), ce projet se situe explicitement dans la perspective d\u2019une G\u00e9n\u00e9ration sans tabac en France pour 2032. Il propose un ensemble de mesures pour r\u00e9duire la consommation de produits du tabac et de la nicotine et rendre les villes plus agr\u00e9ables.<\/p>\n<p style=\"text-align: justify;\"><strong>Mots-cl\u00e9s : Pays-Bas, espaces sans tabac, Ville libre sans tabac<\/strong><\/p>\n<p style=\"text-align: justify;\"><strong><a href=\"https:\/\/www.generationsanstabac.org\/\">\u00a9G\u00e9n\u00e9ration Sans Tabac<\/a><\/strong><\/p>\n<p style=\"text-align: right;\"><em><strong>MF<\/strong><\/em><\/p>\n<hr \/>\n<p style=\"text-align: justify;\"><a href=\"#_ftnref1\" name=\"_ftn1\">[1]<\/a> Rouwenhorst S, Koornstra A, <a href=\"https:\/\/academic.oup.com\/eurpub\/article\/32\/Supplement_3\/ckac129.035\/6765607\"><em>Creating smoke free environments by local policy<\/em><\/a>, European Journal of Public Health, Vol. 32, Supp. 3, 2022, 15th European Public Health Conference 2022.<\/p>\n<p style=\"text-align: justify;\"><a href=\"#_ftnref2\" name=\"_ftn2\">[2]<\/a> GGD GHOR Nederland, <a href=\"https:\/\/mcusercontent.com\/7d6351a339e0759bbf1ca6cea\/files\/21aff37d-f583-2182-be01-bccb8bb39cc3\/EUPHA_factsheet_Rookvrije_Omgeving_10112022.pdf\"><em>Boost smoke-free environments: how small incentives for local policy can trigger big changes<\/em><\/a>, factsheet, 2022.<\/p>\n<p style=\"text-align: justify;\"><a href=\"#_ftnref3\" name=\"_ftn3\">[3]<\/a> <a href=\"https:\/\/www.drogues.gouv.fr\/sites\/default\/files\/2022-07\/mildeca_guide_maire_2022.pdf\"><em>Le maire face aux conduites addictives, Guide pratique<\/em><\/a>, MILDECA, 2022.<\/p>\n<p><span style=\"color: #999999;\"><strong><a style=\"color: #999999;\" href=\"http:\/\/www.cnct.fr\/\" target=\"_blank\" rel=\"noopener noreferrer\">Comit\u00e9 national contre le tabagisme |<\/a> <\/strong><\/span><\/p>\n","protected":false},"excerpt":{"rendered":"<p>Sous l\u2019impulsion d\u2019un programme national visant \u00e0 une G\u00e9n\u00e9ration sans tabac pour 2040, les Pays-Bas ont connu ces deux derni\u00e8res ann\u00e9es une d\u00e9multiplication des espaces sans tabac. Un exemple r\u00e9ussi de d\u00e9clinaison locale d\u2019un plan national de sant\u00e9 publique.<\/p>\n","protected":false},"featured_media":11286,"template":"","tags":[],"thematique":[480,491],"class_list":["post-20869","actualites","type-actualites","status-publish","has-post-thumbnail","hentry","thematique-environnement","thematique-politiques-publiques"],"acf":[],"_links":{"self":[{"href":"https:\/\/www.generationsanstabac.org\/fr\/wp-json\/wp\/v2\/actualites\/20869","targetHints":{"allow":["GET"]}}],"collection":[{"href":"https:\/\/www.generationsanstabac.org\/fr\/wp-json\/wp\/v2\/actualites"}],"about":[{"href":"https:\/\/www.generationsanstabac.org\/fr\/wp-json\/wp\/v2\/types\/actualites"}],"version-history":[{"count":0,"href":"https:\/\/www.generationsanstabac.org\/fr\/wp-json\/wp\/v2\/actualites\/20869\/revisions"}],"wp:featuredmedia":[{"embeddable":true,"href":"https:\/\/www.generationsanstabac.org\/fr\/wp-json\/wp\/v2\/media\/11286"}],"wp:attachment":[{"href":"https:\/\/www.generationsanstabac.org\/fr\/wp-json\/wp\/v2\/media?parent=20869"}],"wp:term":[{"taxonomy":"post_tag","embeddable":true,"href":"https:\/\/www.generationsanstabac.org\/fr\/wp-json\/wp\/v2\/tags?post=20869"},{"taxonomy":"thematique","embeddable":true,"href":"https:\/\/www.generationsanstabac.org\/fr\/wp-json\/wp\/v2\/thematique?post=20869"}],"curies":[{"name":"wp","href":"https:\/\/api.w.org\/{rel}","templated":true}]}}