{"id":20867,"date":"2022-11-21T14:08:28","date_gmt":"2022-11-21T13:08:28","guid":{"rendered":"https:\/\/www.generationsanstabac.org\/actualites\/prix-5-3-philip-morris-france-recompense-dun-megot-dor-pour-la-deuxieme-annee-consecutive\/"},"modified":"2022-11-21T14:08:28","modified_gmt":"2022-11-21T13:08:28","slug":"prix-5-3-philip-morris-france-recompense-dun-megot-dor-pour-la-deuxieme-annee-consecutive","status":"publish","type":"actualites","link":"https:\/\/www.generationsanstabac.org\/fr\/actualites\/prix-5-3-philip-morris-france-recompense-dun-megot-dor-pour-la-deuxieme-annee-consecutive\/","title":{"rendered":"Prix 5.3 : Philip Morris France r\u00e9compens\u00e9 d\u2019un m\u00e9got d\u2019or pour la deuxi\u00e8me ann\u00e9e cons\u00e9cutive"},"content":{"rendered":"<p style=\"text-align: justify;\"><em>Le Comit\u00e9 national contre le tabagisme (CNCT) a organis\u00e9 le 17 novembre dernier sa deuxi\u00e8me \u00e9dition des \u00ab <\/em><a href=\"https:\/\/cnct.fr\/les-prix-5-3-sans-tabac-et-sans-lobby\/\"><em>Prix 5.3 &#8211; Pour des politiques publiques sans tabac et sans lobby <\/em><\/a><em>\u00bb. Le M\u00e9got d\u2019Or a \u00e9t\u00e9 d\u00e9cern\u00e9 cette ann\u00e9e \u00e0 Natasha Pouget, responsable RSE chez Philip Morris France (PFM) pour son discours trompeur autour de la pr\u00e9tendue responsabilit\u00e9 sociale et environnementale du fabricant. <\/em><\/p>\n<p style=\"text-align: justify;\">\u00c0 travers cet \u00e9v\u00e9nement, le CNCT souhaite mettre en lumi\u00e8re les nombreuses activit\u00e9s de lobbying de l\u2019industrie du tabac et de ses alli\u00e9s qui contribuent \u00e0 perp\u00e9tuer l\u2019\u00e9pid\u00e9mie tabagique en France et dans le monde. Selon l\u2019OMS, l\u2019ing\u00e9rence de l\u2019industrie du tabac est le premier obstacle \u00e0 la mise en place de politiques de sant\u00e9 publique, et donc \u00e0 la diminution globale de la pr\u00e9valence tabagique.<\/p>\n<p style=\"text-align: justify;\">Plusieurs experts se sont r\u00e9unis autour de deux tables rondes, anim\u00e9es par la journaliste Danielle Messager, pour faire un \u00e9tat des lieux de la consommation tabagique en France qualifi\u00e9e \u00ab <em>d\u2019\u00e9pid\u00e9mie tabagique p\u00e9diatrique d\u2019origine industrielle<\/em> \u00bb, mais aussi pour proposer des solutions efficaces pour prot\u00e9ger les jeunes de l\u2019influence de l\u2019industrie du tabac. \u00c0 la suite de ces \u00e9changes, le Dr. Michel Cymes a pr\u00e9sid\u00e9 la remise de prix visant \u00e0 r\u00e9compenser les meilleures pratiques de lutte contre l&rsquo;influence de l&rsquo;industrie du tabac mais \u00e9galement \u00e0 pointer les pires pratiques d&rsquo;ing\u00e9rence de la part de celle-ci et ses alli\u00e9s.<\/p>\n<h2 style=\"text-align: justify;\"><strong>Prot\u00e9ger les jeunes g\u00e9n\u00e9rations de l\u2019influence de l\u2019industrie du tabac<\/strong><\/h2>\n<p style=\"text-align: justify;\">Pour l\u2019\u00e9dition 2022, le th\u00e8me retenu pour les tables rondes \u00e9tait celui de la protection de la jeunesse de l\u2019influence de l\u2019industrie du tabac. La premi\u00e8re table ronde, intitul\u00e9e \u00ab <em>\u00c9tat des lieux : le tabagisme, une \u00e9pid\u00e9mie p\u00e9diatrique d\u2019origine industrielle<\/em> \u00bb a rappel\u00e9 que les adolescents constituent la cible prioritaire de l\u2019industrie du tabac. En effet, plus l\u2019on commence \u00e0 fumer t\u00f4t, plus l\u2019addiction tabagique et nicotinique sera forte, et plus le sevrage sera difficile, permettant ainsi \u00e0 l\u2019industrie du tabac de renouveler sa client\u00e8le et d\u2019assurer la p\u00e9rennit\u00e9 de son activit\u00e9.<\/p>\n<p style=\"text-align: justify;\">L\u2019accessibilit\u00e9 des produits du tabac et de la nicotine aupr\u00e8s des adolescents reste tr\u00e8s importante comme en t\u00e9moignent les r\u00e9sultats de la derni\u00e8re \u00e9tude du CNCT \u00e0 ce sujet puisque deux buralistes sur trois acceptent toujours de vendre \u00e0 des adolescents de moins de 18 ans en France, en d\u00e9pit de la r\u00e9glementation en vigueur depuis plus de 10 ans. L\u2019industrie du tabac continue \u00e9galement de d\u00e9ployer de nombreuses strat\u00e9gies marketing tr\u00e8s agressives atour de ses nouveaux produits du tabac et de la nicotine (comme le tabac chauff\u00e9 et les produits du vapotage) \u00e0 l\u2019\u00e9gard des jeunes. Bien souvent ill\u00e9gales (publicit\u00e9s, utilisation d\u2019influenceurs, promotions, etc.), ces strat\u00e9gies visent \u00e0 normaliser et \u00e0 faciliter la consommation de produits toxiques aupr\u00e8s d\u2019un public vuln\u00e9rable.<\/p>\n<p style=\"text-align: justify;\">La seconde table ronde \u00ab <em>comment prot\u00e9ger les jeunes g\u00e9n\u00e9rations de l\u2019industrie du tabac ?<\/em> \u00bb a balay\u00e9 les solutions qui existent pour lutter efficacement contre l\u2019\u00e9pid\u00e9mie tabagique et prot\u00e9ger les jeunes g\u00e9n\u00e9rations. La France a adopt\u00e9 ces derni\u00e8res ann\u00e9es un arsenal de mesures (hausse des taxes, paquet neutre, interdiction de la publicit\u00e9, de vente aux mineurs, des ar\u00f4mes pour le tabac, etc.) mais ces derni\u00e8res font l\u2019objet d\u2019une collision f\u00e9roce de l\u2019industrie du tabac et de ses alli\u00e9s dans le but de les infl\u00e9chir ou les bloquer. Cette opposition permanente de l\u2019industrie est la raison pour laquelle la consommation des jeunes demeure \u00e0 un niveau \u00e9lev\u00e9 en France en d\u00e9pit d\u2019une baisse importante ces derni\u00e8res ann\u00e9es. Cette opposition frontale de l\u2019industrie du tabac et de ses alli\u00e9s \u00e9loigne cependant le pays de son objectif de parvenir \u00e0 une g\u00e9n\u00e9ration sans tabac d\u2019ici 2032.<\/p>\n<p style=\"text-align: justify;\">Le CNCT rappelle que des dispositions existent pour se pr\u00e9munir de ces activit\u00e9s de lobby. En particulier la Convention-Cadre de l\u2019OMS (CCLAT) et son article 5.3 qui exige des Parties qu\u2019elles prot\u00e8gent leurs politiques de lutte antitabac contre les int\u00e9r\u00eats commerciaux de l\u2019industrie du tabac. Des directives d\u2019application ont \u00e9t\u00e9 adopt\u00e9es, notamment par la France, pour appliquer concr\u00e8tement cette obligation g\u00e9n\u00e9rale. Cependant, ces dispositions demeurent largement m\u00e9connues de la part des d\u00e9cideurs publics et politiques.<\/p>\n<h2 style=\"text-align: justify;\"><strong>Les activit\u00e9s de Philip Morris France distingu\u00e9es pour la deuxi\u00e8me ann\u00e9e cons\u00e9cutive <\/strong><\/h2>\n<p style=\"text-align: justify;\">Les prix 5.3 sont divis\u00e9s en deux cat\u00e9gories (positifs et n\u00e9gatifs). Les prix positifs r\u00e9compensent les initiatives qui ont contribu\u00e9 \u00e0 lutter efficacement contre le lobby du tabac, et les prix n\u00e9gatifs pointent du doigt les pires initiatives en mati\u00e8re d\u2019ing\u00e9rence.<\/p>\n<p style=\"text-align: justify;\">En 2021, Philip Morris France (PMF) avait \u00e9t\u00e9 doublement r\u00e9compens\u00e9 avec le M\u00e9got de la langue de bois, d\u00e9cern\u00e9 pour les nombreuses prises de parole de sa Pr\u00e9sidente, Jeanne Poll\u00e8s dans les m\u00e9dias fran\u00e7ais visant \u00e0 faire du cigarettier un acteur responsable et un partenaire l\u00e9gitime de sant\u00e9 publique, en d\u00e9pit de son bilan humain, social et environnemental d\u00e9sastreux. En 2021, Philip Morris avait \u00e9galement re\u00e7u le M\u00e9got d\u2019Or pour son activit\u00e9 d\u2019ing\u00e9rence incessante et son r\u00f4le dans la perp\u00e9tuation de l\u2019\u00e9pid\u00e9mie tabagique notamment en France.<\/p>\n<p style=\"text-align: justify;\">Pour cette ann\u00e9e, PMF a \u00e9t\u00e9 nomin\u00e9 dans chacune des cat\u00e9gories des prix n\u00e9gatifs (ing\u00e9rence, langue de bois et hors-la-loi), de mani\u00e8re directe ou indirecte \u00e0 travers des organismes travaillant pour son compte. Ainsi, le m\u00e9got de l\u2019ing\u00e9rence a \u00e9t\u00e9 remport\u00e9 par le Groupe AEF, \u00e9diteur de presse et organisateur du salon Produrable, pour avoir maintenu et glorifi\u00e9 la pr\u00e9sence et les activit\u00e9s \u00ab responsables \u00bb de Philip Morris France au salon.<\/p>\n<p style=\"text-align: justify;\">Pour la cat\u00e9gorie m\u00e9got du hors-la-loi, Philip Morris est sorti vainqueur pour sa d\u00e9sinformation autour de la teneur r\u00e9elle de nicotine dans ses recharges de tabac \u00e0 chauffer Heets. Une \u00e9tude men\u00e9e par The Bureau of investigative journalism avait en effet r\u00e9v\u00e9l\u00e9 que la quantit\u00e9 de nicotine contenue dans les Heets \u00e9tait jusqu\u2019\u00e0 huit fois sup\u00e9rieure \u00e0 celle indiqu\u00e9e par le fabricant. L\u2019\u00e9co-organisme Alcome est quant \u00e0 lui laur\u00e9at de la cat\u00e9gorie \u00ab m\u00e9got de la langue de bois \u00bb distingu\u00e9 comme \u00e9tant l\u2019outil de greenwashing de l\u2019industrie du tabac et de levier de renormalisation et d\u2019influence de cette industrie aupr\u00e8s des d\u00e9cideurs publics.<\/p>\n<p style=\"text-align: justify;\">PMF a \u00e9galement \u00e9t\u00e9 r\u00e9compens\u00e9, \u00e0 travers sa responsable RSE Natasha Pouget, du M\u00e9got d\u2019Or pour ses multiples interventions dans les m\u00e9dias fran\u00e7ais et lors du Salon Produrable mettant en avant la responsabilit\u00e9 sociale et environnementale de Philip Morris France et son changement de vision l\u2019amenant \u00e0 abandonner la cigarette combustible dans les prochaines ann\u00e9es au profit des \u00ab alternatives sans combustion \u00bb. Un discours en totale opposition avec la r\u00e9alit\u00e9 du d\u00e9sastre humain, sanitaire, \u00e9conomique, environnemental et financier dont le cigarettier est \u00e0 l\u2019origine.<\/p>\n<p style=\"text-align: justify;\">Pour rappel, Philip Morris France est \u00e0 l\u2019origine de 30 000 d\u00e9c\u00e8s annuels dans le pays et est le groupe le plus polluant en termes de plastique.<\/p>\n<h2 style=\"text-align: justify;\"><strong>Le d\u00e9ontologue de l\u2019Assembl\u00e9e nationale doublement r\u00e9compens\u00e9 dans les prix positifs<\/strong><\/h2>\n<p style=\"text-align: justify;\">Christophe Pallez, d\u00e9ontologue de l\u2019Assembl\u00e9e nationale, a \u00e9t\u00e9 r\u00e9compens\u00e9 par le prix 5.3 de l\u2019initiative politique et juridique pour avoir inclus, dans le nouveau Guide de D\u00e9ontologie de l\u2019Assembl\u00e9e nationale, un paragraphe sp\u00e9cifique d\u00e9di\u00e9 \u00e0 la prise en compte de l\u2019article 5.3 de la Convention-Cadre dans les travaux de l\u2019Assembl\u00e9e nationale, ainsi que dans les relations entre les \u00e9lus et les repr\u00e9sentants de l\u2019industrie du tabac. Le Grand Prix 5.3 a \u00e9galement \u00e9t\u00e9 d\u00e9cern\u00e9 \u00e0 M. Pallez  pour son souci de l\u2019ind\u00e9pendance des pouvoirs publics \u00e0 l\u2019\u00e9gard de l\u2019influence des cigarettiers.<\/p>\n<p style=\"text-align: justify;\">Ont \u00e9galement \u00e9t\u00e9 r\u00e9compens\u00e9s madame Ana\u00efs Widiez \u2013 Conseill\u00e8re R\u00e9gionale Auvergne Rh\u00f4ne-Alpes du groupe \u00e9cologiste pour le 5.3 de l\u2019ind\u00e9pendance pour avoir d\u00e9nonc\u00e9 l\u2019audition de Philip Morris par la Commission S\u00e9curit\u00e9 du Conseil r\u00e9gional Auvergne Rh\u00f4ne-Alpes sur la question du commerce illicite rappelant qu\u2019il existe \u00ab <em>un conflit fondamental et irr\u00e9conciliable entre les int\u00e9r\u00eats de l\u2019industrie du tabac et ceux de la sant\u00e9 publique <\/em>\u00bb.<\/p>\n<p style=\"text-align: justify;\">Le 5.3 de l\u2019information a quant \u00e0 lui \u00e9t\u00e9 d\u00e9cern\u00e9 \u00e0 Matthew Chapman ainsi que le m\u00e9dia The Bureau of Investigative journalism pour leur travail de d\u00e9construction du discours de l\u2019industrie du tabac, et leur participation \u00e0 la d\u00e9normalisation de ce secteur.<\/p>\n<p style=\"text-align: justify;\"><a href=\"https:\/\/cnct.fr\/les-prix-5-3-sans-tabac-et-sans-lobby\/\">Pour voir la liste compl\u00e8te des nomin\u00e9s et laur\u00e9ats sur le site du CNCT<\/a><\/p>\n<p style=\"text-align: justify;\"><strong>Mots-cl\u00e9s : Prix 5.3, CNCT, Philip Morris France, ing\u00e9rence, lobby, protection de la jeunesse<\/strong><\/p>\n<p style=\"text-align: justify;\"><strong><a href=\"https:\/\/www.generationsanstabac.org\/\">\u00a9G\u00e9n\u00e9ration Sans Tabac<\/a><\/strong><\/p>\n<p style=\"text-align: right;\"><em><strong>AE<\/strong><\/em><\/p>\n<p><span style=\"color: #999999;\"><strong><a style=\"color: #999999;\" href=\"http:\/\/www.cnct.fr\/\" target=\"_blank\" rel=\"noopener noreferrer\">Comit\u00e9 national contre le tabagisme |<\/a> <\/strong><\/span><\/p>\n","protected":false},"excerpt":{"rendered":"<p>Le Comit\u00e9 national contre le tabagisme (CNCT) a organis\u00e9 le 17 novembre dernier sa deuxi\u00e8me \u00e9dition des \u00ab Prix 5.3 &#8211; Pour des politiques publiques sans tabac et sans lobby \u00bb. Le M\u00e9got d\u2019Or a \u00e9t\u00e9 d\u00e9cern\u00e9 cette ann\u00e9e \u00e0 Natasha Pouget, responsable RSE chez Philip Morris France (PFM) pour son discours trompeur autour de la pr\u00e9tendue responsabilit\u00e9 sociale et environnementale du fabricant.<\/p>\n","protected":false},"featured_media":11282,"template":"","tags":[],"thematique":[499],"class_list":["post-20867","actualites","type-actualites","status-publish","has-post-thumbnail","hentry","thematique-lobby"],"acf":[],"_links":{"self":[{"href":"https:\/\/www.generationsanstabac.org\/fr\/wp-json\/wp\/v2\/actualites\/20867","targetHints":{"allow":["GET"]}}],"collection":[{"href":"https:\/\/www.generationsanstabac.org\/fr\/wp-json\/wp\/v2\/actualites"}],"about":[{"href":"https:\/\/www.generationsanstabac.org\/fr\/wp-json\/wp\/v2\/types\/actualites"}],"version-history":[{"count":0,"href":"https:\/\/www.generationsanstabac.org\/fr\/wp-json\/wp\/v2\/actualites\/20867\/revisions"}],"wp:featuredmedia":[{"embeddable":true,"href":"https:\/\/www.generationsanstabac.org\/fr\/wp-json\/wp\/v2\/media\/11282"}],"wp:attachment":[{"href":"https:\/\/www.generationsanstabac.org\/fr\/wp-json\/wp\/v2\/media?parent=20867"}],"wp:term":[{"taxonomy":"post_tag","embeddable":true,"href":"https:\/\/www.generationsanstabac.org\/fr\/wp-json\/wp\/v2\/tags?post=20867"},{"taxonomy":"thematique","embeddable":true,"href":"https:\/\/www.generationsanstabac.org\/fr\/wp-json\/wp\/v2\/thematique?post=20867"}],"curies":[{"name":"wp","href":"https:\/\/api.w.org\/{rel}","templated":true}]}}