{"id":20863,"date":"2022-11-18T09:00:07","date_gmt":"2022-11-18T08:00:07","guid":{"rendered":"https:\/\/www.generationsanstabac.org\/actualites\/la-belgique-depose-une-demande-dinterdiction-des-cigarettes-electroniques-jetables-puffs-aupres-de-lue\/"},"modified":"2022-11-18T09:00:07","modified_gmt":"2022-11-18T08:00:07","slug":"la-belgique-depose-une-demande-dinterdiction-des-cigarettes-electroniques-jetables-puffs-aupres-de-lue","status":"publish","type":"actualites","link":"https:\/\/www.generationsanstabac.org\/fr\/actualites\/la-belgique-depose-une-demande-dinterdiction-des-cigarettes-electroniques-jetables-puffs-aupres-de-lue\/","title":{"rendered":"La Belgique d\u00e9pose une demande d\u2019interdiction des cigarettes \u00e9lectroniques jetables (puffs) aupr\u00e8s de l\u2019UE"},"content":{"rendered":"<p style=\"text-align: justify;\"><em>Apr\u00e8s le rejet par la Commission europ\u00e9enne d\u2019un projet d\u2019interdiction des puffs au niveau national, la Belgique a d\u00e9pos\u00e9 une demande d\u2019interdiction de vente de ces produits. La r\u00e9ponse est attendue dans un d\u00e9lai de six mois.<\/em><\/p>\n<p style=\"text-align: justify;\">Des deux c\u00f4t\u00e9s des Flandres comme dans d\u2019autres pays d\u2019Europe, le constat est similaire : le foudroyant succ\u00e8s des cigarettes \u00e9lectroniques jetables (\u00ab puffs \u00bb) aupr\u00e8s des jeunes, et notamment des adolescents, inqui\u00e8te autant les autorit\u00e9s que les professionnels de sant\u00e9 et les parents. Les forts taux de nicotine constat\u00e9s et la cin\u00e9tique des sels de nicotine contenus dans les puffs laissent craindre le retour massif de comportements de d\u00e9pendance \u00e0 la nicotine, pouvant notamment conduire \u00e0 une recrudescence du tabagisme. Les fortes cons\u00e9quences environnementales de ces produits jetables sont \u00e9galement soulign\u00e9es.<\/p>\n<p style=\"text-align: justify;\">Les interdictions de vente aux mineurs, en vigueur dans la plupart des pays europ\u00e9ens, ne semblent pas suffisantes pour endiguer le ph\u00e9nom\u00e8ne. Tr\u00e8s r\u00e9cemment, <a href=\"https:\/\/www.generationsanstabac.org\/actualites\/irlande-envisage-dinterdire-les-cigarettes-electroniques-jetables\/\">l\u2019Irlande<\/a> a envisag\u00e9 l\u2019interdiction de vendre des puffs, une fois conduite une consultation publique sur le sujet ; la directive europ\u00e9enne sur les plastiques \u00e0 usage unique (SUP), actuellement en cours de transposition, pourrait fournir un cadre afin de promulguer cette interdiction. En France, <a href=\"https:\/\/www.generationsanstabac.org\/actualites\/deux-associations-proposent-linterdiction-des-cigarettes-electroniques-jetables-puffs\/\">deux associations<\/a> \u2013 l\u2019Alliance Contre le Tabac (ACT) et le Comit\u00e9 national contre le tabagisme (CNC) \u2013 ont formul\u00e9 une demande d\u2019interdiction des puffs ; une <a href=\"https:\/\/www.mesopinions.com\/petition\/sante\/interdiction-cigarettes-electroniques-jetables-puffs\/190680\">p\u00e9tition<\/a> circule d\u00e9j\u00e0 dans ce sens.<\/p>\n<h2 style=\"text-align: justify;\"><strong>Un jeune Belge sur quatre consommerait des puffs<\/strong><\/h2>\n<p style=\"text-align: justify;\">En Belgique, le Service public f\u00e9d\u00e9ral (SPF) Sant\u00e9 publique avait inclus l\u2019interdiction des puffs au niveau national dans la modification de l\u2019arr\u00eat\u00e9 r\u00e9glementant les cigarettes \u00e9lectroniques. Ceci lui a \u00e9t\u00e9 refus\u00e9 par la Commission Europ\u00e9enne au motif qu\u2019un \u00e9tat ne peut interdire une cat\u00e9gorie particuli\u00e8re de produits que pour des raisons li\u00e9es \u00e0 la situation sp\u00e9cifique du pays concern\u00e9. Le SPF Sant\u00e9 publique a donc pr\u00e9par\u00e9 un dossier plus argument\u00e9 afin de d\u00e9poser une demande dans ce sens aupr\u00e8s de la Commission europ\u00e9enne, laquelle dispose de six mois pour fournir une r\u00e9ponse<a href=\"#_ftn1\" name=\"_ftnref1\">[1]<\/a>.<\/p>\n<p style=\"text-align: justify;\">Parmi les arguments de ce dossier, un sondage effectu\u00e9 aupr\u00e8s de jeunes de 11 \u00e0 24 ans par le Service Pr\u00e9vention Tabac du Fonds des affections respiratoires (Fares) indique que 24 % des jeunes interrog\u00e9s ont d\u00e9j\u00e0 exp\u00e9riment\u00e9 une puff<a href=\"#_ftn2\" name=\"_ftnref2\">[2]<\/a>. Les effectifs de ce sondage sont trop r\u00e9duits (259 questionnaires exploitables, dont 41 consommateurs de puffs) pour en tirer de r\u00e9elles conclusions, mais il apporte quelques donn\u00e9es int\u00e9ressantes. Il pr\u00e9cise par exemple que les jeunes ne d\u00e9couvrent pas ces produits que sur les r\u00e9seaux sociaux, mais aussi par leur pr\u00e9sence dans la rue et dans leur \u00e9tablissement scolaire. Seule la moiti\u00e9 des jeunes interrog\u00e9s utilisent des puffs contenant de la nicotine, les autres alternant entre des puffs avec et sans nicotine. Enfin, plusieurs motifs de non-consommation des jeunes sont avanc\u00e9s par les jeunes qui ne les ont pas exp\u00e9riment\u00e9es, parmi lesquels on d\u00e9nombre l\u2019image n\u00e9gative du tabagisme, la nocivit\u00e9 et la d\u00e9pendance associ\u00e9es aux puffs, l\u2019impact \u00e9cologique de ces produits, le manque d\u2019argent pour d\u2019autres activit\u00e9s, ou encore le refus de plier \u00e0 la pression sociale et \u00e0 une mode. Autant de th\u00e8mes qui peuvent nourrir des campagnes de pr\u00e9vention visant \u00e0 d\u00e9tourner de l\u2019usage des puffs. Une interdiction pure et simple des puffs semblerait toutefois plus efficace pour emp\u00eacher leur diffusion.<\/p>\n<p style=\"text-align: justify;\"><em>Pour aller plus loin, consulter notre <\/em><a href=\"https:\/\/www.generationsanstabac.org\/article\/puffs-risque-epidemie-pediatrique\/\"><em>d\u00e9cryptage<\/em><\/a><em>.<\/em><\/p>\n<p style=\"text-align: justify;\"><strong>Mots-cl\u00e9s : puff, jeunes, Belgique, interdiction, Commission europ\u00e9enne<\/strong><\/p>\n<p style=\"text-align: justify;\"><strong><a href=\"https:\/\/www.generationsanstabac.org\/\">\u00a9G\u00e9n\u00e9ration Sans Tabac<\/a><\/strong><\/p>\n<p style=\"text-align: right;\"><em><strong>MF<\/strong><\/em><\/p>\n<hr \/>\n<p><a href=\"#_ftnref1\" name=\"_ftn1\">[1]<\/a> Berhin S, <a href=\"https:\/\/www.sudinfo.be\/id570867\/article\/2022-11-08\/un-jeune-sur-4-consomme-des-e-cigarettes-jetables-une-interdiction-possible-dans\"><em>Un jeune sur 4 consomme des e-cigarettes jetables : une interdiction possible dans 6 mois!<\/em><\/a>, Sudinfo, publi\u00e9 le 8 novembre 2022, consult\u00e9 le 15 novembre 2022.<\/p>\n<p><a href=\"#_ftnref2\" name=\"_ftn2\">[2]<\/a> Service Pr\u00e9vention Tabac, <a href=\"https:\/\/www.aideauxfumeurs.be\/la-puff-resultats-de-lenquete-jeunes-menee-par-le-fares\/\"><em>La Puff : r\u00e9sultats de l\u2019enqu\u00eate \u201cjeunes\u201d men\u00e9e par le FARES<\/em><\/a>, Aide aux fumeurs, publi\u00e9 le 25 ao\u00fbt 2022, consult\u00e9 le 15 novembre 2022.<\/p>\n<p><span style=\"color: #999999;\"><strong><a style=\"color: #999999;\" href=\"http:\/\/www.cnct.fr\/\" target=\"_blank\" rel=\"noopener noreferrer\">Comit\u00e9 national contre le tabagisme |<\/a> <\/strong><\/span><\/p>\n","protected":false},"excerpt":{"rendered":"<p>Apr\u00e8s le rejet par la Commission europ\u00e9enne d\u2019un projet d\u2019interdiction des puffs au niveau national, la Belgique a d\u00e9pos\u00e9 une demande d\u2019interdiction de vente de ces produits. La r\u00e9ponse est attendue dans un d\u00e9lai de six mois.<\/p>\n","protected":false},"featured_media":11276,"template":"","tags":[],"thematique":[502,516],"class_list":["post-20863","actualites","type-actualites","status-publish","has-post-thumbnail","hentry","thematique-justice","thematique-nouveaux-produits"],"acf":[],"_links":{"self":[{"href":"https:\/\/www.generationsanstabac.org\/fr\/wp-json\/wp\/v2\/actualites\/20863","targetHints":{"allow":["GET"]}}],"collection":[{"href":"https:\/\/www.generationsanstabac.org\/fr\/wp-json\/wp\/v2\/actualites"}],"about":[{"href":"https:\/\/www.generationsanstabac.org\/fr\/wp-json\/wp\/v2\/types\/actualites"}],"version-history":[{"count":0,"href":"https:\/\/www.generationsanstabac.org\/fr\/wp-json\/wp\/v2\/actualites\/20863\/revisions"}],"wp:featuredmedia":[{"embeddable":true,"href":"https:\/\/www.generationsanstabac.org\/fr\/wp-json\/wp\/v2\/media\/11276"}],"wp:attachment":[{"href":"https:\/\/www.generationsanstabac.org\/fr\/wp-json\/wp\/v2\/media?parent=20863"}],"wp:term":[{"taxonomy":"post_tag","embeddable":true,"href":"https:\/\/www.generationsanstabac.org\/fr\/wp-json\/wp\/v2\/tags?post=20863"},{"taxonomy":"thematique","embeddable":true,"href":"https:\/\/www.generationsanstabac.org\/fr\/wp-json\/wp\/v2\/thematique?post=20863"}],"curies":[{"name":"wp","href":"https:\/\/api.w.org\/{rel}","templated":true}]}}