{"id":20861,"date":"2022-11-17T09:00:08","date_gmt":"2022-11-17T08:00:08","guid":{"rendered":"https:\/\/www.generationsanstabac.org\/actualites\/la-fca-devient-lalliance-mondiale-pour-la-lutte-antitabac\/"},"modified":"2022-11-17T09:00:08","modified_gmt":"2022-11-17T08:00:08","slug":"la-fca-devient-lalliance-mondiale-pour-la-lutte-antitabac","status":"publish","type":"actualites","link":"https:\/\/www.generationsanstabac.org\/fr\/actualites\/la-fca-devient-lalliance-mondiale-pour-la-lutte-antitabac\/","title":{"rendered":"La FCA devient l\u2019Alliance mondiale pour la lutte antitabac"},"content":{"rendered":"<p style=\"text-align: justify;\"><em>Les organisations de la soci\u00e9t\u00e9 civile ayant \u0153uvr\u00e9 \u00e0 l\u2019adoption, la ratification et la mise en \u0153uvre de la Convention-cadre pour la lutte antitabac s\u2019\u00e9taient regroup\u00e9es dans l\u2019Alliance pour la Convention-cadre (FCA). Celle-ci est devenue l\u2019Alliance mondiale pour la lutte antitabac (GATC) le 1<sup>er<\/sup> novembre dernier.<\/em><\/p>\n<p style=\"text-align: justify;\">Au d\u00e9but des ann\u00e9es 2000, la pr\u00e9paration et l\u2019adoption de la Convention-cadre pour la lutte antitabac (<a href=\"https:\/\/apps.who.int\/iris\/bitstream\/handle\/10665\/42812\/9242591017.pdf\">CCLAT<\/a>) n\u2019ont \u00e9t\u00e9 possibles que par une forte mobilisation des organisations de la soci\u00e9t\u00e9 civile.<\/p>\n<p style=\"text-align: justify;\">D\u00e8s la phase de n\u00e9gociation, en 1999, une coalition de ces organisations s\u2019\u00e9tait form\u00e9e sous le nom d\u2019Alliance pour la Convention-cadre (FCA), afin de parer aux tentatives d\u2019obstruction de l\u2019industrie du tabac visant \u00e0 emp\u00eacher l\u2019adoption de la CCLAT ou \u00e0 la rendre caduque, notamment en instrumentalisant les pays producteurs de tabac. La FCA s\u2019est attach\u00e9e \u00e0 diffuser de nombreuses donn\u00e9es scientifiques, ainsi que des informations sur les liens et les tentatives d\u2019influence de l\u2019industrie du tabac, tout particuli\u00e8rement en direction des pays \u00e9mergents<a href=\"#_ftn1\" name=\"_ftnref1\">[1]<\/a>.<\/p>\n<p style=\"text-align: justify;\">Ces efforts, salu\u00e9s par l\u2019Organisation Mondiale de la Sant\u00e9 et par un grand nombre de pays, ont permis, en 2003, l\u2019adoption de la CCLAT sous une formulation acceptable. La FCA s\u2019est formalis\u00e9e en 2003 et s\u2019est ensuite p\u00e9rennis\u00e9e pour assurer la ratification du trait\u00e9 par les pays, chose faite par plus de 180, et pour la bonne mise en place de ce premier trait\u00e9 international de sant\u00e9. Elle a ainsi d\u00e9velopp\u00e9 diff\u00e9rents outils facilitant le d\u00e9ploiement des principes de la CCLAT.<\/p>\n<h2 style=\"text-align: justify;\"><strong>De la FCA \u00e0 l\u2019Alliance mondiale pour la lutte antitabac (AGTC)<\/strong><\/h2>\n<p style=\"text-align: justify;\">Si la structure de la FCA est jusqu\u2019ici rest\u00e9e la m\u00eame, le besoin s\u2019est impos\u00e9 d\u2019\u00e9largir les relations de cette coalition \u00e0 de nouveaux acteurs, issus d\u2019autres horizons que celui de la lutte antitabac. Un changement de nom semblait aussi indiqu\u00e9 pour marquer la nouvelle identit\u00e9 de cette organisation et l\u2019extension de ses activit\u00e9s au-del\u00e0 de la CCLAT, d\u2019o\u00f9 la transformation de la FCA en Alliance mondiale pour la lutte antitabac (GATC).<\/p>\n<p style=\"text-align: justify;\">Ces activit\u00e9s restent centr\u00e9es sur le d\u00e9veloppement, la ratification et l\u2019implantation de la CCLAT et de ses outils notamment le protocole de lutte contre le commerce illicite des produits du tabac, mais incluent \u00e9galement l\u2019int\u00e9gration de la lutte antitabac dans les projets internationaux de sant\u00e9, comme les Objectifs de d\u00e9veloppement durable (ODD\/SDG) adopt\u00e9s par l\u2019Organisation des Nations Unies (ONU) en 2015. Bas\u00e9s sur la preuve scientifique, les piliers strat\u00e9giques du plan 2022-2025<a href=\"#_ftn2\" name=\"_ftnref2\">[2]<\/a> de la GATC sont 1\u00b0) le plaidoyer et le d\u00e9veloppement des politiques de sant\u00e9 ; 2\u00b0) les \u00e9changes et la transmission de savoir ; 3\u00b0) le renforcement des comp\u00e9tences ; 4\u00b0) la mobilisation des acteurs et des partenaires.<\/p>\n<p style=\"text-align: justify;\">Le site Internet de <a href=\"fctc.org\">r\u00e9f\u00e9rence<\/a> est conserv\u00e9 et \u00e9voluera progressivement vers celui de la GATC. Le si\u00e8ge de la GATC est dor\u00e9navant bas\u00e9 \u00e0 Ottawa (Canada), celui de la FCA \u00e9tant auparavant \u00e9tabli \u00e0 Gen\u00e8ve.<\/p>\n<p><strong>Mots-cl\u00e9s : FCA, GATC, CCLAT<\/strong><\/p>\n<p style=\"text-align: justify;\"><strong><a href=\"https:\/\/www.generationsanstabac.org\/\">\u00a9G\u00e9n\u00e9ration Sans Tabac<\/a><\/strong><\/p>\n<p style=\"text-align: right;\"><em><strong>MF<\/strong><\/em><\/p>\n<hr \/>\n<p><a href=\"#_ftnref1\" name=\"_ftn1\">[1]<\/a> Mamudu HM, Glantz SA. <a href=\"https:\/\/www.tandfonline.com\/doi\/full\/10.1080\/17441690802095355\"><em>Civil society and the negotiation of the Framework Convention on Tobacco Control.<\/em><\/a> Global Public Health. 2009;4(2):150-68.<\/p>\n<p><a href=\"#_ftnref2\" name=\"_ftn2\">[2]<\/a> <a href=\"https:\/\/fctc.org\/wp-content\/uploads\/2022\/11\/GATC-Strategic-Plan-2022-2025.pdf\"><em>GATC strategic plan 2022-2025<\/em><\/a>, Global Alliance for Tobacco Control, 12 p.<\/p>\n<p><span style=\"color: #999999;\"><strong><a style=\"color: #999999;\" href=\"http:\/\/www.cnct.fr\/\" target=\"_blank\" rel=\"noopener noreferrer\">Comit\u00e9 national contre le tabagisme |<\/a> <\/strong><\/span><\/p>\n","protected":false},"excerpt":{"rendered":"<p>Les organisations de la soci\u00e9t\u00e9 civile ayant \u0153uvr\u00e9 \u00e0 l\u2019adoption, la ratification et la mise en \u0153uvre de la Convention-cadre pour la lutte antitabac s\u2019\u00e9taient regroup\u00e9es dans l\u2019Alliance pour la Convention-cadre (FCA). Celle-ci est devenue l\u2019Alliance mondiale pour la lutte antitabac (GATC) le 1er novembre dernier.<\/p>\n","protected":false},"featured_media":20862,"template":"","tags":[],"thematique":[474],"class_list":["post-20861","actualites","type-actualites","status-publish","has-post-thumbnail","hentry","thematique-sante"],"acf":[],"_links":{"self":[{"href":"https:\/\/www.generationsanstabac.org\/fr\/wp-json\/wp\/v2\/actualites\/20861","targetHints":{"allow":["GET"]}}],"collection":[{"href":"https:\/\/www.generationsanstabac.org\/fr\/wp-json\/wp\/v2\/actualites"}],"about":[{"href":"https:\/\/www.generationsanstabac.org\/fr\/wp-json\/wp\/v2\/types\/actualites"}],"version-history":[{"count":0,"href":"https:\/\/www.generationsanstabac.org\/fr\/wp-json\/wp\/v2\/actualites\/20861\/revisions"}],"wp:featuredmedia":[{"embeddable":true,"href":"https:\/\/www.generationsanstabac.org\/fr\/wp-json\/wp\/v2\/media\/20862"}],"wp:attachment":[{"href":"https:\/\/www.generationsanstabac.org\/fr\/wp-json\/wp\/v2\/media?parent=20861"}],"wp:term":[{"taxonomy":"post_tag","embeddable":true,"href":"https:\/\/www.generationsanstabac.org\/fr\/wp-json\/wp\/v2\/tags?post=20861"},{"taxonomy":"thematique","embeddable":true,"href":"https:\/\/www.generationsanstabac.org\/fr\/wp-json\/wp\/v2\/thematique?post=20861"}],"curies":[{"name":"wp","href":"https:\/\/api.w.org\/{rel}","templated":true}]}}