{"id":20853,"date":"2022-11-08T13:00:05","date_gmt":"2022-11-08T12:00:05","guid":{"rendered":"https:\/\/www.generationsanstabac.org\/actualites\/35-associations-africaines-demandent-exclusion-philip-morris\/"},"modified":"2022-11-08T13:00:05","modified_gmt":"2022-11-08T12:00:05","slug":"35-associations-africaines-demandent-exclusion-philip-morris","status":"publish","type":"actualites","link":"https:\/\/www.generationsanstabac.org\/fr\/actualites\/35-associations-africaines-demandent-exclusion-philip-morris\/","title":{"rendered":"35 associations africaines demandent l\u2019exclusion de Philip Morris de la Semaine africaine du commerce et des douanes"},"content":{"rendered":"<p style=\"text-align: justify;\"><em>35 organisations issues de 23 pays africains ont d\u00e9nonc\u00e9 la participation du fabricant Philip Morris International (PMI) au sommet \u00ab Africa Trade &amp; Customs week 2022 \u00bb.  Elles ont demand\u00e9 le retrait de la multinationale du tabac de tous ses engagements li\u00e9s au sommet qui doit se tenir du 7 au 9 novembre 2022 \u00e0 Sandton, Johannesburg, en Afrique du Sud<a href=\"#_ftn1\" name=\"_ftnref1\"><strong>[1]<\/strong><\/a>.<\/em><\/p>\n<p style=\"text-align: justify;\">La semaine africaine du commerce et des douanes rassemblera des experts de renomm\u00e9e mondiale et des d\u00e9cideurs de haut niveau issus d&rsquo;agences multilat\u00e9rales, de divers minist\u00e8res et agences gouvernementales et d&rsquo;organisations du secteur priv\u00e9 de tout secteur d\u2019activit\u00e9. Sur le site internet de l\u2019\u00e9v\u00e9nement, Alessandro Maria Poggiali, vice-pr\u00e9sident Corporate Affairs pour le Moyen-Orient, l\u2019Afrique et pour le Duty-Free de Philip Morris International (PMI), est indiqu\u00e9 comme intervenant \u00e0 la rencontre sur la th\u00e9matique \u00ab <em>Acc\u00e8s au march\u00e9 pour les marchandises entrant et sortant d&rsquo;Afrique<\/em> \u00bb, aux c\u00f4t\u00e9s du directeur du COMESA, du vice-pr\u00e9sident de l\u2019entreprise fran\u00e7aise Bureau Veritas et du directeur g\u00e9n\u00e9ral des op\u00e9rations de l\u2019entreprise africaine AeTrade Group.<\/p>\n<p><img fetchpriority=\"high\" decoding=\"async\" class=\"aligncenter size-large wp-image-5510\" src=\"https:\/\/www.generationsanstabac.org\/wp-content\/uploads\/2024\/07\/afrique-philip-morris-lobby-1024x557.png\" alt=\"afrique-philip-morris-lobby\" width=\"1024\" height=\"557\" \/><\/p>\n<p style=\"text-align: justify;\">Dans une <a href=\"http:\/\/documents.atca-africa.org\/Petition-PMI-Sponsorship-Africa-Customs-Summit.pdf\">p\u00e9tition<\/a> commune dat\u00e9e du 21 octobre 2022, les organisations notent leur pr\u00e9occupation de la pr\u00e9sence du cigarettier laquelle constitue une violation de la Convention-cadre pour la lutte antitabac de l&rsquo;Organisation mondiale de la sant\u00e9 (CCLAT de l&rsquo;OMS). Il s&rsquo;agit \u00e9galement d&rsquo;une violation de la l\u00e9gislation sud-africaine actuelle sur la lutte antitabac, \u00e0 savoir la loi 83 de 1993 sur le contr\u00f4le des produits du tabac.<\/p>\n<h2 style=\"text-align: justify;\"><strong>Une participation contraire aux engagements de l\u2019Afrique du Sud<\/strong><\/h2>\n<p style=\"text-align: justify;\">La p\u00e9tition indique qu&rsquo;en tant que partie \u00e0 la CCLAT, l&rsquo;Afrique du Sud est tenue de respecter l\u2019article  5.3 de trait\u00e9, qui souligne que les politiques publiques ne doivent pas \u00eatre <em>\u00ab influence\u0301es par les inte\u0301re\u0302ts commerciaux et autres de l\u2019industrie du tabac \u00bb<\/em>. Des directives d\u2019application pr\u00e9cises concernant cette obligation pr\u00e9voient notamment que les relations des pouvoirs publics avec des repr\u00e9sentants de l\u2019industrie du tabac doivent \u00eatre limit\u00e9es au strict n\u00e9cessaire pour la r\u00e9glementation des produits du tabac et de son industrie et lorsque ces interactions existent, elles doivent intervenir dans la transparence. Cette p\u00e9tition rappelle \u00e9galement la l\u00e9gislation actuelle de l&rsquo;Afrique du Sud qui indique que \u00ab <em>Aucun fabricant, importateur, distributeur ou d\u00e9taillant de produits du tabac ne doit organiser ou promouvoir une activit\u00e9 organis\u00e9e, devant se d\u00e9rouler en totalit\u00e9 ou en partie dans la R\u00e9publique, ni apporter une contribution financi\u00e8re \u00e0 une activit\u00e9 organis\u00e9e devant se d\u00e9rouler, se d\u00e9roulant ou s&rsquo;\u00e9tant d\u00e9roul\u00e9e en totalit\u00e9 ou en partie dans la R\u00e9publique<\/em> \u00bb.<\/p>\n<h2 style=\"text-align: justify;\"><strong>La tentative de Philip Morris de s\u2019inviter aux tables des discussions<\/strong><\/h2>\n<p style=\"text-align: justify;\">Cette participation de PMI au sommet africain se produit au moment o\u00f9 le projet de loi sud-africain de lutte contre le tabagisme et de r\u00e9glementation des produits de la nicotine est en passe d&rsquo;\u00eatre soumis au Parlement pour \u00eatre vot\u00e9. Ce dernier suscite de fortes oppositions de la part de l\u2019industrie du tabac. Les 35 organisations soup\u00e7onnent que la d\u00e9cision de Philip Morris International de parrainer un sommet aussi important est une strat\u00e9gie visant \u00e0 obtenir l&rsquo;acc\u00e8s \u00e0 des responsables politiques du secteur de la fiscalit\u00e9 afin d&rsquo;influencer la politique du gouvernement.<\/p>\n<p style=\"text-align: justify;\">Les organisations ont appel\u00e9 l&rsquo;Afrique du Sud \u00e0 assurer plut\u00f4t la mise en \u0153uvre effective du Protocole pour l&rsquo;\u00e9limination du commerce illicite des produits du tabac, qui pr\u00e9voit des mesures pour suivre et tracer efficacement les mouvements des produits du tabac au sein du pays et au-del\u00e0 des fronti\u00e8res du pays. L&rsquo;Afrique du Sud n&rsquo;a pas progress\u00e9 dans la mise en \u0153uvre du protocole qu&rsquo;elle a sign\u00e9 en 2013.<\/p>\n<p style=\"text-align: justify;\">L\u2019Afrique du Sud est l\u2019un des 10 pays les plus expos\u00e9s au risque d\u2019interf\u00e9rence de l\u2019industrie du tabac et, selon le dernier rapport mondial d\u2019interf\u00e9rence de l\u2019industrie du tabac<a href=\"#_ftn2\" name=\"_ftnref2\"><sup>[2]<\/sup><\/a>, publi\u00e9 fin 2021, la situation en Afrique du Sud continue \u00e0 se d\u00e9t\u00e9riorer en mati\u00e8re de lutte contre le lobby de l\u2019industrie du tabac. Le rapport d\u00e9non\u00e7ait plus particuli\u00e8rement l\u2019existence de relations non n\u00e9cessaires entre les membres du gouvernement et l\u2019industrie du tabac.<\/p>\n<h2 style=\"text-align: justify;\"><strong>La n\u00e9cessaire mobilisation des acteurs de sant\u00e9 dans le monde pour \u00e9vincer l\u2019industrie du tabac<\/strong><\/h2>\n<p style=\"text-align: justify;\">Philip Morris a \u00e9t\u00e9 exclu de plusieurs rencontres nationales et internationales ces derni\u00e8res ann\u00e9es gr\u00e2ce \u00e0 la mobilisation rapide des diff\u00e9rents acteurs en sant\u00e9 publique. En septembre dernier, Philip Morris avait \u00e9t\u00e9 \u00e9vinc\u00e9 de la 7e conf\u00e9rence sur la tuberculose sud-africaine<a href=\"#_ftn3\" name=\"_ftnref3\">[3]<\/a> suite \u00e0 la rapide mobilisation de plusieurs acteurs dont l\u2019OMS et la fondation Bill et Melinda Gates qui avaient alors refus\u00e9 de participer \u00e0 l\u2019\u00e9v\u00e9nement si la pr\u00e9sence du cigarettier \u00e9tait maintenue. En mai 2021<a href=\"#_ftn4\" name=\"_ftnref4\">[4]<\/a>, La participation de Philip Morris au dixi\u00e8me anniversaire des Dialogues de l\u2019Inclusion et de la RSE avait \u00e9galement \u00e9t\u00e9 annul\u00e9e, suite \u00e0 la mobilisation des acteurs de sant\u00e9 publique en France et \u00e0 l\u2019international. Un mois plus t\u00f4t<a href=\"#_ftn5\" name=\"_ftnref5\">[5]<\/a>, Philip Morris avait \u00e9t\u00e9 \u00e9vinc\u00e9 de la <em>26<\/em>e Conf\u00e9rence internationale sur l\u2019avenir de l\u2019Asie (\u00e0 Nikkei au Japon) \u2013 un rassemblement mondial o\u00f9 des dirigeants et des universitaires de premier plan se r\u00e9unissent pour discuter des probl\u00e8mes r\u00e9gionaux et de la position de l\u2019Asie dans le monde \u2013 suite \u00e0 la mobilisation internationale de plusieurs organismes en sant\u00e9 publique.<\/p>\n<p style=\"text-align: justify;\">La participation du cigarettier \u00e0 ces rencontres fait partie de la strat\u00e9gie du cigarettier pour r\u00e9habiliter son image. L\u2019optique finale est de parvenir \u00e0 influencer les institutions internationales et les \u00e9lites politiques dans un sens favorable \u00e0 ses int\u00e9r\u00eats. En cherchant ces opportunit\u00e9s, l\u2019industrie du tabac s&#8217;emploie activement \u00e0 saper les efforts de la CCLAT de l&rsquo;OMS permettant de r\u00e9duire la consommation de tabac.<\/p>\n<p style=\"text-align: justify;\"><strong>Mots-cl\u00e9s : Afrique du Sud, Philip Morris, Afrique, CCLAT, OMS, Lobby, Ing\u00e9rence<\/strong><\/p>\n<p style=\"text-align: justify;\"><strong><a href=\"https:\/\/www.generationsanstabac.org\/\">\u00a9G\u00e9n\u00e9ration Sans Tabac<\/a><\/strong><\/p>\n<p style=\"text-align: right;\"><em><strong>AE<\/strong><\/em><\/p>\n<p>&nbsp;<\/p>\n<p><a href=\"#_ftnref1\" name=\"_ftn1\">[1]<\/a> Communiqu\u00e9 de presse, <a href=\"https:\/\/atca-africa.org\/35-organisations-from-23-african-countries-call-for-the-removal-of-philip-morris-international-pmi-from-all-engagements-related-to-the-africa-trade-customs-week-summit-2022\/\">35 organisations from 23 African countries call for the removal of Philip Morris International (PMI) from all engagements related to the Africa Trade &amp; Customs Week Summit 2022,<\/a> ATCA, publi\u00e9 le 2 novembre 2022, consult\u00e9 le 7 novembre 2022<\/p>\n<p><a href=\"#_ftnref2\" name=\"_ftn2\">[2]<\/a> Tobacco Industry Interference Index, <a href=\"https:\/\/841e1e5c-cd4b-4521-abe7-8d810b959f2b.filesusr.com\/ugd\/0a15f0_f97bbbd7b469432f8defe0d8c67ceec8.pdf\">South Africa 2021<\/a>, septembre 2021, consult\u00e9 le 7 novembre 2022<\/p>\n<p><a href=\"#_ftnref3\" name=\"_ftn3\">[3]<\/a> G\u00e9n\u00e9ration sans tabac, <a href=\"https:\/\/www.generationsanstabac.org\/actualites\/philip-morris-ejecte-dune-conference-sur-la-tuberculose\/\">Philip Morris \u00e9ject\u00e9 d\u2019une conf\u00e9rence sur la tuberculose<\/a>, publi\u00e9 le 19 septembre 2022, consult\u00e9 le 7 novembre 2022<\/p>\n<p><a href=\"#_ftnref4\" name=\"_ftn4\">[4]<\/a> G\u00e9n\u00e9ration sans tabac, <a href=\"https:\/\/www.generationsanstabac.org\/actualites\/france-cuisante-defaite-pour-philip-morris\/\">France : cuisante d\u00e9faite pour Philip Morris<\/a>, publi\u00e9 le 26 mai 2021, consult\u00e9 le 7 novembre 2021<\/p>\n<p><a href=\"#_ftnref5\" name=\"_ftn5\">[5]<\/a> G\u00e9n\u00e9ration sans tabac, <a href=\"https:\/\/www.generationsanstabac.org\/actualites\/conference-internationale-the-future-of-asia-philip-morris-evince\/\">Conf\u00e9rence internationale \u00ab The future of Asia \u00bb : Philip Morris \u00e9vinc\u00e9<\/a>, publi\u00e9 le 17 mai 2021, consult\u00e9 le 7 novembre 2022<\/p>\n<p><span style=\"color: #999999;\"><strong><a style=\"color: #999999;\" href=\"http:\/\/www.cnct.fr\/\" target=\"_blank\" rel=\"noopener noreferrer\">Comit\u00e9 national contre le tabagisme |<\/a> <\/strong><\/span><\/p>\n","protected":false},"excerpt":{"rendered":"<p>35 organisations issues de 23 pays africains ont d\u00e9nonc\u00e9 la participation du fabricant Philip Morris International (PMI) au sommet \u00ab Africa Trade &#038; Customs week 2022 \u00bb.  Elles ont demand\u00e9 le retrait de la multinationale du tabac de tous ses engagements li\u00e9s au sommet qui doit se tenir du 7 au 9 novembre 2022 \u00e0 Sandton, Johannesburg, en Afrique du Sud<\/p>\n","protected":false},"featured_media":20855,"template":"","tags":[],"thematique":[499],"class_list":["post-20853","actualites","type-actualites","status-publish","has-post-thumbnail","hentry","thematique-lobby"],"acf":[],"_links":{"self":[{"href":"https:\/\/www.generationsanstabac.org\/fr\/wp-json\/wp\/v2\/actualites\/20853","targetHints":{"allow":["GET"]}}],"collection":[{"href":"https:\/\/www.generationsanstabac.org\/fr\/wp-json\/wp\/v2\/actualites"}],"about":[{"href":"https:\/\/www.generationsanstabac.org\/fr\/wp-json\/wp\/v2\/types\/actualites"}],"version-history":[{"count":0,"href":"https:\/\/www.generationsanstabac.org\/fr\/wp-json\/wp\/v2\/actualites\/20853\/revisions"}],"wp:featuredmedia":[{"embeddable":true,"href":"https:\/\/www.generationsanstabac.org\/fr\/wp-json\/wp\/v2\/media\/20855"}],"wp:attachment":[{"href":"https:\/\/www.generationsanstabac.org\/fr\/wp-json\/wp\/v2\/media?parent=20853"}],"wp:term":[{"taxonomy":"post_tag","embeddable":true,"href":"https:\/\/www.generationsanstabac.org\/fr\/wp-json\/wp\/v2\/tags?post=20853"},{"taxonomy":"thematique","embeddable":true,"href":"https:\/\/www.generationsanstabac.org\/fr\/wp-json\/wp\/v2\/thematique?post=20853"}],"curies":[{"name":"wp","href":"https:\/\/api.w.org\/{rel}","templated":true}]}}