{"id":20850,"date":"2022-11-04T09:00:59","date_gmt":"2022-11-04T08:00:59","guid":{"rendered":"https:\/\/www.generationsanstabac.org\/actualites\/le-cnct-lance-une-petition-pour-linterdiction-des-puffs\/"},"modified":"2022-11-04T09:00:59","modified_gmt":"2022-11-04T08:00:59","slug":"le-cnct-lance-une-petition-pour-linterdiction-des-puffs","status":"publish","type":"actualites","link":"https:\/\/www.generationsanstabac.org\/fr\/actualites\/le-cnct-lance-une-petition-pour-linterdiction-des-puffs\/","title":{"rendered":"Le CNCT lance une p\u00e9tition pour l\u2019interdiction des puffs"},"content":{"rendered":"<p style=\"text-align: justify;\"><em>L\u2019ACT-Alliance contre le tabac et le Comit\u00e9 national contre le tabagisme (CNCT) ont lanc\u00e9 conjointement, le 25 octobre dernier, un appel \u00e0 interdire imm\u00e9diatement les cigarettes \u00e9lectroniques de type puff, tr\u00e8s populaires aupr\u00e8s des adolescents<a href=\"#_ftn1\" name=\"_ftnref1\"><strong>[1]<\/strong><\/a>. Tr\u00e8s largement m\u00e9diatis\u00e9e, cette demande fait d\u00e9sormais l\u2019objet d\u2019une p\u00e9tition, lanc\u00e9e le 28 octobre dernier.  <\/em><\/p>\n<p style=\"text-align: justify;\">La p\u00e9tition, lanc\u00e9e par le CNCT, rappelle que l\u2019interdiction des puffs est indispensable tant d\u2019un point de vue sanitaire qu\u2019environnemental. Si les pouvoirs publics s\u2019engagent dans cette voie,  la  France serait alors le deuxi\u00e8me pays dans le monde \u00e0 envisager l\u2019interdiction de ces produits apr\u00e8s l\u2019<a href=\"https:\/\/www.generationsanstabac.org\/actualites\/irlande-envisage-dinterdire-les-cigarettes-electroniques-jetables\/\">Irlande<\/a>.<\/p>\n<h2 style=\"text-align: justify;\"><strong>Les puffs, une nouvelle porte d\u2019entr\u00e9e dans la nicotine pour les jeunes<\/strong><\/h2>\n<p style=\"text-align: justify;\">L\u2019association alerte sur le caract\u00e8re addictif et la nocivit\u00e9 de ces produits, notamment pour les adolescents. Certains de ces produits contiennent des taux tr\u00e8s \u00e9lev\u00e9s de nicotine (jusqu\u2019\u00e0 2%, le taux le plus \u00e9lev\u00e9 autoris\u00e9 en Union Europ\u00e9enne). La nicotine est une drogue tr\u00e8s puissante entrainant une forte d\u00e9pendance. Pour les adolescents, les cons\u00e9quences de l\u2019exposition du cerveau \u00e0 la nicotine peuvent \u00eatre d\u2019autant plus pr\u00e9judiciables que ceux-ci n\u2019ont pas encore atteint le stade de la maturit\u00e9 c\u00e9r\u00e9brale (qui se fait autour de 25 ans).<\/p>\n<p style=\"text-align: justify;\">Le CNCT pr\u00e9cise que les cigarettes \u00e9lectroniques jetables ne sont pas promues comme \u00e9tant un outil de sevrage tabagique mais plut\u00f4t comme une mani\u00e8re ludique de consommer de la nicotine. Les jeunes qui consomment ces produits seront susceptibles de passer \u00e0 la consommation de produits encore plus dangereux comme la cigarette traditionnelle.<\/p>\n<h2 style=\"text-align: justify;\"><strong>Une source massive de pollution<\/strong><\/h2>\n<p style=\"text-align: justify;\">Le CNCT pointe \u00e9galement du doigt le manque d\u2019information concernant le recyclage de ces produits lors de l\u2019achat. \u00c0 usage unique, elles peuvent devenir des sources massives et dangereuses de d\u00e9chets si elles ne sont pas recycl\u00e9es de mani\u00e8re ad\u00e9quate. Ces derni\u00e8res finissent majoritairement dans les poubelles ou dans la nature comme en t\u00e9moignent les r\u00e9sultats d\u2019une \u00e9tude britannique \u00e0 ce sujet qui avait estim\u00e9 que deux cigarettes \u00e9lectroniques jetables sont jet\u00e9es \u00e0 la poubelle chaque seconde au Royaume-Uni. Produites en grandes quantit\u00e9s, la mauvaise gestion de ces produits risque d\u2019alourdir encore plus le poids environnemental des autres produits du tabac et de la nicotine, notamment les cigarettes manufactur\u00e9es puisque 20 000 tonnes de m\u00e9gots sont jet\u00e9es dans la nature chaque ann\u00e9e en France.<\/p>\n<p style=\"text-align: justify;\">Les r\u00e9sultats de l&rsquo;enqu\u00eate de l&rsquo;Alliance sont sans \u00e9quivoque, il s&rsquo;agit bien d&rsquo;une \u00e9pid\u00e9mie p\u00e9diatrique et industrielle, comme le rappelle son Pr\u00e9sident, le Pr. Lo\u00efc Josseran, et qu&rsquo;elle doit \u00eatre rapidement contrecarr\u00e9e.<\/p>\n<p style=\"text-align: justify;\"><a href=\"https:\/\/www.mesopinions.com\/petition\/sante\/interdiction-cigarettes-electroniques-jetables-puffs\/190680\">Pour voir la p\u00e9tition<\/a><\/p>\n<p><strong>Mots-cl\u00e9s : p\u00e9tition, interdiction, puffs, cigarettes \u00e9lectroniques jetables, adolescents, nicotine, pollution<\/strong><\/p>\n<p style=\"text-align: justify;\"><strong><a href=\"https:\/\/www.generationsanstabac.org\/\">\u00a9G\u00e9n\u00e9ration Sans Tabac<\/a><\/strong><\/p>\n<p style=\"text-align: right;\"><em><strong>AE<\/strong><\/em><\/p>\n<hr \/>\n<p><a href=\"#_ftnref1\" name=\"_ftn1\">[1]<\/a> G\u00e9n\u00e9ration sans tabac, <a href=\"https:\/\/www.generationsanstabac.org\/actualites\/deux-associations-proposent-linterdiction-des-cigarettes-electroniques-jetables-puffs\/\">Deux associations proposent l\u2019interdiction des cigarettes \u00e9lectroniques jetables (puffs)<\/a>, publi\u00e9 le 25 octobre 2022, consult\u00e9 le 2 novembre 2022<\/p>\n<p><span style=\"color: #999999;\"><strong><a style=\"color: #999999;\" href=\"http:\/\/www.cnct.fr\/\" target=\"_blank\" rel=\"noopener noreferrer\">Comit\u00e9 national contre le tabagisme |<\/a> <\/strong><\/span><\/p>\n","protected":false},"excerpt":{"rendered":"<p>L\u2019ACT-Alliance contre le tabac et le Comit\u00e9 national contre le tabagisme (CNCT) ont lanc\u00e9 conjointement, le 25 octobre dernier, un appel \u00e0 interdire imm\u00e9diatement les cigarettes \u00e9lectroniques de type puff, tr\u00e8s populaires aupr\u00e8s des adolescents[1]. Tr\u00e8s largement m\u00e9diatis\u00e9e, cette demande fait d\u00e9sormais l\u2019objet d\u2019une p\u00e9tition, lanc\u00e9e le 28 octobre dernier.  <\/p>\n","protected":false},"featured_media":11258,"template":"","tags":[],"thematique":[502,516],"class_list":["post-20850","actualites","type-actualites","status-publish","has-post-thumbnail","hentry","thematique-justice","thematique-nouveaux-produits"],"acf":[],"_links":{"self":[{"href":"https:\/\/www.generationsanstabac.org\/fr\/wp-json\/wp\/v2\/actualites\/20850","targetHints":{"allow":["GET"]}}],"collection":[{"href":"https:\/\/www.generationsanstabac.org\/fr\/wp-json\/wp\/v2\/actualites"}],"about":[{"href":"https:\/\/www.generationsanstabac.org\/fr\/wp-json\/wp\/v2\/types\/actualites"}],"version-history":[{"count":0,"href":"https:\/\/www.generationsanstabac.org\/fr\/wp-json\/wp\/v2\/actualites\/20850\/revisions"}],"wp:featuredmedia":[{"embeddable":true,"href":"https:\/\/www.generationsanstabac.org\/fr\/wp-json\/wp\/v2\/media\/11258"}],"wp:attachment":[{"href":"https:\/\/www.generationsanstabac.org\/fr\/wp-json\/wp\/v2\/media?parent=20850"}],"wp:term":[{"taxonomy":"post_tag","embeddable":true,"href":"https:\/\/www.generationsanstabac.org\/fr\/wp-json\/wp\/v2\/tags?post=20850"},{"taxonomy":"thematique","embeddable":true,"href":"https:\/\/www.generationsanstabac.org\/fr\/wp-json\/wp\/v2\/thematique?post=20850"}],"curies":[{"name":"wp","href":"https:\/\/api.w.org\/{rel}","templated":true}]}}