{"id":20845,"date":"2022-10-25T12:00:03","date_gmt":"2022-10-25T10:00:03","guid":{"rendered":"https:\/\/www.generationsanstabac.org\/actualites\/deux-associations-proposent-linterdiction-des-cigarettes-electroniques-jetables-puffs\/"},"modified":"2022-10-25T12:00:03","modified_gmt":"2022-10-25T10:00:03","slug":"deux-associations-proposent-linterdiction-des-cigarettes-electroniques-jetables-puffs","status":"publish","type":"actualites","link":"https:\/\/www.generationsanstabac.org\/fr\/actualites\/deux-associations-proposent-linterdiction-des-cigarettes-electroniques-jetables-puffs\/","title":{"rendered":"Deux associations proposent l\u2019interdiction des cigarettes \u00e9lectroniques jetables (puffs)"},"content":{"rendered":"<p style=\"text-align: justify;\"><em>L\u2019ACT-Alliance contre le tabac et le Comit\u00e9 national contre le tabagisme, CNCT, demandent l\u2019interdiction imm\u00e9diate des cigarettes \u00e9lectroniques jetables (puffs), tr\u00e8s populaires aupr\u00e8s des adolescents. Une enqu\u00eate r\u00e9alis\u00e9e par l\u2019ACT et l\u2019institut de sondage BVA, aupr\u00e8s de 400 adolescents fran\u00e7ais \u00e2g\u00e9s de 13 \u00e0 16 ans et publi\u00e9e ce jeudi 8 septembre montre que 28% d\u2019entre eux se sont initi\u00e9s \u00e0 la nicotine avec ce produit.<\/em><\/p>\n<p style=\"text-align: justify;\">Les cigarettes \u00e9lectroniques jetables sont des dispositifs de vapotage compacts, pr\u00eats \u00e0 l\u2019emploi et pr\u00e9-remplis qui peuvent contenir jusqu\u2019\u00e0 20 mg\/ml (2%) de sels de nicotine. Elles d\u00e9livrent entre 600 (soit environ deux paquets de cigarettes) et 2000 bouff\u00e9es par dispositif et se jettent une fois \u00e9puis\u00e9es.<\/p>\n<h2 style=\"text-align: justify;\">Un produit pris\u00e9 des jeunes adolescents<\/h2>\n<p style=\"text-align: justify;\">Les puffs, arriv\u00e9es en France en 2021 sont rapidement devenues un effet de mode aupr\u00e8s des jeunes, notamment propuls\u00e9es par les r\u00e9seaux sociaux et les influenceurs qui vantent leur facilit\u00e9 d\u2019utilisation.  Selon les r\u00e9sultats de l\u2019enqu\u00eate ACT\/BVA, 66% des adolescents affirment avoir d\u00e9j\u00e0 entendu parler de ce produit ; 13% d\u2019entre eux ont d\u00e9j\u00e0 consomm\u00e9 ce produit ; 9% d\u2019entre eux ont d\u00e9j\u00e0 achet\u00e9 ce produit -malgr\u00e9 l\u2019interdiction de vente aux mineurs en vigueur- et 28% d\u2019entre eux se sont initi\u00e9s \u00e0 la nicotine avec ce produit. Parmi eux, 17% se sont ensuite tourn\u00e9s vers une autre forme de produit de la nicotine ou du tabac.<\/p>\n<p style=\"text-align: justify;\">Malgr\u00e9 l\u2019interdiction de consommer ces produits \u00e0 l\u2019int\u00e9rieur des \u00e9tablissements scolaires, la moiti\u00e9 des adolescents indique que la puff est utilis\u00e9e avant tout dans les coll\u00e8ges et lyc\u00e9es, favorisant ainsi l\u2019influence des pairs sur la consommation. Un adolescent sur 2 a d\u00e9clar\u00e9 avoir essay\u00e9 le produit car ses propres amis le consomment.<\/p>\n<h2 style=\"text-align: justify;\"><strong>Les adolescents s\u00e9duits par la diversit\u00e9 des ar\u00f4mes des puffs<\/strong><\/h2>\n<p style=\"text-align: justify;\">Ces cigarettes \u00e9lectroniques jetables se d\u00e9clinent en une quinzaine de saveurs sucr\u00e9es ou fruit\u00e9es (marshmallow, raisin glac\u00e9, ice cream mango, choco noisette, etc.) dans un emballage color\u00e9 et attrayant, \u00e9vocateurs des emballages de confiseries tr\u00e8s pris\u00e9s des mineurs et jeunes adultes.  Pour 61% des adolescents, les go\u00fbts, originaux et fruit\u00e9s, repr\u00e9sentent d\u2019ailleurs le premier argument pour s\u2019initier \u00e0 la consommation de la puff.<\/p>\n<p style=\"text-align: justify;\">Ces packagings sont \u00e9galement con\u00e7us pour r\u00e9duire l\u2019efficacit\u00e9 des avertissements sanitaires et induire en erreur les consommateurs. Plus de 8 adolescents sur 10 (81%) interrog\u00e9s estiment que la puff est un gadget et plus de la moiti\u00e9 (52%) d\u2019entre eux ont une image positive de ces produits, d\u00e9clarant qu\u2019il est amusant de jouer avec les nuages de vapeur \u00e9mises par ces produits. L\u2019avertissement sanitaire textuel se trouve noy\u00e9 dans un univers graphique publicitaire.<\/p>\n<h2 style=\"text-align: justify;\"><strong>Une \u00e9tude sur la faisabilit\u00e9 juridique d\u2019une telle interdiction en cours <\/strong><\/h2>\n<p style=\"text-align: justify;\">Dans son communiqu\u00e9, le Comit\u00e9 national contre le tabagisme souligne l\u2019urgence d\u2019interdire la vente de ces produits et indique avoir engag\u00e9 une \u00e9tude en interne sur l\u2019opportunit\u00e9 et la faisabilit\u00e9 juridique d\u2019une telle interdiction dans le cadre de son projet sur les nouveaux produits du tabac et de la nicotine financ\u00e9 par le Fonds de lutte contre les addictions.<\/p>\n<p style=\"text-align: justify;\">Le CNCT avait d\u00e9j\u00e0 alert\u00e9 en mai dernier, dans le cadre de ses observatoires sur les lieux de vente, sur l\u2019accessibilit\u00e9 grandissante de ces produits qui pose la question du respect des interdits protecteurs comme le strict encadrement de la publicit\u00e9 sur le lieu de vente et l&rsquo;interdiction de vente aux mineurs. L\u2019association avait constat\u00e9 la vente d\u2019une ou plusieurs marques de puff dans 70% des lieux visit\u00e9s dont des kiosques parisiens, des GIFIs ou encore des magasins de d\u00e9coration. L&rsquo;association a \u00e9galement b\u00e9n\u00e9fici\u00e9 d&rsquo;une d\u00e9cision favorable en septembre dernier lorsque le Pr\u00e9sident du tribunal judiciaire de Paris a condamn\u00e9 la soci\u00e9t\u00e9 \u00e9ditrice des sites internet \u00ab wpuff.com \u00bb et \u00ab wpuff.fr \u00bb, pour publicit\u00e9 illicite en faveur de vapotage.<\/p>\n<p style=\"text-align: justify;\"><strong>Mots-cl\u00e9s : puffs, cigarette \u00e9lectronique jetable, vapotage, interdiction, adolescents, ACT, CNCT<\/strong><\/p>\n<p style=\"text-align: justify;\"><strong><a href=\"https:\/\/www.generationsanstabac.org\/\">\u00a9G\u00e9n\u00e9ration Sans Tabac<\/a><\/strong><\/p>\n<p style=\"text-align: right;\"><strong><em>AE<\/em><\/strong><\/p>\n<hr \/>\n<p><a href=\"https:\/\/cnct.fr\/communiques\/puffs-le-cnct-demande-linterdiction-des-cigarettes-electroniques-jetables\/\" target=\"_blank\" rel=\"noopener\">Communiqu\u00e9 de presse du Comit\u00e9 national contre le tabagisme<\/a><\/p>\n<p><a href=\"https:\/\/www.generationsanstabac.org\/article\/puffs-risque-epidemie-pediatrique\/\">D\u00e9cryptage \u2013 les puffs, un risque d\u2019\u00e9pid\u00e9mie p\u00e9diatrique<\/a><\/p>\n<p><span style=\"color: #999999;\"><strong><a style=\"color: #999999;\" href=\"http:\/\/www.cnct.fr\/\" target=\"_blank\" rel=\"noopener noreferrer\">Comit\u00e9 national contre le tabagisme |<\/a><\/strong><\/span><\/p>\n","protected":false},"excerpt":{"rendered":"<p>L\u2019ACT-Alliance contre le tabac et le Comit\u00e9 national contre le tabagisme, CNCT, demandent l\u2019interdiction imm\u00e9diate des cigarettes \u00e9lectroniques jetables (puffs), tr\u00e8s populaires aupr\u00e8s des adolescents. Une enqu\u00eate r\u00e9alis\u00e9e par l\u2019ACT et l\u2019institut de sondage BVA, aupr\u00e8s de 400 adolescents fran\u00e7ais \u00e2g\u00e9s de 13 \u00e0 16 ans et publi\u00e9e ce jeudi 8 septembre montre que 28% d\u2019entre eux se sont initi\u00e9s \u00e0 la nicotine avec ce produit.<\/p>\n","protected":false},"featured_media":11250,"template":"","tags":[],"thematique":[502,516],"class_list":["post-20845","actualites","type-actualites","status-publish","has-post-thumbnail","hentry","thematique-justice","thematique-nouveaux-produits"],"acf":[],"_links":{"self":[{"href":"https:\/\/www.generationsanstabac.org\/fr\/wp-json\/wp\/v2\/actualites\/20845","targetHints":{"allow":["GET"]}}],"collection":[{"href":"https:\/\/www.generationsanstabac.org\/fr\/wp-json\/wp\/v2\/actualites"}],"about":[{"href":"https:\/\/www.generationsanstabac.org\/fr\/wp-json\/wp\/v2\/types\/actualites"}],"version-history":[{"count":0,"href":"https:\/\/www.generationsanstabac.org\/fr\/wp-json\/wp\/v2\/actualites\/20845\/revisions"}],"wp:featuredmedia":[{"embeddable":true,"href":"https:\/\/www.generationsanstabac.org\/fr\/wp-json\/wp\/v2\/media\/11250"}],"wp:attachment":[{"href":"https:\/\/www.generationsanstabac.org\/fr\/wp-json\/wp\/v2\/media?parent=20845"}],"wp:term":[{"taxonomy":"post_tag","embeddable":true,"href":"https:\/\/www.generationsanstabac.org\/fr\/wp-json\/wp\/v2\/tags?post=20845"},{"taxonomy":"thematique","embeddable":true,"href":"https:\/\/www.generationsanstabac.org\/fr\/wp-json\/wp\/v2\/thematique?post=20845"}],"curies":[{"name":"wp","href":"https:\/\/api.w.org\/{rel}","templated":true}]}}