{"id":20834,"date":"2022-10-20T08:00:40","date_gmt":"2022-10-20T06:00:40","guid":{"rendered":"https:\/\/www.generationsanstabac.org\/actualites\/le-comite-des-nations-unies-demande-allemagne-de-mieux-proteger-les-enfants-du-tabac\/"},"modified":"2022-10-20T08:00:40","modified_gmt":"2022-10-20T06:00:40","slug":"le-comite-des-nations-unies-demande-allemagne-de-mieux-proteger-les-enfants-du-tabac","status":"publish","type":"actualites","link":"https:\/\/www.generationsanstabac.org\/fr\/actualites\/le-comite-des-nations-unies-demande-allemagne-de-mieux-proteger-les-enfants-du-tabac\/","title":{"rendered":"Le Comit\u00e9 des Nations unies demande \u00e0 l&rsquo;Allemagne de mieux prot\u00e9ger les enfants du tabac"},"content":{"rendered":"<p style=\"text-align: justify;\"><em>Le Comit\u00e9 de la Convention des droits de l&rsquo;enfant des Nations unies (CDE) a \u00e9mis des recommandations<a href=\"#_ftn1\" name=\"_ftnref1\"><strong>[1]<\/strong><\/a> \u00e0 l&rsquo;intention du gouvernement allemand afin qu\u2019il prot\u00e8ge les enfants contre les violations de leurs droits par l&rsquo;industrie du tabac. Le Comit\u00e9 recommande \u00e0 l&rsquo;Allemagne d&rsquo;am\u00e9liorer l&rsquo;\u00e9ducation sur les risques du tabagisme et de la fum\u00e9e secondaire sur la sant\u00e9, de mieux r\u00e9glementer la vente de tabac aupr\u00e8s des enfants et de tenir les fabricants de tabac responsables des violations des droits des enfants dans les cha\u00eenes d&rsquo;approvisionnement.<\/em><\/p>\n<p style=\"text-align: justify;\">Ces recommandations sont le r\u00e9sultat du processus actuel d\u2019\u00e9valuation de rapports sur la Convention des Nations unies relative aux droits de l&rsquo;enfant. Ce dernier exige des parties au trait\u00e9 qu&rsquo;elles rendent compte de leur mise en \u0153uvre des dispositions de ce trait\u00e9 en mati\u00e8re de respect, de protection et d&rsquo;application des droits de l&rsquo;enfant.<\/p>\n<p style=\"text-align: justify;\">Cette convention des droits de l\u2019enfants s\u2019impose \u00e0 l\u2019Allemagne, tout comme la Convention-cadre de l&rsquo;OMS pour la lutte antitabac, laquelle vise \u00e0 garantir le droit \u00e0 la sant\u00e9 pour tous, en particulier des enfants et des adolescents.<\/p>\n<h2 style=\"text-align: justify;\"><strong>Les inqui\u00e9tudes du Comit\u00e9 concernant l\u2019obligation de protection des enfants \u00e0 l\u2019\u00e9gard du tabagisme<\/strong><\/h2>\n<p style=\"text-align: justify;\">Dans ses conclusions, le Comit\u00e9 fait \u00e9tat de plusieurs pr\u00e9occupations dans le domaine de la protection de la sant\u00e9 des enfants en relation avec la consommation active ou passive du tabac. Le Comit\u00e9 est particuli\u00e8rement pr\u00e9occup\u00e9 par le grand nombre d&rsquo;enfants, en particulier ceux qui se trouvent dans des situations socio-\u00e9conomiquement d\u00e9favoris\u00e9es, qui sont expos\u00e9s \u00e0 la fum\u00e9e secondaire en Allemagne.<\/p>\n<p style=\"text-align: justify;\">Dans cette perspective, rappelant son Observation g\u00e9n\u00e9rale n\u00b0 15 (2013) sur le droit de l&rsquo;enfant \u00e0 jouir du meilleur \u00e9tat de sant\u00e9 possible, le Comit\u00e9 recommande au gouvernement allemand de mener des activit\u00e9s de sensibilisation \u00e0 l&rsquo;intention des parents, y compris des m\u00e8res enceintes, sur les effets nocifs du tabagisme passif sur la sant\u00e9 des enfants. Le Comit\u00e9 souligne \u00e9galement l\u2019importance de r\u00e9glementer la commercialisation du tabac vis-\u00e0-vis des enfants et de continuer \u00e0 renforcer les mesures visant \u00e0 fournir aux enfants et adolescents des informations sur la pr\u00e9vention des addictions, notamment du tabac et de l&rsquo;alcool, et \u00e0 assurer le d\u00e9pistage pr\u00e9coce et l&rsquo;orientation ad\u00e9quate des adolescents n\u00e9cessitant un traitement pour ces addictions.<\/p>\n<p style=\"text-align: justify;\">Le Comit\u00e9 a aussi \u00e9mis une recommandation sur le travail des enfants dans les cha\u00eenes d&rsquo;approvisionnement. Il a notamment point\u00e9 la responsabilit\u00e9 juridique des entreprises commerciales et de leurs filiales op\u00e9rant sur le territoire de l&rsquo;\u00c9tat partie ou g\u00e9r\u00e9es \u00e0 partir de celui-ci, en ce qui concerne les normes internationales et nationales relatives aux droits humains, au travail, \u00e0 l&rsquo;environnement. Il est estim\u00e9 qu\u20191,3 million d\u2019enfants travaillent dans la production de tabac, en particulier dans la culture du tabac dans le monde<a href=\"#_ftn2\" name=\"_ftnref2\">[2]<\/a>.<\/p>\n<h2 style=\"text-align: justify;\"><strong>Les retards cons\u00e9quents de l\u2019Allemagne dans la lutte antitabac<\/strong><\/h2>\n<p style=\"text-align: justify;\">L\u2019Allemagne est \u00e0 la derni\u00e8re place du classement europ\u00e9en des politiques de lutte antitabac portant sur 36 pays du continent : aucun autre pays europ\u00e9en ne fait moins pour r\u00e9duire la consommation de tabac et mettre en \u0153uvre les mesures \u00e9prouv\u00e9es de la Convention-Cadre de l\u2019OMS. Ces retards se traduisent par une pr\u00e9valence tabagique \u00e9lev\u00e9e puisque plus d\u2019un Allemand sur cinq, \u00e2g\u00e9 de plus de 18 ans, est fumeur (23% de la population). Des diff\u00e9rences notables sont observ\u00e9es entre les diff\u00e9rents L\u00e4nder (21% en Sarre et 28% dans le Mecklembourg-Pom\u00e9ranie-Occidentale). Chaque ann\u00e9e, le tabagisme est \u00e0 l\u2019origine de 85 000 cas de cancer et de 127 000 d\u00e9c\u00e8s en Allemagne<a href=\"#_ftn3\" name=\"_ftnref3\">[3]<\/a>.<\/p>\n<p style=\"text-align: justify;\">En mai 2021, plus de 50 organisations de sant\u00e9 publique et de la soci\u00e9t\u00e9 civile ont publi\u00e9 une \u00ab <a href=\"https:\/\/www.dkfz.de\/de\/tabakkontrolle\/download\/Publikationen\/sonstVeroeffentlichungen\/2021_Strategie-fuer-ein-tabakfreies-Deutschland-2040_dp.pdf?m=1622221957&amp;\">Strat\u00e9gie pour une Allemagne sans tabac 2040 <\/a>\u00bb \u2013 un appel au gouvernement allemand pour qu\u2019il \u00e9labore un plan avec un calendrier concret pour mettre en \u0153uvre des mesures de lutte antitabac telles que l\u2019augmentation des taxes sur le tabac, la mise en place du paquet neutre, une interdiction compl\u00e8te de la publicit\u00e9, de la promotion et du parrainage du tabac et des dispositions pour aider les fumeurs \u00e0 arr\u00eater. L\u2019un des principaux obstacles \u00e0 la r\u00e9alisation de progr\u00e8s dans le domaine de la lutte antitabac en Allemagne reste l\u2019influence de l\u2019industrie du tabac dans l\u2019\u00e9laboration des politiques publiques.<\/p>\n<p><strong>Mots-cl\u00e9s : Allemagne, ONU, Comit\u00e9 des droits de l\u2019enfants, tabagisme passif,<\/strong><\/p>\n<p style=\"text-align: justify;\"><strong><a href=\"https:\/\/www.generationsanstabac.org\/\">\u00a9G\u00e9n\u00e9ration Sans Tabac<\/a><\/strong><\/p>\n<p style=\"text-align: right;\"><strong><em>AE<\/em><\/strong><\/p>\n<hr \/>\n<p><a href=\"#_ftnref1\" name=\"_ftn1\">[1]<\/a> Committee on the Rights of the Child, <a href=\"https:\/\/unfairtobacco.org\/wp-content\/uploads\/2022\/10\/CRC_Germany_Concluding-Observations_Sept2022.pdf\">Concluding observations on the combined fifth to sixth<\/a><\/p>\n<p><a href=\"https:\/\/unfairtobacco.org\/wp-content\/uploads\/2022\/10\/CRC_Germany_Concluding-Observations_Sept2022.pdf\">periodic reports of Germany<\/a>, CRC\/C\/DEU\/CO\/5-6, publi\u00e9 le 23 septembre 2022, consult\u00e9 le 18 octobre 2022<\/p>\n<p><a href=\"#_ftnref2\" name=\"_ftn2\">[2]<\/a> G\u00e9n\u00e9ration sans tabac, <a href=\"https:\/\/www.generationsanstabac.org\/article\/industrie-tabac-obstacle-elimination-travail-des-enfants\/\">L\u2019industrie du tabac : un obstacle \u00e0 l\u2019\u00e9limination du travail des enfants<\/a>, publi\u00e9 le 21 juin 2021, consult\u00e9 le 18 octobre 2022<\/p>\n<p><a href=\"#_ftnref3\" name=\"_ftn3\">[3]<\/a> G\u00e9n\u00e9ration sans tabac, <a href=\"https:\/\/www.generationsanstabac.org\/actualites\/allemagne-defi-generation-sans-tabac-et-sans-nicotine-2040\/\">Allemagne : le d\u00e9fi d\u2019une g\u00e9n\u00e9ration sans tabac et sans nicotine d\u2019ici 2040<\/a>, publi\u00e9 le 17 septembre 2021, consult\u00e9 le 18 octobre 2022<\/p>\n<p><span style=\"color: #999999;\"><strong><a style=\"color: #999999;\" href=\"http:\/\/www.cnct.fr\/\" target=\"_blank\" rel=\"noopener noreferrer\">Comit\u00e9 national contre le tabagisme |<\/a><\/strong><\/span><\/p>\n","protected":false},"excerpt":{"rendered":"<p>Le Comit\u00e9 de la Convention des droits de l&rsquo;enfant des Nations unies (CDE) a \u00e9mis des recommandations \u00e0 l&rsquo;intention du gouvernement allemand afin qu\u2019il prot\u00e8ge les enfants contre les violations de leurs droits par l&rsquo;industrie du tabac.<\/p>\n","protected":false},"featured_media":11238,"template":"","tags":[],"thematique":[491,474],"class_list":["post-20834","actualites","type-actualites","status-publish","has-post-thumbnail","hentry","thematique-politiques-publiques","thematique-sante"],"acf":[],"_links":{"self":[{"href":"https:\/\/www.generationsanstabac.org\/fr\/wp-json\/wp\/v2\/actualites\/20834","targetHints":{"allow":["GET"]}}],"collection":[{"href":"https:\/\/www.generationsanstabac.org\/fr\/wp-json\/wp\/v2\/actualites"}],"about":[{"href":"https:\/\/www.generationsanstabac.org\/fr\/wp-json\/wp\/v2\/types\/actualites"}],"version-history":[{"count":0,"href":"https:\/\/www.generationsanstabac.org\/fr\/wp-json\/wp\/v2\/actualites\/20834\/revisions"}],"wp:featuredmedia":[{"embeddable":true,"href":"https:\/\/www.generationsanstabac.org\/fr\/wp-json\/wp\/v2\/media\/11238"}],"wp:attachment":[{"href":"https:\/\/www.generationsanstabac.org\/fr\/wp-json\/wp\/v2\/media?parent=20834"}],"wp:term":[{"taxonomy":"post_tag","embeddable":true,"href":"https:\/\/www.generationsanstabac.org\/fr\/wp-json\/wp\/v2\/tags?post=20834"},{"taxonomy":"thematique","embeddable":true,"href":"https:\/\/www.generationsanstabac.org\/fr\/wp-json\/wp\/v2\/thematique?post=20834"}],"curies":[{"name":"wp","href":"https:\/\/api.w.org\/{rel}","templated":true}]}}