{"id":20828,"date":"2022-10-12T07:58:21","date_gmt":"2022-10-12T05:58:21","guid":{"rendered":"https:\/\/www.generationsanstabac.org\/actualites\/mois-sans-tabac-lancement-de-la-7eme-edition\/"},"modified":"2022-10-12T07:58:21","modified_gmt":"2022-10-12T05:58:21","slug":"mois-sans-tabac-lancement-de-la-7eme-edition","status":"publish","type":"actualites","link":"https:\/\/www.generationsanstabac.org\/fr\/actualites\/mois-sans-tabac-lancement-de-la-7eme-edition\/","title":{"rendered":"Mois sans tabac : lancement de la 7\u00e8me \u00e9dition"},"content":{"rendered":"<p style=\"text-align: justify;\"><em>Comme chaque ann\u00e9e depuis 2016, Sant\u00e9 Publique France et le Minist\u00e8re de la Sant\u00e9 et de la Pr\u00e9vention, en partenariat avec l\u2019Assurance-Maladie, proposent \u00e0 tous les fumeurs de s\u2019engager dans un mouvement collectif d\u2019arr\u00eat du tabac, sur une p\u00e9riode de 30 jours avec le soutien de l\u2019entourage fumeur comme non-fumeur.<\/em><\/p>\n<p style=\"text-align: justify;\">Depuis la 1<sup>\u00e8re<\/sup> \u00e9dition, 1 024 375 inscriptions de fumeurs ont d\u00e9j\u00e0 \u00e9t\u00e9 enregistr\u00e9es pour cette op\u00e9ration, maintenant devenue un rituel de l\u2019automne. Le nombre de personnes profitant de cette op\u00e9ration pour se lancer dans un sevrage tabagique est cependant nettement plus important, puisque 1,8 million tentatives d\u2019arr\u00eat du tabac ont \u00e9t\u00e9 d\u00e9nombr\u00e9es entre les \u00e9ditions de 2016 et de 2019<a href=\"#_ftn1\" name=\"_ftnref1\">[1]<\/a>.<\/p>\n<h2 style=\"text-align: justify;\"><strong>Une palette d\u2019outils \u00e0 disposition des fumeurs <\/strong><\/h2>\n<p style=\"text-align: justify;\"><em>\u00ab Vous n\u2019\u00e9tiez pas seul-e quand vous avez commenc\u00e9, vous ne serez pas seul-e pour arr\u00eater \u00bb<\/em>, d\u00e9clare Sant\u00e9 Publique France sur la page d\u00e9di\u00e9e au Mois sans tabac<a href=\"#_ftn2\" name=\"_ftnref2\">[2]<\/a>.<\/p>\n<p style=\"text-align: justify;\">Pour ne pas rester seul face au sevrage tabagique, il est fortement recommand\u00e9 d\u2019\u00eatre accompagn\u00e9 par un tabacologue ou un professionnel de sant\u00e9, ce qui augmente les chances de r\u00e9ussite d\u2019environ 70%. Plusieurs outils sont \u00e9galement mis \u00e0 disposition des fumeurs :<\/p>\n<ul style=\"text-align: justify;\">\n<li>Le <a href=\"https:\/\/mois-sans-tabac.tabac-info-service.fr\">site internet<\/a> Mois sans tabac, permettant de s\u2019inscrire, de participer \u00e0 l\u2019op\u00e9ration et de recevoir le kit d\u2019aide \u00e0 l\u2019arr\u00eat.<\/li>\n<li>Le <a href=\"https:\/\/www.tabac-info-service.fr\">site internet<\/a> tabac-info-service.fr, qui fournit de nombreuses informations (t\u00e9moignages, questions\/r\u00e9ponses\u2026) et des outils d\u2019accompagnement (mise en relation avec un tabacologue).<\/li>\n<li>Le <a href=\"https:\/\/www.tabac-info-service.fr\/je-me-fais-accompagner\/le-39-89\">39 89<\/a>, la ligne t\u00e9l\u00e9phonique gratuite de Tabac info service, permet de mettre en relation les fumeurs avec des professionnels de l&rsquo;arr\u00eat du tabac, afin d\u2019obtenir un suivi personnalis\u00e9.<\/li>\n<li><a href=\"https:\/\/www.tabac-info-service.fr\/je-me-fais-accompagner\/je-telecharge-l-application-pour-arreter-de-fumer\">L\u2019application<\/a> Tabac info service, qui propose un programme d&rsquo;e-coaching complet et personnalis\u00e9 pour optimiser les chances d\u2019arr\u00eat d\u00e9finitif du tabac (astuces, vid\u00e9os de soutien, suivi des b\u00e9n\u00e9fices de l&rsquo;arr\u00eat\u2026).<\/li>\n<li>Un kit d\u2019aide \u00e0 l\u2019arr\u00eat Mois sans tabac, disponible gratuitement d\u00e8s l\u2019inscription ou dans les 18 000 pharmacies partenaires. Ce kit comprend le programme de 40 jours, dont 10 jours de pr\u00e9paration et 30 jours de d\u00e9fi, ainsi qu\u2019une roue des \u00e9conomies et deux flyers d\u2019informations, qui pr\u00e9sentent les outils disponibles et expliquent comment avoir recours \u00e0 un professionnel de sant\u00e9.<\/li>\n<li>Les r\u00e9seaux sociaux, avec des pages d\u00e9di\u00e9es sur Facebook, Twitter et Instagram, o\u00f9 les fumeurs peuvent trouver du soutien, des conseils et des informations utiles pour aborder la phase de sevrage.<\/li>\n<\/ul>\n<p style=\"text-align: justify;\">Une campagne d\u2019information affich\u00e9e et t\u00e9l\u00e9vis\u00e9e vient compl\u00e9ter ce dispositif en interpellant les fumeurs et leur entourage.<\/p>\n<h2 style=\"text-align: justify;\"><strong>Des relais sur le terrain et au sein des lieux de travail <\/strong><\/h2>\n<p style=\"text-align: justify;\">Le Mois sans tabac est \u00e9galement une occasion de d\u00e9ployer de nombreuses actions locales, puisque 341 projets locaux port\u00e9s par les acteurs associatifs et m\u00e9dico-sociaux sont coupl\u00e9s cette ann\u00e9e \u00e0 l\u2019op\u00e9ration nationale.<\/p>\n<p style=\"text-align: justify;\">C\u2019est enfin une opportunit\u00e9 de choix pour sensibiliser \u00e0 la question du tabac sur les lieux de travail. En 2021, 5000 entreprises et services publics avaient particip\u00e9 au Mois sans tabac, en s\u2019inscrivant sur le site d\u00e9di\u00e9 afin de recevoir les supports propos\u00e9s (affiches, vid\u00e9os, d\u00e9pliants). Des informations sp\u00e9cifiques au milieu professionnel sont par ailleurs relay\u00e9es sur la plateforme <a href=\"https:\/\/www.employeurspourlasante.fr\">Les Employeurs pour la Sant\u00e9<\/a>, lanc\u00e9e par Sant\u00e9 Publique France en mai 2022. Des conseils qui ne s\u2019adressent pas qu\u2019aux grandes structures, mais concernent aussi les petites entreprises, comme l\u2019a montr\u00e9 une <a href=\"https:\/\/www.generationsanstabac.org\/actualites\/de-nouvelles-pistes-pour-la-prevention-du-tabagisme-dans-les-petites-entreprises\/\">\u00e9tude<\/a> qualitative r\u00e9cente.<\/p>\n<h2 style=\"text-align: justify;\"><strong>Les b\u00e9n\u00e9fices du marketing social <\/strong><\/h2>\n<p style=\"text-align: justify;\">D\u00e9clinaison fran\u00e7aise de l\u2019op\u00e9ration britannique Stoptober, le Mois sans tabac s\u2019est impos\u00e9 au fil des ann\u00e9es comme un rendez-vous incontournable pour tous les intervenants en tabacologie. Inspir\u00e9e par les techniques de <a href=\"https:\/\/www.generationsanstabac.org\/article\/mois-sans-tabac-utilisation-du-marketing-social-dans-la-lutte-antitabac\/\">marketing social<\/a>, qui visent \u00e0 cerner les besoins d\u2019un public sp\u00e9cifique et \u00e0 lui apporter le soutien n\u00e9cessaire en vue d\u2019obtenir un changement de comportement, cette op\u00e9ration fait l\u2019objet d\u2019\u00e9valuations r\u00e9guli\u00e8res et b\u00e9n\u00e9ficie d\u2019une forte visibilit\u00e9. En misant sur l\u2019effet d\u2019entra\u00eenement d\u2019une mobilisation collective, elle offre aux fumeurs des chances suppl\u00e9mentaires de s\u2019affranchir du tabagisme et nous rapproche chaque fois un peu plus de l\u2019objectif d\u2019une G\u00e9n\u00e9ration sans tabac (moins de 5 % de fumeurs quotidiens \u00e0 l\u2019horizon 2032 pour la tranche d\u2019\u00e2ge n\u00e9e en 2012). Parvenir \u00e0 cesser de fumer durant 30 jours augmente en effet par 5 les chances de r\u00e9ussir un sevrage tabagique complet.<\/p>\n<p style=\"text-align: justify;\"><strong>Mots-cl\u00e9s : Mois sans tabac, marketing social, Sant\u00e9 Publique France, Les Employeurs pour la Sant\u00e9.<\/strong><\/p>\n<p style=\"text-align: justify;\"><strong><a href=\"https:\/\/www.generationsanstabac.org\/\">\u00a9G\u00e9n\u00e9ration Sans Tabac<\/a><\/strong><\/p>\n<p style=\"text-align: right;\"><em><strong>MF<\/strong><\/em><\/p>\n<hr \/>\n<p style=\"text-align: justify;\"><a href=\"#_ftnref1\" name=\"_ftn1\">[1]<\/a> Guignard R, Gautier A, Andler R, Soullier N, Nguyen-Thanh V. <a href=\"http:\/\/beh.santepubliquefrance.fr\/beh\/2021\/16\/2021_16_1.html\"><em>Tentatives d\u2019arr\u00eat du tabac pendant l\u2019op\u00e9ration Mois sans tabac (2016-2019) : r\u00e9sultats des Barom\u00e8tres sant\u00e9 de Sant\u00e9 publique France<\/em><\/a>. Bull Epid\u00e9miol Hebd. 2021<\/p>\n<p style=\"text-align: justify;\"><a href=\"#_ftnref2\" name=\"_ftn2\">[2]<\/a> <a href=\"https:\/\/www.santepubliquefrance.fr\/presse\/2022\/7eme-edition-de-mois-sans-tabac-inscrivez-vous-des-maintenant-pour-relever-le-defi\"><em>7\u00e8me \u00e9dition de Mois sans tabac : Inscrivez-vous d\u00e8s maintenant pour relever le d\u00e9fi !<\/em><\/a>, Sant\u00e9 Publique France<em>, <\/em>publi\u00e9 le 6 octobre 2022, consult\u00e9 le 11 octobre 2022.<\/p>\n<p style=\"text-align: justify;\"><span style=\"color: #999999;\"><strong><a style=\"color: #999999;\" href=\"http:\/\/www.cnct.fr\/\" target=\"_blank\" rel=\"noopener noreferrer\">Comit\u00e9 national contre le tabagisme |<\/a><\/strong><\/span><\/p>\n","protected":false},"excerpt":{"rendered":"<p>Comme chaque ann\u00e9e depuis 2016, Sant\u00e9 Publique France et le Minist\u00e8re de la Sant\u00e9 et de la Pr\u00e9vention, en partenariat avec l\u2019Assurance-Maladie, proposent \u00e0 tous les fumeurs de s\u2019engager dans un mouvement collectif d\u2019arr\u00eat du tabac, sur une p\u00e9riode de 30 jours avec le soutien de l\u2019entourage fumeur comme non-fumeur.<\/p>\n","protected":false},"featured_media":11230,"template":"","tags":[],"thematique":[474],"class_list":["post-20828","actualites","type-actualites","status-publish","has-post-thumbnail","hentry","thematique-sante"],"acf":[],"_links":{"self":[{"href":"https:\/\/www.generationsanstabac.org\/fr\/wp-json\/wp\/v2\/actualites\/20828","targetHints":{"allow":["GET"]}}],"collection":[{"href":"https:\/\/www.generationsanstabac.org\/fr\/wp-json\/wp\/v2\/actualites"}],"about":[{"href":"https:\/\/www.generationsanstabac.org\/fr\/wp-json\/wp\/v2\/types\/actualites"}],"version-history":[{"count":0,"href":"https:\/\/www.generationsanstabac.org\/fr\/wp-json\/wp\/v2\/actualites\/20828\/revisions"}],"wp:featuredmedia":[{"embeddable":true,"href":"https:\/\/www.generationsanstabac.org\/fr\/wp-json\/wp\/v2\/media\/11230"}],"wp:attachment":[{"href":"https:\/\/www.generationsanstabac.org\/fr\/wp-json\/wp\/v2\/media?parent=20828"}],"wp:term":[{"taxonomy":"post_tag","embeddable":true,"href":"https:\/\/www.generationsanstabac.org\/fr\/wp-json\/wp\/v2\/tags?post=20828"},{"taxonomy":"thematique","embeddable":true,"href":"https:\/\/www.generationsanstabac.org\/fr\/wp-json\/wp\/v2\/thematique?post=20828"}],"curies":[{"name":"wp","href":"https:\/\/api.w.org\/{rel}","templated":true}]}}