{"id":20805,"date":"2022-09-13T09:55:23","date_gmt":"2022-09-13T07:55:23","guid":{"rendered":"https:\/\/www.generationsanstabac.org\/actualites\/129-organisations-europeennes-appellent-lespagne-a-ne-pas-devenir-un-etat-trafiquant-de-tabac\/"},"modified":"2022-09-13T09:55:23","modified_gmt":"2022-09-13T07:55:23","slug":"129-organisations-europeennes-appellent-lespagne-a-ne-pas-devenir-un-etat-trafiquant-de-tabac","status":"publish","type":"actualites","link":"https:\/\/www.generationsanstabac.org\/fr\/actualites\/129-organisations-europeennes-appellent-lespagne-a-ne-pas-devenir-un-etat-trafiquant-de-tabac\/","title":{"rendered":"129 organisations appellent l\u2019Espagne \u00e0 ne pas devenir un \u00ab Etat trafiquant de tabac \u00bb"},"content":{"rendered":"<p style=\"text-align: justify;\"><em><a href=\"https:\/\/www.generationsanstabac.org\/actualites\/ouverture-200-bureaux-de-tabac-frontiere-espagnole-prejudiciable-sante-espagnols-et-francais\/\">129 organisations de 42 pays europ\u00e9ens<\/a> ont envoy\u00e9 une lettre au Pr\u00e9sident de l\u2019Espagne dans l\u2019objectif de revenir sur la d\u00e9cision d\u2019implanter 203 nouveaux bureaux de tabac en Espagne, dont une partie sera concentr\u00e9e \u00e0 la fronti\u00e8re franco-espagnole. Les signataires d\u00e9noncent l\u2019objectif d\u2019une telle mesure de faire de l\u2019Espagne un \u00ab Etat trafiquant de tabac \u00bb, et d\u2019aller \u00e0 l\u2019encontre des engagements du pays, notamment en mati\u00e8re de sant\u00e9 publique. <\/em><\/p>\n<p style=\"text-align: justify;\">En juin 2022, le minist\u00e8re espagnol des Finances a indiqu\u00e9 que plus de 200 nouvelles licences de vente de tabac au d\u00e9tail s\u2019ajouteront aux 13 000 d\u00e9j\u00e0 existantes<a href=\"#_ftn1\" name=\"_ftnref1\">[1]<\/a>. Une partie d\u2019entre elles visent \u00e0 capter les consommateurs frontaliers fran\u00e7ais, puisque 30 nouveaux bureaux de tabac seront plac\u00e9s le long de la fronti\u00e8re franco-espagnole<a href=\"#_ftn2\" name=\"_ftnref2\">[2]<\/a>.<\/p>\n<h2 style=\"text-align: justify;\"><strong>Un niveau de concentration de d\u00e9bitants de tabac d\u00e9j\u00e0 trop \u00e9lev\u00e9e <\/strong><\/h2>\n<p style=\"text-align: justify;\">En Espagne, la concentration moyenne de buralistes est d\u2019environ 3,4 d\u00e9bits de tabac pour 10 000 habitants. Dans les zones frontali\u00e8res \u00e0 la France, cette concentration atteint 50 buralistes pour 10 000 habitants, soit plus de 14 fois sup\u00e9rieure \u00e0 la moyenne nationale. Comme le signalent les auteurs de la lettre, cette mesure conduirait \u00e0 la cr\u00e9ation de bureaux de tabac \u00e0 moins de 25 m\u00e8tres d\u2019autres d\u00e9bits ou m\u00eame d\u2019\u00e9coles, alors que la distance minimale impos\u00e9e en Espagne est de 150 m\u00e8tres.<\/p>\n<h2 style=\"text-align: justify;\"><strong>Capter les recettes fiscales et les consommateurs fran\u00e7ais<\/strong><\/h2>\n<p style=\"text-align: justify;\">L\u2019objectif recherch\u00e9 par cette mesure est d\u2019essayer de capter une partie de la consommation frontali\u00e8re fran\u00e7aise : en France, la plupart des paquets de cigarettes sont au-dessus de dix euros, contre moins de cinq en Espagne. Si la hausse des prix significative et r\u00e9guli\u00e8re du prix du tabac est le levier le plus efficace et le plus rentable pour r\u00e9duire la consommation de tabac, l\u2019annonce du minist\u00e8re des Finances devrait conduire \u00e0 favoriser le commerce transfrontalier de tabac, ainsi que la contrebande. Pour cette raison, les signataires de la lettre d\u00e9noncent la volont\u00e9 de l\u2019Espagne de devenir un \u00ab Etat trafiquant de tabac \u00bb. L\u2019implantation de nombreux nouveaux d\u00e9bits r\u00e9duirait ainsi une partie de l\u2019efficacit\u00e9 des mesures de sant\u00e9 publique men\u00e9es en France, en facilitant l\u2019acc\u00e8s \u00e0 des produits du tabac bon march\u00e9, tout en p\u00e9nalisant les recettes fiscales de la France. Cette d\u00e9cision appara\u00eet ainsi doublement d\u00e9loyale, puisqu\u2019elle permet \u00e0 l\u2019Espagne d\u2019encourager le tabagisme dans les r\u00e9gions frontali\u00e8res fran\u00e7aises, sans en supporter le co\u00fbt financier en mati\u00e8re de sant\u00e9 publique.<\/p>\n<h2 style=\"text-align: justify;\"><strong>Une d\u00e9cision contraire \u00e0 de nombreux engagements de l\u2019Espagne<\/strong><\/h2>\n<p style=\"text-align: justify;\">Comme le rappelle la lettre, ces 203 nouveaux d\u00e9bits de tabac auront \u00e9galement des cons\u00e9quences sanitaires pour les Espagnols, alors que le droit \u00e0 la protection de la sant\u00e9 des citoyens est reconnu par l\u2019article 43 de la constitution hispanique. Il est en effet d\u00e9montr\u00e9 que l\u2019augmentation du nombre de d\u00e9bits de tabac conduit \u00e0 favoriser et \u00e0 normaliser le tabagisme. Une telle d\u00e9cision est par ailleurs contraire aux engagements nationaux, europ\u00e9ens et internationaux pris par l\u2019Espagne, \u00e0 l\u2019instar de la Convention-cadre de l\u2019OMS pour la lutte antitabac (CCLAT), les Objectifs de D\u00e9veloppement Durable de l\u2019ONU (ODD), ou encore le Pacte international relatif aux droits \u00e9conomiques, sociaux et culturels.<\/p>\n<h2 style=\"text-align: justify;\"><strong>L\u2019imp\u00e9ratif fiscal de l&rsquo;Espagne conciliable aux int\u00e9r\u00eats de la sant\u00e9 publique<\/strong><\/h2>\n<p style=\"text-align: justify;\">Les 129 signataires de la lettre ouverte regrettent de constater que le gouvernement espagnol se soit \u00ab pli\u00e9 aux int\u00e9r\u00eats de l\u2019industrie du tabac \u00bb et invitent ce dernier \u00e0 revenir sur sa d\u00e9cision, ainsi qu\u2019\u00e0 engager une suppression progressive des points de vente de produits du tabac. Int\u00e9grant la n\u00e9cessit\u00e9 pour l\u2019Espagne de g\u00e9n\u00e9rer de nouvelles rentr\u00e9es fiscales, les auteurs de la lettre appellent \u00e9galement les pouvoirs publics espagnols \u00e0 mettre en place une forte politique fiscale sur l\u2019ensemble des produits du tabac et de la nicotine, dans un objectif d\u2019harmonisation avec la France. Enfin, les diff\u00e9rentes organisations europ\u00e9ennes recommandent au gouvernement espagnol de lancer le Plan global de lutte contre le tabagisme (2021-2025), dans l\u2019optique d\u2019une prochaine g\u00e9n\u00e9ration sans tabac.<\/p>\n<p><strong>Mots-cl\u00e9s : Espagne, Buralistes<br \/>\n<\/strong><\/p>\n<p><strong><a href=\"https:\/\/www.generationsanstabac.org\/\">\u00a9G\u00e9n\u00e9ration Sans Tabac<\/a><\/strong><\/p>\n<p style=\"text-align: right;\"><b><i>FT<\/i><\/b><\/p>\n<hr \/>\n<p style=\"text-align: justify;\"><a href=\"#_ftnref1\" name=\"_ftn1\">[1]<\/a> Comit\u00e9 national contre le tabagisme (CNCT), <a href=\"https:\/\/cnct.fr\/actualites\/le-cnct-et-127-organisations-internationales-denoncent-louverture-de-200-debits-de-tabac-en-espagne\/\">Le CNCT et 127 organisations internationales d\u00e9noncent l\u2019ouverture de 200 d\u00e9bits de tabac en Espagne<\/a>, 08\/09\/2022, (consult\u00e9 le 12\/09\/2022)<\/p>\n<p style=\"text-align: justify;\"><a href=\"#_ftnref2\" name=\"_ftn2\">[2]<\/a> Tobacco Control,<a href=\"https:\/\/blogs.bmj.com\/tc\/2022\/09\/09\/129-organizations-send-letter-to-spanish-president-denouncing-spains-intention-to-become-a-tobacco-dealer-state-along-french-border\/\">129 organizations send letter to Spanish President denouncing Spain\u2019s intention to become a \u201ctobacco dealer state\u201d along French Border<\/a>, 09\/11\/2022, (consult\u00e9 le 12\/09\/2022)<\/p>\n<p><span style=\"color: #999999;\"><strong><a style=\"color: #999999;\" href=\"http:\/\/www.cnct.fr\/\" target=\"_blank\" rel=\"noopener noreferrer\">Comit\u00e9 national contre le tabagisme |<\/a><\/strong><\/span><\/p>\n","protected":false},"excerpt":{"rendered":"<p>129 organisations de 42 pays europ\u00e9ens ont envoy\u00e9 une lettre au Pr\u00e9sident de l\u2019Espagne dans l\u2019objectif de revenir sur la d\u00e9cision d\u2019implanter 203 nouveaux bureaux de tabac en Espagne, dont une partie sera concentr\u00e9e \u00e0 la fronti\u00e8re franco-espagnole. Les signataires d\u00e9noncent l\u2019objectif d\u2019une telle mesure de faire de l\u2019Espagne un \u00ab Etat trafiquant de tabac \u00bb, et d\u2019aller \u00e0 l\u2019encontre des engagements du pays, notamment en mati\u00e8re de sant\u00e9 publique.<\/p>\n","protected":false},"featured_media":19980,"template":"","tags":[],"thematique":[491],"class_list":["post-20805","actualites","type-actualites","status-publish","has-post-thumbnail","hentry","thematique-politiques-publiques"],"acf":[],"_links":{"self":[{"href":"https:\/\/www.generationsanstabac.org\/fr\/wp-json\/wp\/v2\/actualites\/20805","targetHints":{"allow":["GET"]}}],"collection":[{"href":"https:\/\/www.generationsanstabac.org\/fr\/wp-json\/wp\/v2\/actualites"}],"about":[{"href":"https:\/\/www.generationsanstabac.org\/fr\/wp-json\/wp\/v2\/types\/actualites"}],"version-history":[{"count":0,"href":"https:\/\/www.generationsanstabac.org\/fr\/wp-json\/wp\/v2\/actualites\/20805\/revisions"}],"wp:featuredmedia":[{"embeddable":true,"href":"https:\/\/www.generationsanstabac.org\/fr\/wp-json\/wp\/v2\/media\/19980"}],"wp:attachment":[{"href":"https:\/\/www.generationsanstabac.org\/fr\/wp-json\/wp\/v2\/media?parent=20805"}],"wp:term":[{"taxonomy":"post_tag","embeddable":true,"href":"https:\/\/www.generationsanstabac.org\/fr\/wp-json\/wp\/v2\/tags?post=20805"},{"taxonomy":"thematique","embeddable":true,"href":"https:\/\/www.generationsanstabac.org\/fr\/wp-json\/wp\/v2\/thematique?post=20805"}],"curies":[{"name":"wp","href":"https:\/\/api.w.org\/{rel}","templated":true}]}}