{"id":20802,"date":"2022-09-12T12:18:35","date_gmt":"2022-09-12T10:18:35","guid":{"rendered":"https:\/\/www.generationsanstabac.org\/actualites\/les-ecologistes-fumeurs-confrontes-a-leurs-contradictions\/"},"modified":"2022-09-12T12:18:35","modified_gmt":"2022-09-12T10:18:35","slug":"les-ecologistes-fumeurs-confrontes-a-leurs-contradictions","status":"publish","type":"actualites","link":"https:\/\/www.generationsanstabac.org\/fr\/actualites\/les-ecologistes-fumeurs-confrontes-a-leurs-contradictions\/","title":{"rendered":"Les \u00e9cologistes fumeurs confront\u00e9s \u00e0 leurs contradictions"},"content":{"rendered":"<p style=\"text-align: justify;\"><em>Faisant \u00e9cho \u00e0 un livre publi\u00e9 par Olivier Milleron, le site Reporterre questionne les militants \u00e9cologistes fumeurs sur leur rapport \u00e0 une industrie du tabac terriblement n\u00e9faste \u00e0 l\u2019environnement. <\/em><\/p>\n<p style=\"text-align: justify;\">Les actions des militants \u00e9cologistes visent souvent des entreprises multinationales, mais portent tr\u00e8s rarement sur celles de l\u2019industrie du tabac. <em>\u00ab Pourquoi les mouvements \u00e9colos ne s\u2019emparent-ils pas davantage de cette probl\u00e9matique ? \u00bb<\/em> s\u2019interroge dans un article le site d\u2019information Reporterre \u00e0 propos de l\u2019industrie du tabac, en se tournant vers des militants \u00e9cologistes fumeurs<a href=\"#_ftn1\" name=\"_ftnref1\">[1]<\/a>.<\/p>\n<h2 style=\"text-align: justify;\"><strong>Le poids environnemental du march\u00e9 du tabac <\/strong><\/h2>\n<p style=\"text-align: justify;\">Les <a href=\"https:\/\/www.generationsanstabac.org\/article\/lindustrie-du-tabac-et-environnement\/\">cons\u00e9quences environnementales<\/a> de l\u2019industrie du tabac sont pourtant largement document\u00e9es. D\u00e9forestation massive, \u00e9puisement des ressources en eau, usages importants de pesticides pour l\u2019agriculture et d\u2019hydrocarbures pour le transport des marchandises, utilisation de papier et de plastiques pour la confection des cigarettes et de leurs paquets, rejets de polluants chimiques, d\u00e9chets consid\u00e9rables par les m\u00e9gots et les emballages, la liste des atteintes environnementales est longue. Ces cons\u00e9quences viennent s\u2019ajouter aux co\u00fbts sanitaires et \u00e0 leurs propres incidences. L\u2019Organisation Mondiale de la Sant\u00e9 (OMS) a d\u2019ailleurs plac\u00e9 cette ann\u00e9e la <a href=\"https:\/\/www.generationsanstabac.org\/article\/journee-mondiale-sans-tabac-consequences-environnement-tabac\/\">Journ\u00e9e mondiale sans tabac<\/a> sous le signe de l\u2019environnement, afin de sensibiliser davantage \u00e0 cet aspect trop m\u00e9connu du march\u00e9 du tabac.<\/p>\n<p style=\"text-align: justify;\">Ces nombreux impacts environnementaux n\u2019emp\u00eachent cependant pas nombre de militants \u00e9cologistes de fumer, alors qu\u2019ils ont pour une grande partie d\u2019entre eux d\u00e9j\u00e0 modifi\u00e9 leur mode de vie sur d\u2019autres plans : abandon de la viande et des moyens de transports carbon\u00e9s, alimentation biologique, mode de vie plus sobre et respectueux des ressources\u2026 <em>\u00ab Pour le tabac, c\u2019est plus compliqu\u00e9 : \u00e7a n\u2019est pas une pratique comme les autres, c\u2019est une addiction \u00bb,<\/em> d\u00e9clare une des militantes \u00e9cologistes interrog\u00e9es. L\u2019argument de l\u2019addiction \u00e0 la nicotine p\u00e8se d\u2019autant plus dans le cas des cigarettes \u00e9lectroniques, dont le co\u00fbt environnemental est particuli\u00e8rement \u00e9lev\u00e9 du fait de l\u2019utilisation de batteries, plastiques, m\u00e9taux et produits chimiques, et de leur consommation d\u2019\u00e9lectricit\u00e9.<\/p>\n<h2 style=\"text-align: justify;\"><strong>L\u2019argumentaire politique pour pallier celui des motifs de sant\u00e9 <\/strong><\/h2>\n<p style=\"text-align: justify;\"><em>\u00ab Il est plus strat\u00e9gique pour nous de nous attaquer \u00e0 Total qu\u2019\u00e0 l\u2019industrie du tabac \u00bb,<\/em> confesse un autre militant. C\u2019est justement pour mettre en question cette strat\u00e9gie que le cardiologue Olivier Milleron vient de publier un ouvrage qui interpelle les militants de gauche sur leur tabagisme<a href=\"#_ftn2\" name=\"_ftnref2\">[2]<\/a>. Constatant que ses amis fumeurs sont peu sensibles aux arguments de sant\u00e9, Milleron a pr\u00e9f\u00e9r\u00e9 jouer sur les arguments politiques. Il rappelle ainsi l\u2019historique du commerce du tabac, \u00e0 l\u2019origine li\u00e9 \u00e0 la colonisation et \u00e0 l\u2019esclavage. Il pointe \u00e9galement la \u00ab strat\u00e9gie du doute \u00bb, mise au point d\u00e8s les ann\u00e9es 1950 par les cigarettiers et reprise depuis par l\u2019industrie p\u00e9troli\u00e8re et celle de l\u2019agro-chimie, et en souligne les nombreuses cons\u00e9quences environnementales.<\/p>\n<p style=\"text-align: justify;\">Le questionnement de leur pratique addictive n\u2019\u00e9pargne pourtant pas les militants \u00e9cologistes fumeurs, qui se sentent parfois tiraill\u00e9s entre leurs convictions et leurs comportements de sant\u00e9. <em>\u00ab Au bout d\u2019un moment, j\u2019ai commenc\u00e9 \u00e0 me sentir mal avec le fait de fumer : d\u2019un c\u00f4t\u00e9, je m\u2019interdisais plein de choses, et, de l\u2019autre, je continuais \u00e0 acheter des clopes alors que cela finance les pires capitalistes du monde \u00bb<\/em>, confie ainsi une autre militante. La prise de conscience \u00e9tant l\u2019une des premi\u00e8res \u00e9tapes de l\u2019abandon du tabac par les fumeurs, il reste \u00e0 esp\u00e9rer que cet argumentaire puisse largement porter ses fruits. La simple application du <a href=\"https:\/\/www.generationsanstabac.org\/actualites\/tribune-michele-rivasi-filtres-ecocide\/\">principe pollueur-payeur<\/a> serait quant \u00e0 elle une premi\u00e8re r\u00e9ponse efficace aux atteintes environnementales caus\u00e9es par l\u2019industrie du tabac.<a href=\"#_ftnref1\" name=\"_ftn1\"><\/a><\/p>\n<p style=\"text-align: justify;\"><strong>Mots-cl\u00e9s : Environnement, \u00e9cologistes, Milleron, fumeurs, tabac<\/strong><\/p>\n<p><strong><a href=\"https:\/\/www.generationsanstabac.org\/\">\u00a9G\u00e9n\u00e9ration Sans Tabac<\/a><\/strong><\/p>\n<p style=\"text-align: right;\"><b><i>MF<\/i><\/b><\/p>\n<hr \/>\n<p style=\"text-align: justify;\"><a href=\"#_ftnref1\" name=\"_ftn1\">[1]<\/a> Quentel A, <a href=\"https:\/\/reporterre.net\/Le-tabac-pollue-ecolos-et-fumeurs-ils-temoignent\"><em>Le tabac pollue : \u00e9colos et fumeurs, ils t\u00e9moignent<\/em><\/a>, Reporterre, publi\u00e9 le 7 septembre 2022, consult\u00e9 le 9 septembre 2022.<\/p>\n<p style=\"text-align: justify;\"><a href=\"#_ftnref2\" name=\"_ftn2\">[2]<\/a> Milleron O, <em>Pourquoi fumer, c\u2019est de droite<\/em>, Paris, Textuel, 2022.<\/p>\n<p><span style=\"color: #999999;\"><strong><a style=\"color: #999999;\" href=\"http:\/\/www.cnct.fr\/\" target=\"_blank\" rel=\"noopener noreferrer\">Comit\u00e9 national contre le tabagisme |<\/a><\/strong><\/span><\/p>\n","protected":false},"excerpt":{"rendered":"<p>Faisant \u00e9cho \u00e0 un livre publi\u00e9 par Olivier Milleron, le site Reporterre questionne les militants \u00e9cologistes fumeurs sur leur rapport \u00e0 une industrie du tabac terriblement n\u00e9faste \u00e0 l\u2019environnement.<\/p>\n","protected":false},"featured_media":11187,"template":"","tags":[],"thematique":[480],"class_list":["post-20802","actualites","type-actualites","status-publish","has-post-thumbnail","hentry","thematique-environnement"],"acf":[],"_links":{"self":[{"href":"https:\/\/www.generationsanstabac.org\/fr\/wp-json\/wp\/v2\/actualites\/20802","targetHints":{"allow":["GET"]}}],"collection":[{"href":"https:\/\/www.generationsanstabac.org\/fr\/wp-json\/wp\/v2\/actualites"}],"about":[{"href":"https:\/\/www.generationsanstabac.org\/fr\/wp-json\/wp\/v2\/types\/actualites"}],"version-history":[{"count":0,"href":"https:\/\/www.generationsanstabac.org\/fr\/wp-json\/wp\/v2\/actualites\/20802\/revisions"}],"wp:featuredmedia":[{"embeddable":true,"href":"https:\/\/www.generationsanstabac.org\/fr\/wp-json\/wp\/v2\/media\/11187"}],"wp:attachment":[{"href":"https:\/\/www.generationsanstabac.org\/fr\/wp-json\/wp\/v2\/media?parent=20802"}],"wp:term":[{"taxonomy":"post_tag","embeddable":true,"href":"https:\/\/www.generationsanstabac.org\/fr\/wp-json\/wp\/v2\/tags?post=20802"},{"taxonomy":"thematique","embeddable":true,"href":"https:\/\/www.generationsanstabac.org\/fr\/wp-json\/wp\/v2\/thematique?post=20802"}],"curies":[{"name":"wp","href":"https:\/\/api.w.org\/{rel}","templated":true}]}}