{"id":20785,"date":"2022-08-29T12:00:27","date_gmt":"2022-08-29T10:00:27","guid":{"rendered":"https:\/\/www.generationsanstabac.org\/actualites\/afrique-une-coalition-de-lutte-contre-le-tabac-exhorte-les-gouvernements-a-renforcer-leurs-politiques-dans-ce-domaine\/"},"modified":"2022-08-29T12:00:27","modified_gmt":"2022-08-29T10:00:27","slug":"afrique-une-coalition-de-lutte-contre-le-tabac-exhorte-les-gouvernements-a-renforcer-leurs-politiques-dans-ce-domaine","status":"publish","type":"actualites","link":"https:\/\/www.generationsanstabac.org\/fr\/actualites\/afrique-une-coalition-de-lutte-contre-le-tabac-exhorte-les-gouvernements-a-renforcer-leurs-politiques-dans-ce-domaine\/","title":{"rendered":"Afrique : une coalition de lutte contre le tabac exhorte les gouvernements \u00e0 renforcer leurs politiques dans ce domaine"},"content":{"rendered":"<p style=\"text-align: justify;\"><em>\u00c0 l\u2019occasion de la 72e session du Comit\u00e9 r\u00e9gional de l\u2019Organisation mondiale de la sant\u00e9 (OMS) pour l\u2019Afrique qui s\u2019est tenue \u00e0 Lom\u00e9 (Togo), l\u2019Alliance pour le Contr\u00f4le du Tabac en Afrique (ACTA) a appel\u00e9 les gouvernements \u00e0 faire plus d\u2019efforts pour prot\u00e9ger les g\u00e9n\u00e9rations pr\u00e9sentes et futures et garantir une Afrique saine et sans tabac<\/em>.<\/p>\n<p style=\"text-align: justify;\">Le Comit\u00e9 r\u00e9gional de l&rsquo;OMS pour l&rsquo;Afrique est l&rsquo;organe d\u00e9cisionnel de l&rsquo;Organisation en ce qui concerne les politiques de sant\u00e9 dans la R\u00e9gion africaine. Il est compos\u00e9 des ministres de la sant\u00e9 ou de repr\u00e9sentants de chacun des 47 \u00c9tats Membres de la R\u00e9gion.<\/p>\n<h2 style=\"text-align: justify;\"><strong>Acc\u00e9l\u00e9rer la mise en \u0153uvre de la Convention-Cadre de l\u2019OMS<\/strong><\/h2>\n<p style=\"text-align: justify;\">Si l\u2019Afrique est sur la bonne voie pour atteindre une r\u00e9duction relative de 30 % de la pr\u00e9valence du tabagisme entre 2018 et 2025 chez les personnes \u00e2g\u00e9es de 15 ans et plus, l\u2019industrie du tabac demeure le principal obstacle dans la mise en place de politiques de lutte antitabac. Le continent africain enregistre une augmentation consid\u00e9rable du tabagisme chez les jeunes et les donn\u00e9es r\u00e9centes montrent que le taux de pr\u00e9valence chez les filles atteint le m\u00eame niveau que celui des gar\u00e7ons. La forte croissance d\u00e9mographique des pays africains se traduit par une proportion importante de jeunes dans la population. Ceci en fait un terrain de pr\u00e9dilection pour le marketing de l\u2019industrie du tabac.<\/p>\n<p style=\"text-align: justify;\">Pour L\u00e9once Dieudonn\u00e9 Sessou, Secr\u00e9taire Ex\u00e9cutif d\u2019ATCA, \u00ab <em>Les jeunes sont une proie pour les multinationales du tabac malgr\u00e9 les efforts des gouvernements africains pour prot\u00e9ger les populations. L&rsquo;industrie influence de plus en plus les responsables, en utilisant la RSE (responsabilit\u00e9 sociale des entreprises) et la publicit\u00e9, la promotion et le parrainage des produits du tabac, qu&rsquo;ils soient conventionnels ou nouveaux, sapant ainsi la mise en \u0153uvre des politiques de lutte antitabac<\/em> \u00bb. Il appelle les gouvernements africains \u00e0 acc\u00e9l\u00e9rer la mise en place de la Convention-Cadre de l\u2019OMS et notamment \u00e0 lutter contre l\u2019ing\u00e9rence de l\u2019industrie dans les politiques de sant\u00e9 publique. L\u2019enjeu est de prot\u00e9ger les populations et r\u00e9duire consid\u00e9rablement la pr\u00e9valence tabagique pour parvenir \u00e0 une Afrique sans tabac<a href=\"#_ftn1\" name=\"_ftnref1\">[1]<\/a>.<\/p>\n<h2 style=\"text-align: justify;\"><strong>Des efforts continus de nombreux pays africains dans les politiques antitabac <\/strong><\/h2>\n<p style=\"text-align: justify;\">Selon le <a href=\"https:\/\/www.afro.who.int\/sites\/default\/files\/2022-07\/AFR-RC72-INF-DOC-4%20Progress%20%20report%20%20on%20%20the%20%20Global%20%20strategy%20%20to%20%20accelerate%20%20tobacco%20%20control%20%2020192025%20-%20implementation%20in%20the%20African%20Regio.pdf\">rapport d\u2019activit\u00e9<\/a> de l\u2019OMS sur la strat\u00e9gie mondiale visant \u00e0 renforcer la lutte antitabac,- Faire progresser le d\u00e9veloppement durable par la mise en \u0153uvre de la CCLAT de l\u2019OMS 2019-2025 &#8211;  de nombreux pays africains ont \u00e9labor\u00e9 et mis en \u0153uvre des plans strat\u00e9giques multisectoriels de lutte antitabac align\u00e9s sur les meilleures pratiques de la CCLAT. 36 (77 %) des \u00c9tats africains ont adopt\u00e9 des lois et des r\u00e8glements relatifs \u00e0 la lutte antitabac, 22 (47 %) des \u00c9tats du continent ont am\u00e9lior\u00e9 les mesures fiscales et tarifaires, 15 (32 %) d\u2019entre eux mettent en \u0153uvre des avertissements sanitaires graphiques de grande taille.<\/p>\n<p style=\"text-align: justify;\">L\u2019OMS continue de <a href=\"https:\/\/www.generationsanstabac.org\/actualites\/afrique-plusieurs-pays-renforcent-leurs-lois-anti-tabac\/\">collaborer<\/a> \u00e9troitement avec les gouvernements africains pour renforcer les lois anti-tabac. Le 2 ao\u00fbt 2022, le minist\u00e8re de la Sant\u00e9 gabonais a organis\u00e9, en collaboration avec l\u2019OMS, un atelier de renforcement des capacit\u00e9s juridiques. Cet atelier concernait la pr\u00e9vention de l\u2019interf\u00e9rence de l\u2019industrie du tabac dans le pays et l\u2019importance de l\u2019action multisectorielle, dans le contexte de la CCLAT, pour renforcer la lutte contre le tabagisme au sein du pays.<\/p>\n<p style=\"text-align: justify;\">D\u00e9but ao\u00fbt, Les l\u00e9gislateurs de la Sierra Leone ont adopt\u00e9 \u00e0 l\u2019unanimit\u00e9 une loi visant \u00e0 prot\u00e9ger la population contre les effets nocifs du tabac et des produits \u00e0 base de nicotine. Le pays a ratifi\u00e9 le trait\u00e9 de l\u2019OMS en 2009 et cette loi permet de transposer les dispositions dans le droit de la Sierra Leone. En C\u00f4te d\u2019Ivoire, L\u2019OMS, en collaboration avec des organisations nationales, a form\u00e9 des journalistes sur les mesures du trait\u00e9 de la CCLAT et de textes associ\u00e9s, mais aussi sur la l\u00e9gislation et la r\u00e9glementation en mati\u00e8re de lutte anti-tabac dans le pays et les pratiques d\u2019ing\u00e9rence de l\u2019industrie du tabac pour bloquer les politiques de sant\u00e9 publique dans ce domaine.<\/p>\n<h2 style=\"text-align: justify;\"><strong>L\u2019industrie du tabac, un obstacle de taille en Afrique<\/strong><\/h2>\n<p style=\"text-align: justify;\">Bien que 44 des 47 pays de la r\u00e9gion africaine aient ratifi\u00e9 le trait\u00e9 de l\u2019OMS, aucun n&rsquo;a pleinement mis en \u0153uvre l\u2019ensemble des dispositions du texte. Cette situation r\u00e9sulte notamment du lobby d\u00e9ploy\u00e9 par l\u2019industrie du tabac. Les multinationales du tabac se d\u00e9veloppent depuis ces derni\u00e8res d\u00e9cennies en Afrique et exploitent le climat sociopolitique du continent. Elles mettent \u00e0 profit les tensions politiques, les in\u00e9galit\u00e9s sociales et la faiblesse fr\u00e9quente des cadres l\u00e9gislatifs pour influencer les politiques du continent en leur faveur.<\/p>\n<p style=\"text-align: justify;\">\u00c0 titre d\u2019exemple, des recherches approfondies publi\u00e9es en 2021 par l\u2019ONG Stopping Tobacco Organizations and Products (STOP) ont permis de r\u00e9v\u00e9ler de nombreux cas o\u00f9 British American Tobacco s\u2019est efforc\u00e9 de contrer les mesures de lutte antitabac. Le fabricant aurait distribu\u00e9 plus de 500 000 euros dans dix pays en Afrique sur cinq ans dans l\u2019objectif d\u2019influencer les r\u00e9glementations en mati\u00e8re de sant\u00e9 publique<a href=\"#_ftn2\" name=\"_ftnref2\">[2]<\/a>.<\/p>\n<p style=\"text-align: justify;\"><strong>Mots-cl\u00e9s : ATCA, Afrique, OMS, CCLAT, lutte antitabac<\/strong><\/p>\n<p>Cr\u00e9dit photo : <a href=\"https:\/\/atca-africa.org\/fr\/72eme-session-du-comite-regional-de-loms-pour-lafrique-au-togo\/\">ATCA<\/a><\/p>\n<p style=\"text-align: justify;\"><strong><a href=\"https:\/\/www.generationsanstabac.org\/\">\u00a9G\u00e9n\u00e9ration Sans Tabac<\/a><\/strong><\/p>\n<p style=\"text-align: right;\"><b><i>AE<\/i><\/b><\/p>\n<hr \/>\n<p style=\"text-align: justify;\"><a href=\"#_ftnref1\" name=\"_ftn1\">[1]<\/a> ATCA, <a href=\"https:\/\/atca-africa.org\/fr\/72eme-session-du-comite-regional-de-loms-pour-lafrique-au-togo\/\">72\u00e8me session du Comit\u00e9 r\u00e9gional de l\u2019OMS pour l\u2019Afrique au Togo<\/a>, publi\u00e9 le 24 ao\u00fbt 2022, consult\u00e9 le 26 ao\u00fbt 2022<\/p>\n<p style=\"text-align: justify;\"><a href=\"#_ftnref2\" name=\"_ftn2\">[2]<\/a> G\u00e9n\u00e9ration sans tabac, <a href=\"https:\/\/www.generationsanstabac.org\/actualites\/british-american-tobacco-accuse-de-corruption-et-despionnage-en-afrique\/\">British American Tobacco accus\u00e9 de corruption et d\u2019espionnage en Afrique<\/a>, publi\u00e9 le 21 septembre 2021, consult\u00e9 le 26 ao\u00fbt 2022<\/p>\n<p><span style=\"color: #999999;\"><strong><a style=\"color: #999999;\" href=\"http:\/\/www.cnct.fr\/\" target=\"_blank\" rel=\"noopener noreferrer\">Comit\u00e9 national contre le tabagisme |<\/a><\/strong><\/span><\/p>\n","protected":false},"excerpt":{"rendered":"<p>\u00c0 l\u2019occasion de la 72e session du Comit\u00e9 r\u00e9gional de l\u2019Organisation mondiale de la sant\u00e9 (OMS) pour l\u2019Afrique qui s\u2019est tenue \u00e0 Lom\u00e9 (Togo), l\u2019Alliance pour le Contr\u00f4le du Tabac en Afrique (ACTA) a appel\u00e9 les gouvernements \u00e0 faire plus d\u2019efforts pour prot\u00e9ger les g\u00e9n\u00e9rations pr\u00e9sentes et futures et garantir une Afrique saine et sans [&hellip;]<\/p>\n","protected":false},"featured_media":11162,"template":"","tags":[],"thematique":[499,491],"class_list":["post-20785","actualites","type-actualites","status-publish","has-post-thumbnail","hentry","thematique-lobby","thematique-politiques-publiques"],"acf":[],"_links":{"self":[{"href":"https:\/\/www.generationsanstabac.org\/fr\/wp-json\/wp\/v2\/actualites\/20785","targetHints":{"allow":["GET"]}}],"collection":[{"href":"https:\/\/www.generationsanstabac.org\/fr\/wp-json\/wp\/v2\/actualites"}],"about":[{"href":"https:\/\/www.generationsanstabac.org\/fr\/wp-json\/wp\/v2\/types\/actualites"}],"version-history":[{"count":0,"href":"https:\/\/www.generationsanstabac.org\/fr\/wp-json\/wp\/v2\/actualites\/20785\/revisions"}],"wp:featuredmedia":[{"embeddable":true,"href":"https:\/\/www.generationsanstabac.org\/fr\/wp-json\/wp\/v2\/media\/11162"}],"wp:attachment":[{"href":"https:\/\/www.generationsanstabac.org\/fr\/wp-json\/wp\/v2\/media?parent=20785"}],"wp:term":[{"taxonomy":"post_tag","embeddable":true,"href":"https:\/\/www.generationsanstabac.org\/fr\/wp-json\/wp\/v2\/tags?post=20785"},{"taxonomy":"thematique","embeddable":true,"href":"https:\/\/www.generationsanstabac.org\/fr\/wp-json\/wp\/v2\/thematique?post=20785"}],"curies":[{"name":"wp","href":"https:\/\/api.w.org\/{rel}","templated":true}]}}